{"id":318390,"date":"2025-08-04T13:18:09","date_gmt":"2025-08-04T13:18:09","guid":{"rendered":"https:\/\/www.europesays.com\/de\/318390\/"},"modified":"2025-08-04T13:18:09","modified_gmt":"2025-08-04T13:18:09","slug":"ausstellungen-villa-roemer-und-koloniemuseum-in-leverkusen","status":"publish","type":"post","link":"https:\/\/www.europesays.com\/de\/318390\/","title":{"rendered":"Ausstellungen Villa R\u00f6mer und Koloniemuseum in Leverkusen"},"content":{"rendered":"<p class=\"text_ohne_einzug richtext text-em-55 !leading-serif mx-6 desktop:mx-0\">  80 Jahre nach Ende des Zweiten Weltkriegs wirft die Stadtgeschichtliche Vereinigung mit ihrer aktuellen Sonderausstellung einen Blick zur\u00fcck auf das, was die heutigen Senioren damals als Kinder und Jugendliche direkt nach dem Krieg vorfanden und erlebt haben. Nur noch an wenigen \u00d6ffnungstagen ist die Ausstellung mit \u00f6rtlichem Bezug auf <a href=\"https:\/\/rp-online.de\/thema\/leverkusen\/\" target=\"_blank\" rel=\"noopener\">Leverkusen<\/a> und seine Stadtteile in der Villa R\u00f6mer zu sehen, und zwar bis Sonntag, 24. August 2025 von 11 bis 16 Uhr.<\/p>\n<p class=\"richtext text-em-55 !leading-serif mx-6 desktop:mx-0\">Neben eindrucksvollen Bildern und Texten sowie erg\u00e4nzenden Exponaten in der Villa R\u00f6mer besteht im Begleitprogramm auch die M\u00f6glichkeit, ein speziell eingerichtetes Zimmer im Kolonie-Museum zu besichtigen und der Situation dieses Zeitraums nachzusp\u00fcren.  Die ehrenamtlichen  Mitarbeiter vom Freundes- und F\u00f6rderkreis des Kolonie-Museums Leverkusen  f\u00fchren durch den Raum, und zwar an jedem Donnerstagnachmittag von 16 bis 18 Uhr. Dar\u00fcber hinaus ist das Kolonie-Museum in der Nobelstra\u00dfe in Leverkusen-Wiesdorf wie immer samstags und sonntags von 15 bis 18 Uhr ge\u00f6ffnet. Der Eintritt ist frei. Die Stadtgeschichtliche Vereinigung dankt f\u00fcr diese hilfreiche Kooperation und allen Beteiligten f\u00fcr das inzwischen vielfache \u00dcberlassen von Leihgaben und Fotos.<\/p>\n<p class=\"richtext text-em-55 !leading-serif mx-6 desktop:mx-0\">Ausstellungszeit in der Villa R\u00f6mer, dem Haus der Stadtgeschichte: bis 24. August, jeweils samstags zwischen 15 und 18 Uhr sowie sonn- und feiertags zwischen 11 und 16 Uhr (Eintritt f\u00fcr Erwachsene: vier Euro).<\/p>\n","protected":false},"excerpt":{"rendered":"80 Jahre nach Ende des Zweiten Weltkriegs wirft die Stadtgeschichtliche Vereinigung mit ihrer aktuellen Sonderausstellung einen Blick zur\u00fcck&hellip;\n","protected":false},"author":2,"featured_media":318391,"comment_status":"","ping_status":"","sticky":false,"template":"","format":"standard","meta":{"footnotes":""},"categories":[1828],"tags":[2076,29,30,1420,40546,40544,4046,2375,2264,4842,1209,29230,11813,90878,9717,29632,2130,17976],"class_list":{"0":"post-318390","1":"post","2":"type-post","3":"status-publish","4":"format-standard","5":"has-post-thumbnail","7":"category-koeln","8":"tag-ausstellung","9":"tag-deutschland","10":"tag-germany","11":"tag-koeln","12":"tag-kolonie","13":"tag-koloniemuseum","14":"tag-krieg","15":"tag-leverkusen","16":"tag-museum","17":"tag-nachkriegszeit","18":"tag-nordrhein-westfalen","19":"tag-roemer","20":"tag-sonderausstellung","21":"tag-stadtgeschichtliche","22":"tag-uhr","23":"tag-vereinigung","24":"tag-villa","25":"tag-zeitreise"},"share_on_mastodon":{"url":"https:\/\/pubeurope.com\/@de\/114970696395575274","error":""},"_links":{"self":[{"href":"https:\/\/www.europesays.com\/de\/wp-json\/wp\/v2\/posts\/318390","targetHints":{"allow":["GET"]}}],"collection":[{"href":"https:\/\/www.europesays.com\/de\/wp-json\/wp\/v2\/posts"}],"about":[{"href":"https:\/\/www.europesays.com\/de\/wp-json\/wp\/v2\/types\/post"}],"author":[{"embeddable":true,"href":"https:\/\/www.europesays.com\/de\/wp-json\/wp\/v2\/users\/2"}],"replies":[{"embeddable":true,"href":"https:\/\/www.europesays.com\/de\/wp-json\/wp\/v2\/comments?post=318390"}],"version-history":[{"count":0,"href":"https:\/\/www.europesays.com\/de\/wp-json\/wp\/v2\/posts\/318390\/revisions"}],"wp:featuredmedia":[{"embeddable":true,"href":"https:\/\/www.europesays.com\/de\/wp-json\/wp\/v2\/media\/318391"}],"wp:attachment":[{"href":"https:\/\/www.europesays.com\/de\/wp-json\/wp\/v2\/media?parent=318390"}],"wp:term":[{"taxonomy":"category","embeddable":true,"href":"https:\/\/www.europesays.com\/de\/wp-json\/wp\/v2\/categories?post=318390"},{"taxonomy":"post_tag","embeddable":true,"href":"https:\/\/www.europesays.com\/de\/wp-json\/wp\/v2\/tags?post=318390"}],"curies":[{"name":"wp","href":"https:\/\/api.w.org\/{rel}","templated":true}]}}