{"id":318442,"date":"2025-08-04T13:46:11","date_gmt":"2025-08-04T13:46:11","guid":{"rendered":"https:\/\/www.europesays.com\/de\/318442\/"},"modified":"2025-08-04T13:46:11","modified_gmt":"2025-08-04T13:46:11","slug":"raub-in-imbiss-am-exerzierplatz-in-kiel-taeter-schlug-verkaeufer","status":"publish","type":"post","link":"https:\/\/www.europesays.com\/de\/318442\/","title":{"rendered":"Raub in Imbiss am Exerzierplatz in Kiel: T\u00e4ter schlug Verk\u00e4ufer"},"content":{"rendered":"<p>Bargeld erbeutet<\/p>\n<p>Imbiss am Exerzierplatz in Kiel ausgeraubt: T\u00e4ter drohte mit Hammer<\/p>\n<p>Anh\u00f6renApp \u00f6ffnen<\/p>\n<p class=\"Textstyled__Text-sc-1cqv9mi-0 cLyiiX ArticleHeadstyled__ArticleSubHeadline-sc-tdzyy5-11 fXdZot\">Ein Mann hat am Sonntagabend einen Imbiss am Exerzierplatz in Kiel ausgeraubt. Erst schlug er dem Verk\u00e4ufer in den Bauch, dann drohte er mit einem Hammer. Die Polizei sucht nach dem T\u00e4ter.<\/p>\n<p class=\"Textstyled__Text-sc-1cqv9mi-0 cLyiiX\">Kiel. Schwerer Raub am Exerzierplatz in Kiel: Ein Mann habe gegen 21.40 Uhr am Sonntag einen Imbiss betreten und dem Verk\u00e4ufer unvermittelt in die Magengegend geschlagen, berichtete der 42-j\u00e4hrige Gesch\u00e4digte.<\/p>\n<p>Weiterlesen nach der Anzeige<\/p>\n<p>Weiterlesen nach der Anzeige<\/p>\n<p class=\"Textstyled__Text-sc-1cqv9mi-0 cLyiiX\">Anschlie\u00dfend habe der T\u00e4ter mit einem Hammer gedroht und gefordert, die Kasse zu \u00f6ffnen. Der T\u00e4ter habe daraus Bargeld in niedriger dreistelliger H\u00f6he entnommen und sei in Richtung Sch\u00fctzenwall gefl\u00fcchtet. Die <a href=\"https:\/\/www.kn-online.de\/themen\/polizei\/\" target=\"_blank\" rel=\"noreferrer nofollow noopener\" title=\"https:\/\/www.kn-online.de\/themen\/polizei\/\" data-vars-event-category=\"intext_link\" data-vars-event-action=\"click\" data-vars-event-label=\"https:\/\/www.kn-online.de\/themen\/polizei\/\">Polizei<\/a> fahndete nach dem T\u00e4ter, konnte ihn aber nicht finden.<\/p>\n<p>Raub am Exerzierplatz in Kiel: Polizei sucht Zeugen<\/p>\n<p class=\"Textstyled__Text-sc-1cqv9mi-0 cLyiiX\">Der 42-j\u00e4hrige Imbissverk\u00e4ufer beschrieb den T\u00e4ter als etwa 22 Jahre alt, schlank und mit kurzen blonden Haaren. Er trug demnach einen grauen Pullover und einen grau-schwarzen Rucksack und sprach hochdeutsch.<\/p>\n<p>Weiterlesen nach der Anzeige<\/p>\n<p>Weiterlesen nach der Anzeige<\/p>\n<p class=\"Textstyled__Text-sc-1cqv9mi-0 cLyiiX\">Das Kommissariat 13 der Kieler Kriminalpolizei ermittelt und bittet Zeuginnen und Zeugen, sich mit Hinweisen unter der Nummer 0431\/160-3333 zu melden.<\/p>\n<p class=\"Editorialstyled__Editorial-sc-5u8rgl-0 cBUuy\">KN<\/p>\n","protected":false},"excerpt":{"rendered":"Bargeld erbeutet Imbiss am Exerzierplatz in Kiel ausgeraubt: T\u00e4ter drohte mit Hammer Anh\u00f6renApp \u00f6ffnen Ein Mann hat am&hellip;\n","protected":false},"author":2,"featured_media":318443,"comment_status":"","ping_status":"","sticky":false,"template":"","format":"standard","meta":{"footnotes":""},"categories":[1852],"tags":[3364,29,548,663,3934,30,13,4949,14,15,12,1971],"class_list":{"0":"post-318442","1":"post","2":"type-post","3":"status-publish","4":"format-standard","5":"has-post-thumbnail","7":"category-kiel","8":"tag-de","9":"tag-deutschland","10":"tag-eu","11":"tag-europa","12":"tag-europe","13":"tag-germany","14":"tag-headlines","15":"tag-kiel","16":"tag-nachrichten","17":"tag-news","18":"tag-schlagzeilen","19":"tag-schleswig-holstein"},"share_on_mastodon":{"url":"https:\/\/pubeurope.com\/@de\/114970806553487925","error":""},"_links":{"self":[{"href":"https:\/\/www.europesays.com\/de\/wp-json\/wp\/v2\/posts\/318442","targetHints":{"allow":["GET"]}}],"collection":[{"href":"https:\/\/www.europesays.com\/de\/wp-json\/wp\/v2\/posts"}],"about":[{"href":"https:\/\/www.europesays.com\/de\/wp-json\/wp\/v2\/types\/post"}],"author":[{"embeddable":true,"href":"https:\/\/www.europesays.com\/de\/wp-json\/wp\/v2\/users\/2"}],"replies":[{"embeddable":true,"href":"https:\/\/www.europesays.com\/de\/wp-json\/wp\/v2\/comments?post=318442"}],"version-history":[{"count":0,"href":"https:\/\/www.europesays.com\/de\/wp-json\/wp\/v2\/posts\/318442\/revisions"}],"wp:featuredmedia":[{"embeddable":true,"href":"https:\/\/www.europesays.com\/de\/wp-json\/wp\/v2\/media\/318443"}],"wp:attachment":[{"href":"https:\/\/www.europesays.com\/de\/wp-json\/wp\/v2\/media?parent=318442"}],"wp:term":[{"taxonomy":"category","embeddable":true,"href":"https:\/\/www.europesays.com\/de\/wp-json\/wp\/v2\/categories?post=318442"},{"taxonomy":"post_tag","embeddable":true,"href":"https:\/\/www.europesays.com\/de\/wp-json\/wp\/v2\/tags?post=318442"}],"curies":[{"name":"wp","href":"https:\/\/api.w.org\/{rel}","templated":true}]}}