{"id":318454,"date":"2025-08-04T13:52:10","date_gmt":"2025-08-04T13:52:10","guid":{"rendered":"https:\/\/www.europesays.com\/de\/318454\/"},"modified":"2025-08-04T13:52:10","modified_gmt":"2025-08-04T13:52:10","slug":"busfahrt-endet-fuer-42-jaehrige-im-gefaengnis","status":"publish","type":"post","link":"https:\/\/www.europesays.com\/de\/318454\/","title":{"rendered":"Busfahrt endet f\u00fcr 42-J\u00e4hrige im Gef\u00e4ngnis"},"content":{"rendered":"<p class=\"mb-6 text-xs md:text-m lg:text-l font-serif group-[.font-sans]:font-sans \">\n    Bundespolizisten sind bei einer Kontrolle eines Reisebusses am Sonntag auf der A93 bei Kiefersfelden im Landkreis Rosenheim auf eine Rum\u00e4nin aufmerksam geworden. Die Frau wurde n\u00e4mlich von der Augsburger Justiz gesucht. Die Busfahrt endete f\u00fcr sie hinter Gittern.\n  <\/p>\n<p class=\"mb-6 text-xs md:text-m lg:text-l font-serif group-[.font-sans]:font-sans \">\n    Bei der \u00dcberpr\u00fcfung ihrer Personalien hatte sich laut Bundespolizei herausgestellt, dass die Frau gesucht wurde. Das <a href=\"https:\/\/www.augsburger-allgemeine.de\/organisationen\/aa-amtsgericht-augsburg\" target=\"_self\" class=\"underline \" rel=\"nofollow noopener\">Augsburger Amtsgericht<\/a> hatte die Frau im Jahr 2023 wegen K\u00f6rperverletzung verurteilt. Da sie nicht in der Lage war, ihre Strafe zu bezahlen, musste sie die Ersatzfreiheitsstrafe von eineinhalb Monaten antreten. Beamte der Rosenheimer Bundespolizeiinspektion brachten die 42-J\u00e4hrige in die Justizvollzugsanstalt nach Stadelheim. (ina)\n  <\/p>\n<ul data-module-id=\"DragDropModule\" class=\"flex flex-wrap justify-start group-[.no-bookmarks]:hidden\">\n<li class=\"mb-3 mr-3\">\n    Busfahrt<\/p>\n<p>      Icon Haken im Kreis gesetzt<\/p>\n<p>      Icon Plus im Kreis<\/p>\n<\/li>\n<li class=\"mb-3 mr-3\">\n    Amtsgericht Augsburg<\/p>\n<p>      Icon Haken im Kreis gesetzt<\/p>\n<p>      Icon Plus im Kreis<\/p>\n<\/li>\n<li class=\"mb-3 mr-3\">\n    K\u00f6rperverletzung<\/p>\n<p>      Icon Haken im Kreis gesetzt<\/p>\n<p>      Icon Plus im Kreis<\/p>\n<\/li>\n<\/ul>\n","protected":false},"excerpt":{"rendered":"Bundespolizisten sind bei einer Kontrolle eines Reisebusses am Sonntag auf der A93 bei Kiefersfelden im Landkreis Rosenheim auf&hellip;\n","protected":false},"author":2,"featured_media":318455,"comment_status":"","ping_status":"","sticky":false,"template":"","format":"standard","meta":{"footnotes":""},"categories":[1846],"tags":[680,772,3364,29,548,663,3934,30,13,14,15,12],"class_list":{"0":"post-318454","1":"post","2":"type-post","3":"status-publish","4":"format-standard","5":"has-post-thumbnail","7":"category-augsburg","8":"tag-augsburg","9":"tag-bayern","10":"tag-de","11":"tag-deutschland","12":"tag-eu","13":"tag-europa","14":"tag-europe","15":"tag-germany","16":"tag-headlines","17":"tag-nachrichten","18":"tag-news","19":"tag-schlagzeilen"},"share_on_mastodon":{"url":"https:\/\/pubeurope.com\/@de\/114970830126010346","error":""},"_links":{"self":[{"href":"https:\/\/www.europesays.com\/de\/wp-json\/wp\/v2\/posts\/318454","targetHints":{"allow":["GET"]}}],"collection":[{"href":"https:\/\/www.europesays.com\/de\/wp-json\/wp\/v2\/posts"}],"about":[{"href":"https:\/\/www.europesays.com\/de\/wp-json\/wp\/v2\/types\/post"}],"author":[{"embeddable":true,"href":"https:\/\/www.europesays.com\/de\/wp-json\/wp\/v2\/users\/2"}],"replies":[{"embeddable":true,"href":"https:\/\/www.europesays.com\/de\/wp-json\/wp\/v2\/comments?post=318454"}],"version-history":[{"count":0,"href":"https:\/\/www.europesays.com\/de\/wp-json\/wp\/v2\/posts\/318454\/revisions"}],"wp:featuredmedia":[{"embeddable":true,"href":"https:\/\/www.europesays.com\/de\/wp-json\/wp\/v2\/media\/318455"}],"wp:attachment":[{"href":"https:\/\/www.europesays.com\/de\/wp-json\/wp\/v2\/media?parent=318454"}],"wp:term":[{"taxonomy":"category","embeddable":true,"href":"https:\/\/www.europesays.com\/de\/wp-json\/wp\/v2\/categories?post=318454"},{"taxonomy":"post_tag","embeddable":true,"href":"https:\/\/www.europesays.com\/de\/wp-json\/wp\/v2\/tags?post=318454"}],"curies":[{"name":"wp","href":"https:\/\/api.w.org\/{rel}","templated":true}]}}