{"id":318471,"date":"2025-08-04T14:02:16","date_gmt":"2025-08-04T14:02:16","guid":{"rendered":"https:\/\/www.europesays.com\/de\/318471\/"},"modified":"2025-08-04T14:02:16","modified_gmt":"2025-08-04T14:02:16","slug":"manifesta-startet-open-call-halloherne-de","status":"publish","type":"post","link":"https:\/\/www.europesays.com\/de\/318471\/","title":{"rendered":"Manifesta startet Open Call | halloherne.de"},"content":{"rendered":"<p>                <img loading=\"lazy\" decoding=\"async\" class=\"article__image__img\"   src=\"https:\/\/www.europesays.com\/de\/wp-content\/uploads\/2025\/08\/29853959ef77c9ea6bc33b2d4cf8ac9a.jpg\" width=\"812\" height=\"541\" alt=\"Auch \u00f6kologische Projekte werden gesucht.\"\/><\/p>\n<p>                    Foto:<br \/>\n                    Carola Quickels                <\/p>\n<p>                    Auch \u00f6kologische Projekte werden gesucht.                <\/p>\n<p>\n    Lokale Projekte im Ruhrgebiet gesucht\n<\/p>\n<p>Manifesta startet Open Call<\/p>\n<p class=\"article__paragraph\">Ruhrgebiet (idr). Die Manifesta 16 Ruhr startet ihren Open Call f\u00fcr lokale Projekte: Bis zum 30. September 2025 k\u00f6nnen Initiativen, Kollektive, Institutionen und Einzelpersonen aus dem gesamten Ruhrgebiet interdisziplin\u00e4re soziokulturelle Projekte vorschlagen.<\/p>\n<p><a class=\"article__banner__link\" href=\"https:\/\/www.halloherne.de\/out\/blink\/979\" target=\"blank\" rel=\"nofollow noopener\"><br \/>\n    <img loading=\"lazy\" decoding=\"async\" class=\"article__banner__image\" width=\"470\" height=\"210\" src=\"https:\/\/www.europesays.com\/de\/wp-content\/uploads\/2025\/07\/a77d5182d175578db8434f65a91ed8dc.jpg\" alt=\"Anzeige: HCR und Bogestra - Crange 2025\"\/><br \/>\n<\/a><\/p>\n<p class=\"article__paragraph\">M\u00f6gliche Formate k\u00f6nnen unter anderem Performances, Ausstellungen, Installationen, Kochaktionen, G\u00e4rten, Aktionen, Workshops, F\u00fchrungen, Musik-, Sport- oder Literaturveranstaltungen, \u00f6kologische Projekte und vieles mehr sein.<\/p>\n<p class=\"article__paragraph\">Gefragt sind Vorhaben, die vielf\u00e4ltige Gruppen zusammenbringen und den sozialen Zusammenhalt z. B. durch Kunst, Musik, Literatur, \u00d6kologie und Sport st\u00e4rken. Die Projekte sollen gemeinsame Perspektiven innerhalb der diversen Gesellschaft des Ruhrgebiets sichtbar machen und vorzugsweise in oder in der N\u00e4he einer (ehemaligen) Gebetsst\u00e4tte einer Ruhrgebietsstadt stattfinden.<\/p>\n<p class=\"article__paragraph\">Die elf ausgew\u00e4hlten Projektpartner schlie\u00dfen eine Kooperationsvereinbarung mit der Manifesta 16 ab, die einen finanziellen Beitrag von bis zu 15.000 Euro beinhaltet. Die ausgew\u00e4hlten Vorhaben werden Teil des Manifesta 16 Programms. Die Projekte k\u00f6nnen im gesamten Ruhrgebiet stattfinden. Dazu sind noch Informationsveranstaltungen geplant.<\/p>\n<p>Europ\u00e4ische nomadische Biennale f\u00fcr zeitgen\u00f6ssische Kunst<\/p>\n<p class=\"article__paragraph\">Die Manifesta, eine europ\u00e4ische nomadische Biennale f\u00fcr zeitgen\u00f6ssische Kunst, kommt vom 21. Juni bis 4. Oktober 2026 ins Ruhrgebiet. Mehr als 100 Tage lang pr\u00e4sentiert sie in mehreren St\u00e4dten der Region k\u00fcnstlerische, urbane und soziale Interventionen. Sie setzt sich mit sozialen, politischen und \u00f6kologischen Themen auseinander und bietet neue Perspektiven auf die historischen und gegenw\u00e4rtigen Strukturen des Ruhrgebiets. Im Zentrum steht dabei die Umnutzung von Nachkriegskirchen.<\/p>\n<p><a class=\"article__banner__link\" target=\"blank\" rel=\"nofollow\"><br \/>\n    <img loading=\"lazy\" decoding=\"async\" class=\"article__banner__image\" width=\"470\" height=\"210\" src=\"https:\/\/www.europesays.com\/de\/wp-content\/uploads\/2025\/07\/027f09ff1a422a3a1ab9e2f53db51a85.gif\" alt=\"Anzeige: Job Speeddating auf Crange 2025\"\/><br \/>\n<\/a><\/p>\n<p class=\"article__paragraph\">Die International Foundation Manifesta (IFM), der Regionalverband Ruhr (RVR) und das NRW-Ministerium f\u00fcr Kultur und Wissenschaft sind die Initiatoren der Manifesta 2026. IFM und RVR haben f\u00fcr die Organisation und Durchf\u00fchrung die Manifesta 16 Ruhr gGmbH gegr\u00fcndet. <a class=\"\" href=\"https:\/\/www.manifesta16.org\/opencall\" target=\"_blank\" rel=\"nofollow noopener\">mehr Infos<\/a><\/p>\n<p>\n    Montag, 4. August 2025<br \/>\n         | Quelle: idr-Nachrichten<\/p>\n","protected":false},"excerpt":{"rendered":"Foto: Carola Quickels Auch \u00f6kologische Projekte werden gesucht. Lokale Projekte im Ruhrgebiet gesucht Manifesta startet Open Call Ruhrgebiet&hellip;\n","protected":false},"author":2,"featured_media":318472,"comment_status":"","ping_status":"","sticky":false,"template":"","format":"standard","meta":{"footnotes":""},"categories":[1839],"tags":[7507,3364,29,30,1209],"class_list":{"0":"post-318471","1":"post","2":"type-post","3":"status-publish","4":"format-standard","5":"has-post-thumbnail","7":"category-bochum","8":"tag-bochum","9":"tag-de","10":"tag-deutschland","11":"tag-germany","12":"tag-nordrhein-westfalen"},"share_on_mastodon":{"url":"https:\/\/pubeurope.com\/@de\/114970869466619278","error":""},"_links":{"self":[{"href":"https:\/\/www.europesays.com\/de\/wp-json\/wp\/v2\/posts\/318471","targetHints":{"allow":["GET"]}}],"collection":[{"href":"https:\/\/www.europesays.com\/de\/wp-json\/wp\/v2\/posts"}],"about":[{"href":"https:\/\/www.europesays.com\/de\/wp-json\/wp\/v2\/types\/post"}],"author":[{"embeddable":true,"href":"https:\/\/www.europesays.com\/de\/wp-json\/wp\/v2\/users\/2"}],"replies":[{"embeddable":true,"href":"https:\/\/www.europesays.com\/de\/wp-json\/wp\/v2\/comments?post=318471"}],"version-history":[{"count":0,"href":"https:\/\/www.europesays.com\/de\/wp-json\/wp\/v2\/posts\/318471\/revisions"}],"wp:featuredmedia":[{"embeddable":true,"href":"https:\/\/www.europesays.com\/de\/wp-json\/wp\/v2\/media\/318472"}],"wp:attachment":[{"href":"https:\/\/www.europesays.com\/de\/wp-json\/wp\/v2\/media?parent=318471"}],"wp:term":[{"taxonomy":"category","embeddable":true,"href":"https:\/\/www.europesays.com\/de\/wp-json\/wp\/v2\/categories?post=318471"},{"taxonomy":"post_tag","embeddable":true,"href":"https:\/\/www.europesays.com\/de\/wp-json\/wp\/v2\/tags?post=318471"}],"curies":[{"name":"wp","href":"https:\/\/api.w.org\/{rel}","templated":true}]}}