{"id":318479,"date":"2025-08-04T14:06:16","date_gmt":"2025-08-04T14:06:16","guid":{"rendered":"https:\/\/www.europesays.com\/de\/318479\/"},"modified":"2025-08-04T14:06:16","modified_gmt":"2025-08-04T14:06:16","slug":"antrittsbesuch-in-washington-bundesfinanzminister-klingbeil-fordert-konsequenzen-aus-handelskonflikt-mit-den-usa","status":"publish","type":"post","link":"https:\/\/www.europesays.com\/de\/318479\/","title":{"rendered":"Antrittsbesuch in Washington &#8211; Bundesfinanzminister Klingbeil fordert Konsequenzen aus Handelskonflikt mit den USA"},"content":{"rendered":"<p>                    <img decoding=\"async\" loading=\"lazy\" class=\"internal-image\" title=\"Lars Klingbeil (SPD), Bundesminister der Finanzen, kommt zum Abflug nach Washington D.C. auf dem milit\u00e4rischen Teil des Flughafens Berlin-Brandenburg (BER) an.\" alt=\"Lars Klingbeil (SPD), Bundesminister der Finanzen, kommt zum Abflug nach Washington D.C. auf dem milit\u00e4rischen Teil des Flughafens Berlin-Brandenburg (BER) an.\" src=\"https:\/\/www.europesays.com\/de\/wp-content\/uploads\/2025\/08\/bundesfinanzminister-lars-klingbeil-besuch-washington-flug-100-1920x1080.jpg\" \/><\/p>\n<p>                  Bundesfinanzminister Klingbeil reist nach Washington (Soeren Stache \/ dpa \/ Soeren Stache)<\/p>\n<p>Klingbeil sagte im Deutschlandfunk, die Auseinandersetzung habe deutlich gemacht, wie abh\u00e4ngig die EU in zentralen wirtschaftlichen Fragen sei. Nun komme es darauf an, wirtschaftlich st\u00e4rker und unabh\u00e4ngiger zu werden. Deutschland m\u00fcsse dabei als gr\u00f6\u00dfte Volkswirtschaft Europas Impulse setzen.<\/p>\n<p>In seinen Gespr\u00e4chen mit US-Finanzminister Bessent will sich der SPD-Politiker auch f\u00fcr niedrigere US-Z\u00f6lle einsetzen, etwa f\u00fcr Stahl.<\/p>\n<p>Diese Nachricht wurde am 04.08.2025 im Programm Deutschlandfunk gesendet.<\/p>\n","protected":false},"excerpt":{"rendered":"Bundesfinanzminister Klingbeil reist nach Washington (Soeren Stache \/ dpa \/ Soeren Stache) Klingbeil sagte im Deutschlandfunk, die Auseinandersetzung&hellip;\n","protected":false},"author":2,"featured_media":318480,"comment_status":"","ping_status":"","sticky":false,"template":"","format":"standard","meta":{"footnotes":""},"categories":[3977],"tags":[331,332,13,14,15,12,4017,4018,4016,64,4019,4020],"class_list":{"0":"post-318479","1":"post","2":"type-post","3":"status-publish","4":"format-standard","5":"has-post-thumbnail","7":"category-usa","8":"tag-aktuelle-nachrichten","9":"tag-aktuelle-news","10":"tag-headlines","11":"tag-nachrichten","12":"tag-news","13":"tag-schlagzeilen","14":"tag-united-states","15":"tag-united-states-of-america","16":"tag-us","17":"tag-usa","18":"tag-vereinigte-staaten","19":"tag-vereinigte-staaten-von-amerika"},"share_on_mastodon":{"url":"https:\/\/pubeurope.com\/@de\/114970885273282083","error":""},"_links":{"self":[{"href":"https:\/\/www.europesays.com\/de\/wp-json\/wp\/v2\/posts\/318479","targetHints":{"allow":["GET"]}}],"collection":[{"href":"https:\/\/www.europesays.com\/de\/wp-json\/wp\/v2\/posts"}],"about":[{"href":"https:\/\/www.europesays.com\/de\/wp-json\/wp\/v2\/types\/post"}],"author":[{"embeddable":true,"href":"https:\/\/www.europesays.com\/de\/wp-json\/wp\/v2\/users\/2"}],"replies":[{"embeddable":true,"href":"https:\/\/www.europesays.com\/de\/wp-json\/wp\/v2\/comments?post=318479"}],"version-history":[{"count":0,"href":"https:\/\/www.europesays.com\/de\/wp-json\/wp\/v2\/posts\/318479\/revisions"}],"wp:featuredmedia":[{"embeddable":true,"href":"https:\/\/www.europesays.com\/de\/wp-json\/wp\/v2\/media\/318480"}],"wp:attachment":[{"href":"https:\/\/www.europesays.com\/de\/wp-json\/wp\/v2\/media?parent=318479"}],"wp:term":[{"taxonomy":"category","embeddable":true,"href":"https:\/\/www.europesays.com\/de\/wp-json\/wp\/v2\/categories?post=318479"},{"taxonomy":"post_tag","embeddable":true,"href":"https:\/\/www.europesays.com\/de\/wp-json\/wp\/v2\/tags?post=318479"}],"curies":[{"name":"wp","href":"https:\/\/api.w.org\/{rel}","templated":true}]}}