{"id":318492,"date":"2025-08-04T14:13:10","date_gmt":"2025-08-04T14:13:10","guid":{"rendered":"https:\/\/www.europesays.com\/de\/318492\/"},"modified":"2025-08-04T14:13:10","modified_gmt":"2025-08-04T14:13:10","slug":"keine-gendersterne-in-bundesministerien-nachrichten-aus-deutschland","status":"publish","type":"post","link":"https:\/\/www.europesays.com\/de\/318492\/","title":{"rendered":"Keine Gendersterne in Bundesministerien &#8211; Nachrichten aus Deutschland"},"content":{"rendered":"<p><strong>Berlin (dpa) &#8211; <\/strong> Die Bundesregierung nutzt keine W\u00f6rter mit Gender-Sternchen. Das erkl\u00e4rte ein Sprecher des Digitalministeriums in Berlin auf Nachfrage in der Regierungspressekonferenz. Ma\u00dfgeblich seien die Empfehlungen des Rates f\u00fcr deutsche Rechtschreibung.<\/p>\n<p>\u00abKeine Sonderzeichen\u00bb<\/p>\n<p>\u00abDieses Regelwerk sieht vor, dass geschlechtergerechte Sprache verst\u00e4ndlich, lesbar, vorlesbar ist, auch im Blick auf Barrierefreiheit und Vorlesesoftware und dass sie grammatikalisch korrekt ist sowie Eindeutigkeit und Rechtssicherheit gew\u00e4hrleistet\u00bb, sagte der Sprecher. \u00abDiese sieht also keine Sonderzeichen vor.\u00bb<\/p>\n<p>Kulturstaatsminister Wolfram Weimer (parteilos) hatte der \u00abBild am Sonntag\u00bb gesagt: \u00abIm Kanzleramt wird in Briefen, Emails und Vermerken nicht gegendert.\u00bb Erzwungenes Gendern spiegele nicht wider, wie die Mehrheit in Deutschland spreche. Vielmehr vertiefe das Gendern eine Spaltung der Gesellschaft.<\/p>\n<p>Neues Regelwerk seit Anfang Juli<\/p>\n<p>Seit Anfang Juli gilt ein neues Regelwerk des Rats f\u00fcr deutsche Rechtschreibung. Es gilt f\u00fcr Schulen und die \u00f6ffentliche Verwaltung. Neu ist ein Abschnitt zu Sonderzeichen in W\u00f6rtern, wie sie von Bef\u00fcrwortern einer geschlechtersensiblen Sprache genutzt werden. \u00abDiese Wortbinnenzeichen geh\u00f6ren nicht zum Kernbestand der deutschen Orthografie\u00bb, hei\u00dft es dort.<\/p>\n<p>Ihre Setzung k\u00f6nne in verschiedenen F\u00e4llen zu grammatischen Folgeproblemen f\u00fchren, die noch nicht gekl\u00e4rt seien. Die Entwicklung des Gesamtbereichs sei aber bislang nicht abgeschlossen und werde weiter beobachtet.<\/p>\n","protected":false},"excerpt":{"rendered":"Berlin (dpa) &#8211; Die Bundesregierung nutzt keine W\u00f6rter mit Gender-Sternchen. Das erkl\u00e4rte ein Sprecher des Digitalministeriums in Berlin&hellip;\n","protected":false},"author":2,"featured_media":318493,"comment_status":"","ping_status":"","sticky":false,"template":"","format":"standard","meta":{"footnotes":""},"categories":[2],"tags":[331,3924,332,3922,1173,3364,29,30,13,4823,14,3923,15,3921,16,12,1300,17075],"class_list":{"0":"post-318492","1":"post","2":"type-post","3":"status-publish","4":"format-standard","5":"has-post-thumbnail","7":"category-deutschland","8":"tag-aktuelle-nachrichten","9":"tag-aktuelle-nachrichten-aus-deutschland","10":"tag-aktuelle-news","11":"tag-aktuelle-news-aus-deutschland","12":"tag-bundesregierung","13":"tag-de","14":"tag-deutschland","15":"tag-germany","16":"tag-headlines","17":"tag-meldung","18":"tag-nachrichten","19":"tag-nachrichten-aus-deutschland","20":"tag-news","21":"tag-news-aus-deutschland","22":"tag-politik","23":"tag-schlagzeilen","24":"tag-sprache","25":"tag-verwaltung"},"share_on_mastodon":{"url":"https:\/\/pubeurope.com\/@de\/114970912797969360","error":""},"_links":{"self":[{"href":"https:\/\/www.europesays.com\/de\/wp-json\/wp\/v2\/posts\/318492","targetHints":{"allow":["GET"]}}],"collection":[{"href":"https:\/\/www.europesays.com\/de\/wp-json\/wp\/v2\/posts"}],"about":[{"href":"https:\/\/www.europesays.com\/de\/wp-json\/wp\/v2\/types\/post"}],"author":[{"embeddable":true,"href":"https:\/\/www.europesays.com\/de\/wp-json\/wp\/v2\/users\/2"}],"replies":[{"embeddable":true,"href":"https:\/\/www.europesays.com\/de\/wp-json\/wp\/v2\/comments?post=318492"}],"version-history":[{"count":0,"href":"https:\/\/www.europesays.com\/de\/wp-json\/wp\/v2\/posts\/318492\/revisions"}],"wp:featuredmedia":[{"embeddable":true,"href":"https:\/\/www.europesays.com\/de\/wp-json\/wp\/v2\/media\/318493"}],"wp:attachment":[{"href":"https:\/\/www.europesays.com\/de\/wp-json\/wp\/v2\/media?parent=318492"}],"wp:term":[{"taxonomy":"category","embeddable":true,"href":"https:\/\/www.europesays.com\/de\/wp-json\/wp\/v2\/categories?post=318492"},{"taxonomy":"post_tag","embeddable":true,"href":"https:\/\/www.europesays.com\/de\/wp-json\/wp\/v2\/tags?post=318492"}],"curies":[{"name":"wp","href":"https:\/\/api.w.org\/{rel}","templated":true}]}}