{"id":318515,"date":"2025-08-04T14:25:11","date_gmt":"2025-08-04T14:25:11","guid":{"rendered":"https:\/\/www.europesays.com\/de\/318515\/"},"modified":"2025-08-04T14:25:11","modified_gmt":"2025-08-04T14:25:11","slug":"queere-ampeln-in-bremen-gruene-symbolik-ohne-jeden-effekt","status":"publish","type":"post","link":"https:\/\/www.europesays.com\/de\/318515\/","title":{"rendered":"Queere Ampeln In Bremen? Gr\u00fcne Symbolik ohne jeden Effekt"},"content":{"rendered":"<p class=\"article-toplinewrapper\">\nKommentar<\/p>\n<p>Standdatum: 4. August 2025.<\/p>\n<p>Autorinnen und Autoren:<br \/>\nImmo Maus<\/p>\n<p><a href=\"https:\/\/www.butenunbinnen.de\/bilder\/ampel-queer-100~_v-800x450_c-1754316990935.jpg\" data-gallery-entry-for=\"ampeln-gruene-queer-feindlichkeit-100\" data-size=\"2560x1440\" class=\"text-link\" target=\"_blank\" rel=\"noopener\"><\/p>\n<p><img decoding=\"async\" class=\"image -image-with-fallback -image-rounded  lazyload\" src=\"data:image\/gif;base64,R0lGODlhEAAJAIAAAP\/\/\/\/\/\/\/yH5BAEKAAEALAAAAAAQAAkAAAIKjI+py+0Po5yUFQA7\"   alt=\"Queeres Ampelp\u00e4rchen an einer Ampel \" title=\"Bild: dpa | Wolfgang Maria Weber\" data-image-owner=\"dpa | Wolfgang Maria Weber\" data-image-title=\"Queeres Ampelp\u00e4rchen an einer Ampel \" data-image-src=\"https:\/\/www.butenunbinnen.de\/bilder\/ampel-queer-100~_v-800x450_c-1754316990935.jpg\" data-image-rights-src=\"\/bilder\/ampel-queer-100~_v-640x360_c-1754316990935.jpg\"\/><\/p>\n<p><\/a><\/p>\n<p>Bild: dpa | Wolfgang Maria Weber<\/p>\n<p class=\"article-intro\">Die Gr\u00fcnen wollen mit den Ampeln ein Zeichen setzen. Ungl\u00e4ubiges Kopfsch\u00fctteln l\u00f6st die Aktion bei Redakteur Immo Maus aus. Nachhaltiger w\u00e4re eine ehrliche, politische Debatte.<\/p>\n<p>Soviel vorweg, damit hier keine Missverst\u00e4ndnisse aufkommen: Jeder Angriff auf einen queeren Menschen geh\u00f6rt mit allen rechtsstaatlichen Mitteln verfolgt und bestraft. Punkt. Aber: Niemandem ist geholfen mit dem Ampel-Vorsto\u00df der Gr\u00fcnen. In ihrer Ank\u00fcndigung schreiben sie, es brauche &#8222;ein Zeichen der Sichtbarkeit und des Gedenkens&#8220;. Nett gemeint, aber \u00e4ndern wird sich dadurch nichts. Was es braucht, ist Ehrlichkeit. \u00a0<\/p>\n<p>Die Gr\u00fcnen haben fraglos ein Problem identifiziert. Eine politische Debatte ist nun angebracht. Dabei muss es um die Frage gehen, warum queere Menschen in Teilen der Gesellschaft eine offensive und mitunter gewaltt\u00e4tige Ablehnung erfahren. Gibt es wom\u00f6glich Stadtteile, in denen Queerfeindlichkeit eher Regel als Ausnahme ist? Auf Fragen wie diese k\u00f6nnten unbequeme Antworten folgen. Doch der Weg hin zu einer Stadt, in der sich queere Menschen \u00fcberall sicher f\u00fchlen k\u00f6nnen, f\u00fchrt einzig \u00fcber den Weg einer ehrlichen Auseinandersetzung mit den Urspr\u00fcngen von Queerfeindlichkeit. Und in der Folge sind konkrete Ma\u00dfnahmen n\u00f6tig, wenn man tats\u00e4chlich eine nachhaltige Ver\u00e4nderung w\u00fcnscht. <\/p>\n<p>Niemandem, wirklich niemandem, ist mit auch nur einer queeren Ampel geholfen. Durch Symbolik verbessert sich rein gar nichts f\u00fcr Betroffene. Es mag nett gemeint sein und sicher ist es dem guten Gewissen manchem oder mancher Gr\u00fcnen zutr\u00e4glich. Doch ohne ehrliche Debatte ist eine solche Initiative letztlich schlicht und einfach wirkungslos. Und ein wenig Nachhaltigkeit d\u00fcrfte dann schon der Anspruch einer Regierungspartei sein.<\/p>\n<p>Und zum ganzen Bild geh\u00f6rt auch das: Man mag sich manchmal ein \u00e4hnlich hohes Ma\u00df an gr\u00fcnem Aktivismus in Fragen anderer politischer Herausforderungen w\u00fcnschen.<\/p>\n<p class=\"article-legal-broadcast-reference\"><strong>Dieses Thema im Programm:<\/strong><br \/>\nbuten un binnen, 4. August 2025, 19:30 Uhr<\/p>\n","protected":false},"excerpt":{"rendered":"Kommentar Standdatum: 4. August 2025. Autorinnen und Autoren: Immo Maus Bild: dpa | Wolfgang Maria Weber Die Gr\u00fcnen&hellip;\n","protected":false},"author":2,"featured_media":318516,"comment_status":"","ping_status":"","sticky":false,"template":"","format":"standard","meta":{"footnotes":""},"categories":[1824],"tags":[2420,3364,29,30,4397],"class_list":{"0":"post-318515","1":"post","2":"type-post","3":"status-publish","4":"format-standard","5":"has-post-thumbnail","7":"category-bremen","8":"tag-bremen","9":"tag-de","10":"tag-deutschland","11":"tag-germany","12":"tag-x"},"share_on_mastodon":{"url":"https:\/\/pubeurope.com\/@de\/114970959998344026","error":""},"_links":{"self":[{"href":"https:\/\/www.europesays.com\/de\/wp-json\/wp\/v2\/posts\/318515","targetHints":{"allow":["GET"]}}],"collection":[{"href":"https:\/\/www.europesays.com\/de\/wp-json\/wp\/v2\/posts"}],"about":[{"href":"https:\/\/www.europesays.com\/de\/wp-json\/wp\/v2\/types\/post"}],"author":[{"embeddable":true,"href":"https:\/\/www.europesays.com\/de\/wp-json\/wp\/v2\/users\/2"}],"replies":[{"embeddable":true,"href":"https:\/\/www.europesays.com\/de\/wp-json\/wp\/v2\/comments?post=318515"}],"version-history":[{"count":0,"href":"https:\/\/www.europesays.com\/de\/wp-json\/wp\/v2\/posts\/318515\/revisions"}],"wp:featuredmedia":[{"embeddable":true,"href":"https:\/\/www.europesays.com\/de\/wp-json\/wp\/v2\/media\/318516"}],"wp:attachment":[{"href":"https:\/\/www.europesays.com\/de\/wp-json\/wp\/v2\/media?parent=318515"}],"wp:term":[{"taxonomy":"category","embeddable":true,"href":"https:\/\/www.europesays.com\/de\/wp-json\/wp\/v2\/categories?post=318515"},{"taxonomy":"post_tag","embeddable":true,"href":"https:\/\/www.europesays.com\/de\/wp-json\/wp\/v2\/tags?post=318515"}],"curies":[{"name":"wp","href":"https:\/\/api.w.org\/{rel}","templated":true}]}}