{"id":318578,"date":"2025-08-04T14:58:12","date_gmt":"2025-08-04T14:58:12","guid":{"rendered":"https:\/\/www.europesays.com\/de\/318578\/"},"modified":"2025-08-04T14:58:12","modified_gmt":"2025-08-04T14:58:12","slug":"ex-kinderstar-verliert-das-gehoer-hein-heintje-simons-fuerchtet-unfreiwilliges-karriereende","status":"publish","type":"post","link":"https:\/\/www.europesays.com\/de\/318578\/","title":{"rendered":"Ex-Kinderstar verliert das Geh\u00f6r: Hein &#8222;Heintje&#8220; Simons f\u00fcrchtet unfreiwilliges Karriereende"},"content":{"rendered":"<p>                    Ex-Kinderstar verliert das Geh\u00f6r<br \/>\n                Hein &#8222;Heintje&#8220; Simons f\u00fcrchtet unfreiwilliges Karriereende<\/p>\n<p>\t\t\t\t              04.08.2025, 15:54 Uhr<\/p>\n<p>\t\t\t\t\t       Artikel anh\u00f6ren<\/p>\n<p>\t\t\t\t\t\t\tDiese Audioversion wurde k\u00fcnstlich generiert. <a href=\"https:\/\/www.n-tv.de\/23249898\" rel=\"nofollow noopener\" target=\"_blank\">Mehr Infos<\/a><\/p>\n<p><strong>Mit dem Schlager &#8222;Mama&#8220; schmettert sich Hendrik Simons 1967 als kleiner Heintje in die Herzen aller M\u00fctter und Gro\u00dfm\u00fctter. Nun wird der S\u00e4nger bald 70 und f\u00fcrchtet das Ende seiner Karriere &#8211; aus gesundheitlichen Gr\u00fcnden.<\/strong><\/p>\n<p>&#8222;Mama, du sollst doch nicht um deinen Jungen weinen \u2026&#8220; Sp\u00e4testens bei dieser Textzeile des Schlagers &#8222;Mama&#8220; z\u00fcckten 1967 M\u00fctter und Gro\u00dfm\u00fctter trotz musikalischer Aufforderung, dies doch bitte nicht zu tun, kollektiv die Taschent\u00fccher. Einfach zu bezaubernd sang der kleine Heintje auf der B\u00fchne mit viel Schmelz in der Stimme und niedlichem niederl\u00e4ndischem Akzent von Mutterliebe und Trennungsschmerz. <\/p>\n<p>   <a href=\"https:\/\/www.europesays.com\/de\/wp-content\/uploads\/2025\/08\/imago90898947.jpg\">     <img decoding=\"async\" alt=\"Wenn er in den sp\u00e4ten 60er-Jahren sang, schmolzen die (M\u00fctter-)Herzen: Heintje.\" src=\"https:\/\/www.europesays.com\/de\/wp-content\/uploads\/2025\/08\/imago90898947.jpg\" class=\"lazyload\"\/>  <\/a>  <\/p>\n<p class=\"article__aside__caption\">Wenn er in den sp\u00e4ten 60er-Jahren sang, schmolzen die (M\u00fctter-)Herzen: Heintje.<\/p>\n<p class=\"article__aside__copy\">(Foto: imago images \/ United Archives)<\/p>\n<p>Am 12. August feiert der kleine Knirps, dessen Karriere in den sp\u00e4ten 60er-Jahren mit diesem Gassenhauer begann, seinen 70. Geburtstag. Inzwischen l\u00e4sst sich Hendrik Nikolaas Theodoor Simons lieber &#8222;Hein&#8220; als &#8222;Heintje&#8220; nennen, tritt aber immer noch auf. Die Betonung liegt auf noch, denn Simons offenbart nun kurz vor seinem runden Ehrentag, dass ihm ein unfreiwilliger Abschied von der B\u00fchne drohen k\u00f6nnte. Der Grund seien gesundheitliche Beeintr\u00e4chtigungen, \u00fcber die der noch 69-J\u00e4hrige im Interview mit der &#8222;Welt am Sonntag&#8220; gesprochen hat. <\/p>\n<p>Sein Geh\u00f6r bereite ihm gro\u00dfe Sorgen, verr\u00e4t Simons. Auf dem linken Ohr h\u00f6re er nur noch zu 70 Prozent, auf dem rechten nur zu 30 Prozent. Deswegen habe er alle Auftritte abgesagt, obwohl er noch immer viele Anfragen bekomme. &#8222;Ich k\u00e4mpfe mit mir, doch wenn sich das nicht bessert, werde ich viel fr\u00fcher, als es mir lieb ist, sagen: &#8218;Kinners, tsch\u00fcss, das war es.'&#8220; Dies auszusprechen, w\u00e4re sehr schmerzhaft f\u00fcr ihn, denn Musiker zu sein, sei sein Traumberuf: &#8222;Mir w\u00fcrde etwas sehr Wichtiges fehlen.&#8220; <\/p>\n<p>&#8222;Ich m\u00f6chte doch leben&#8220;<\/p>\n<p>Den zudem bei ihm diagnostizierten Hautkrebs habe der niederl\u00e4ndische Schlagers\u00e4nger &#8222;ganz gut unter Kontrolle&#8220;, wie er weiter berichtet. &#8222;Erst vor wenigen Tagen war ich wieder beim Arzt, um etwas herausschneiden zu lassen.&#8220; Nach einer Lungenembolie nehme er au\u00dferdem t\u00e4glich Blutverd\u00fcnner, sodass er auch das &#8222;im Griff habe&#8220;.<\/p>\n<p>&#8222;Ich m\u00f6chte doch leben&#8220;, betont Simons im Gespr\u00e4ch mit &#8222;Welt am Sonntag&#8220;, dass er auch mit 70 Jahren noch Zukunftspl\u00e4ne habe. Seine Einstellung sei, das Leben nun zu nehmen &#8222;wie es kommt, egal ob es um Krankheiten oder was auch immer geht&#8220;. Auch eine m\u00f6gliche neue Beziehung schlie\u00dft der seit 2014 geschiedene S\u00e4nger deshalb nicht aus: &#8222;Wie hei\u00dft es doch: Auch der Herbst hat sch\u00f6ne Tage.&#8220;<\/p>\n<p>Ein gro\u00dfes Fest plane er zum 70. Geburtstag nicht, denn die wilden Partyzeiten habe er hinter sich gelassen, so Simons. &#8222;Meine Kinder, die Enkel und ein paar Freunde kommen zum Kaffeetrinken &#8211; das war&#8217;s.&#8220; Er freue sich auf das \u00c4lterwerden und m\u00f6chte sehr alt werden, &#8222;wenn&#8217;s geht 100. Allerdings m\u00f6chte ich dann auch noch vieles selbst machen und bestimmen. Wenn das nicht gegeben ist, sterbe ich auch mit 99.&#8220;<\/p>\n","protected":false},"excerpt":{"rendered":"Ex-Kinderstar verliert das Geh\u00f6r Hein &#8222;Heintje&#8220; Simons f\u00fcrchtet unfreiwilliges Karriereende 04.08.2025, 15:54 Uhr Artikel anh\u00f6ren Diese Audioversion wurde&hellip;\n","protected":false},"author":2,"featured_media":318579,"comment_status":"","ping_status":"","sticky":false,"template":"","format":"standard","meta":{"footnotes":""},"categories":[155],"tags":[29,214,30,141,810,6630,215],"class_list":{"0":"post-318578","1":"post","2":"type-post","3":"status-publish","4":"format-standard","5":"has-post-thumbnail","7":"category-unterhaltung","8":"tag-deutschland","9":"tag-entertainment","10":"tag-germany","11":"tag-gesundheit","12":"tag-musik","13":"tag-schlagermusik","14":"tag-unterhaltung"},"share_on_mastodon":{"url":"https:\/\/pubeurope.com\/@de\/114971089676243551","error":""},"_links":{"self":[{"href":"https:\/\/www.europesays.com\/de\/wp-json\/wp\/v2\/posts\/318578","targetHints":{"allow":["GET"]}}],"collection":[{"href":"https:\/\/www.europesays.com\/de\/wp-json\/wp\/v2\/posts"}],"about":[{"href":"https:\/\/www.europesays.com\/de\/wp-json\/wp\/v2\/types\/post"}],"author":[{"embeddable":true,"href":"https:\/\/www.europesays.com\/de\/wp-json\/wp\/v2\/users\/2"}],"replies":[{"embeddable":true,"href":"https:\/\/www.europesays.com\/de\/wp-json\/wp\/v2\/comments?post=318578"}],"version-history":[{"count":0,"href":"https:\/\/www.europesays.com\/de\/wp-json\/wp\/v2\/posts\/318578\/revisions"}],"wp:featuredmedia":[{"embeddable":true,"href":"https:\/\/www.europesays.com\/de\/wp-json\/wp\/v2\/media\/318579"}],"wp:attachment":[{"href":"https:\/\/www.europesays.com\/de\/wp-json\/wp\/v2\/media?parent=318578"}],"wp:term":[{"taxonomy":"category","embeddable":true,"href":"https:\/\/www.europesays.com\/de\/wp-json\/wp\/v2\/categories?post=318578"},{"taxonomy":"post_tag","embeddable":true,"href":"https:\/\/www.europesays.com\/de\/wp-json\/wp\/v2\/tags?post=318578"}],"curies":[{"name":"wp","href":"https:\/\/api.w.org\/{rel}","templated":true}]}}