{"id":318589,"date":"2025-08-04T15:04:20","date_gmt":"2025-08-04T15:04:20","guid":{"rendered":"https:\/\/www.europesays.com\/de\/318589\/"},"modified":"2025-08-04T15:04:20","modified_gmt":"2025-08-04T15:04:20","slug":"dieselspur-zieht-sich-durch-halle-unter-anderem-b6-und-riebeckplatz-zwei-folgeunfaelle-mit-verletzten-du-bist-halle","status":"publish","type":"post","link":"https:\/\/www.europesays.com\/de\/318589\/","title":{"rendered":"Dieselspur zieht sich durch Halle \u2013 unter anderem B6 und Riebeckplatz, zwei Folgeunf\u00e4lle mit Verletzten \u2013 Du bist Halle"},"content":{"rendered":"<p>Am heutigen Tag gegen 12 Uhr wurde dem hiesigen Polizeirevier eine Dieselspur angezeigt. Von der Dieselstra\u00dfe waren mehrere Stra\u00dfen, von der Willy-Brandt-Stra\u00dfe bis zur Leipziger Chaussee, in Halle (Saale) betroffen. <\/p>\n<p>Nach ersten polizeilichen Erkenntnissen wurde die Dieselspur durch einen LKW, welcher den Bereich befuhr, verursacht. Durch die Feuerwehr der Stadt Halle (Saale) und eine hinzugezogen \u00d6lwehr wurden die betroffenen Stra\u00dfen gereinigt. Mehrere Streifenwagen kamen zur Absperrung der einzelnen Stra\u00dfenabschnitte zum Einsatz. <\/p>\n<p>Nach weiteren Erkenntnissen der Polizei kam es zu zwei Folgeunf\u00e4llen bei denen Verkehrsteilnehmer durch die Unfallgeschehen leichte Verletzungen davontrugen. <\/p>\n<p>Durch die Reinigungsarbeiten und der daf\u00fcr notwendigen Stra\u00dfensperrungen kam es zu erheblichen Behinderungen des Fahrzeugverkehrs, welche derzeitig noch andauern.<\/p>\n<p><img decoding=\"async\" loading=\"lazy\" width=\"1200\" height=\"675\" src=\"https:\/\/www.europesays.com\/de\/wp-content\/uploads\/2025\/08\/IMG-20250804-WA0032-1200x675.jpg\" alt=\"\" class=\"wp-image-323804\"  \/><\/p>\n","protected":false},"excerpt":{"rendered":"Am heutigen Tag gegen 12 Uhr wurde dem hiesigen Polizeirevier eine Dieselspur angezeigt. Von der Dieselstra\u00dfe waren mehrere&hellip;\n","protected":false},"author":2,"featured_media":318590,"comment_status":"","ping_status":"","sticky":false,"template":"","format":"standard","meta":{"footnotes":""},"categories":[1860],"tags":[3364,29,548,663,3934,30,4062,17332,13,14,15,17331,860,12],"class_list":{"0":"post-318589","1":"post","2":"type-post","3":"status-publish","4":"format-standard","5":"has-post-thumbnail","7":"category-halle-saale","8":"tag-de","9":"tag-deutschland","10":"tag-eu","11":"tag-europa","12":"tag-europe","13":"tag-germany","14":"tag-halle","15":"tag-halle-saale","16":"tag-headlines","17":"tag-nachrichten","18":"tag-news","19":"tag-saale","20":"tag-sachsen-anhalt","21":"tag-schlagzeilen"},"share_on_mastodon":{"url":"https:\/\/pubeurope.com\/@de\/114971113088613763","error":""},"_links":{"self":[{"href":"https:\/\/www.europesays.com\/de\/wp-json\/wp\/v2\/posts\/318589","targetHints":{"allow":["GET"]}}],"collection":[{"href":"https:\/\/www.europesays.com\/de\/wp-json\/wp\/v2\/posts"}],"about":[{"href":"https:\/\/www.europesays.com\/de\/wp-json\/wp\/v2\/types\/post"}],"author":[{"embeddable":true,"href":"https:\/\/www.europesays.com\/de\/wp-json\/wp\/v2\/users\/2"}],"replies":[{"embeddable":true,"href":"https:\/\/www.europesays.com\/de\/wp-json\/wp\/v2\/comments?post=318589"}],"version-history":[{"count":0,"href":"https:\/\/www.europesays.com\/de\/wp-json\/wp\/v2\/posts\/318589\/revisions"}],"wp:featuredmedia":[{"embeddable":true,"href":"https:\/\/www.europesays.com\/de\/wp-json\/wp\/v2\/media\/318590"}],"wp:attachment":[{"href":"https:\/\/www.europesays.com\/de\/wp-json\/wp\/v2\/media?parent=318589"}],"wp:term":[{"taxonomy":"category","embeddable":true,"href":"https:\/\/www.europesays.com\/de\/wp-json\/wp\/v2\/categories?post=318589"},{"taxonomy":"post_tag","embeddable":true,"href":"https:\/\/www.europesays.com\/de\/wp-json\/wp\/v2\/tags?post=318589"}],"curies":[{"name":"wp","href":"https:\/\/api.w.org\/{rel}","templated":true}]}}