{"id":318646,"date":"2025-08-04T15:34:16","date_gmt":"2025-08-04T15:34:16","guid":{"rendered":"https:\/\/www.europesays.com\/de\/318646\/"},"modified":"2025-08-04T15:34:16","modified_gmt":"2025-08-04T15:34:16","slug":"baustelle-wandelemente-wurden-installiert-aktuelle-nachrichten-und-informationen","status":"publish","type":"post","link":"https:\/\/www.europesays.com\/de\/318646\/","title":{"rendered":"Baustelle: Wandelemente wurden installiert | Aktuelle Nachrichten und Informationen"},"content":{"rendered":"<p>Auf dem Gro\u00dfbauprojekt der Schell Wohnbaumanagement 1998 GmbH in Mondorf werden von Woche zu Woche immer mehr Details des Projekts sichtbar. Nach der Betonierung der Kellergeschossdecke im Haus B, wurde nach der Trocknung derselben damit begonnen, Innen-Wandelemente darauf zu installieren. <\/p>\n<p>Auch die Betonierung der Kellergeschossdecke im Haus C (Richtung Provinzialstra\u00dfe) wird in dieser Woche beendet. <\/p>\n<p>Ebenfalls wurde damit begonnen die Ausschachtungsarbeiten gegen\u00fcber des Haus A, in Richtung Oberdorfstra\u00dfe fortzuf\u00fchren.<\/p>\n","protected":false},"excerpt":{"rendered":"Auf dem Gro\u00dfbauprojekt der Schell Wohnbaumanagement 1998 GmbH in Mondorf werden von Woche zu Woche immer mehr Details&hellip;\n","protected":false},"author":2,"featured_media":318647,"comment_status":"","ping_status":"","sticky":false,"template":"","format":"standard","meta":{"footnotes":""},"categories":[1842],"tags":[1741,3364,29,30,1209],"class_list":{"0":"post-318646","1":"post","2":"type-post","3":"status-publish","4":"format-standard","5":"has-post-thumbnail","7":"category-bonn","8":"tag-bonn","9":"tag-de","10":"tag-deutschland","11":"tag-germany","12":"tag-nordrhein-westfalen"},"share_on_mastodon":{"url":"","error":""},"_links":{"self":[{"href":"https:\/\/www.europesays.com\/de\/wp-json\/wp\/v2\/posts\/318646","targetHints":{"allow":["GET"]}}],"collection":[{"href":"https:\/\/www.europesays.com\/de\/wp-json\/wp\/v2\/posts"}],"about":[{"href":"https:\/\/www.europesays.com\/de\/wp-json\/wp\/v2\/types\/post"}],"author":[{"embeddable":true,"href":"https:\/\/www.europesays.com\/de\/wp-json\/wp\/v2\/users\/2"}],"replies":[{"embeddable":true,"href":"https:\/\/www.europesays.com\/de\/wp-json\/wp\/v2\/comments?post=318646"}],"version-history":[{"count":0,"href":"https:\/\/www.europesays.com\/de\/wp-json\/wp\/v2\/posts\/318646\/revisions"}],"wp:featuredmedia":[{"embeddable":true,"href":"https:\/\/www.europesays.com\/de\/wp-json\/wp\/v2\/media\/318647"}],"wp:attachment":[{"href":"https:\/\/www.europesays.com\/de\/wp-json\/wp\/v2\/media?parent=318646"}],"wp:term":[{"taxonomy":"category","embeddable":true,"href":"https:\/\/www.europesays.com\/de\/wp-json\/wp\/v2\/categories?post=318646"},{"taxonomy":"post_tag","embeddable":true,"href":"https:\/\/www.europesays.com\/de\/wp-json\/wp\/v2\/tags?post=318646"}],"curies":[{"name":"wp","href":"https:\/\/api.w.org\/{rel}","templated":true}]}}