{"id":318661,"date":"2025-08-04T15:42:11","date_gmt":"2025-08-04T15:42:11","guid":{"rendered":"https:\/\/www.europesays.com\/de\/318661\/"},"modified":"2025-08-04T15:42:11","modified_gmt":"2025-08-04T15:42:11","slug":"bundespolizei-stoppt-fahrzeug-am-bahnhof-dresden-neustadt-%c2%b7-leipziger-zeitung","status":"publish","type":"post","link":"https:\/\/www.europesays.com\/de\/318661\/","title":{"rendered":"Bundespolizei stoppt Fahrzeug am Bahnhof Dresden-Neustadt \u00b7 Leipziger Zeitung"},"content":{"rendered":"<p>Am Sonntag, dem 03.08.2025, hat die Bundespolizeiinspektion Dresden einen 25-j\u00e4hrigen tunesischen Staatsangeh\u00f6rigen gestoppt, der unberechtigt mit einem Transporter das Gel\u00e4nde des Bahnhofs Dresden-Neustadt befuhr. Die Beamten leiteten mehrere Verfahren ein.<\/p>\n<p>Gegen 14:30 Uhr wurde der Bundespolizei gemeldet, dass ein wei\u00dfer Mercedes Sprinter unerlaubt auf dem Bahnhofsgel\u00e4nde unterwegs sei. Die Streife kontrollierte daraufhin den Fahrer. Der 25-J\u00e4hrige konnte weder die erforderlichen Fahrzeugpapiere noch eine g\u00fcltige Fahrerlaubnis vorweisen. Er gab an, als Paketlieferant unterwegs zu sein.<\/p>\n<p>Bei der \u00dcberpr\u00fcfung des Fahrzeugs entdeckten die Beamten eine geringe Menge einer gr\u00fcnen pflanzlichen Substanz auf dem Armaturenbrett, bei der es sich mutma\u00dflich um Cannabis handelte. Der Fahrer gab zudem an, am Vorabend Cannabis konsumiert zu haben.<\/p>\n<p>Die Polizei Sachsen hat den Sachverhalt zust\u00e4ndigkeitshalber \u00fcbernommen und gegen den Mann eine Strafanzeige wegen Fahrens ohne Fahrerlaubnis gefertigt. Die weiteren Ermittlungen wegen des mutma\u00dflichen Drogenbesitzes und -konsums dauern an.<\/p>\n","protected":false},"excerpt":{"rendered":"Am Sonntag, dem 03.08.2025, hat die Bundespolizeiinspektion Dresden einen 25-j\u00e4hrigen tunesischen Staatsangeh\u00f6rigen gestoppt, der unberechtigt mit einem Transporter&hellip;\n","protected":false},"author":2,"featured_media":63452,"comment_status":"","ping_status":"","sticky":false,"template":"","format":"standard","meta":{"footnotes":""},"categories":[1835],"tags":[421,3364,29,2386,30,121,859],"class_list":{"0":"post-318661","1":"post","2":"type-post","3":"status-publish","4":"format-standard","5":"has-post-thumbnail","7":"category-dresden","8":"tag-bundespolizei","9":"tag-de","10":"tag-deutschland","11":"tag-dresden","12":"tag-germany","13":"tag-polizei","14":"tag-sachsen"},"share_on_mastodon":{"url":"https:\/\/pubeurope.com\/@de\/114971262573154319","error":""},"_links":{"self":[{"href":"https:\/\/www.europesays.com\/de\/wp-json\/wp\/v2\/posts\/318661","targetHints":{"allow":["GET"]}}],"collection":[{"href":"https:\/\/www.europesays.com\/de\/wp-json\/wp\/v2\/posts"}],"about":[{"href":"https:\/\/www.europesays.com\/de\/wp-json\/wp\/v2\/types\/post"}],"author":[{"embeddable":true,"href":"https:\/\/www.europesays.com\/de\/wp-json\/wp\/v2\/users\/2"}],"replies":[{"embeddable":true,"href":"https:\/\/www.europesays.com\/de\/wp-json\/wp\/v2\/comments?post=318661"}],"version-history":[{"count":0,"href":"https:\/\/www.europesays.com\/de\/wp-json\/wp\/v2\/posts\/318661\/revisions"}],"wp:featuredmedia":[{"embeddable":true,"href":"https:\/\/www.europesays.com\/de\/wp-json\/wp\/v2\/media\/63452"}],"wp:attachment":[{"href":"https:\/\/www.europesays.com\/de\/wp-json\/wp\/v2\/media?parent=318661"}],"wp:term":[{"taxonomy":"category","embeddable":true,"href":"https:\/\/www.europesays.com\/de\/wp-json\/wp\/v2\/categories?post=318661"},{"taxonomy":"post_tag","embeddable":true,"href":"https:\/\/www.europesays.com\/de\/wp-json\/wp\/v2\/tags?post=318661"}],"curies":[{"name":"wp","href":"https:\/\/api.w.org\/{rel}","templated":true}]}}