{"id":318676,"date":"2025-08-04T15:50:10","date_gmt":"2025-08-04T15:50:10","guid":{"rendered":"https:\/\/www.europesays.com\/de\/318676\/"},"modified":"2025-08-04T15:50:10","modified_gmt":"2025-08-04T15:50:10","slug":"mit-den-lvb-in-die-schule-%c2%b7-leipziger-zeitung","status":"publish","type":"post","link":"https:\/\/www.europesays.com\/de\/318676\/","title":{"rendered":"Mit den LVB in die Schule \u00b7 Leipziger Zeitung"},"content":{"rendered":"<p>Mit dem Ende der Sommerferien in Sachsen verkehren alle Stra\u00dfenbahn- und Buslinien der Leipziger Verkehrsbetriebe wieder nach Normalfahrplan, Schulfahrten finden wie gewohnt statt. Alle Verkehrsteilnehmenden werden um h\u00f6chste Aufmerksamkeit im Stra\u00dfenverkehr gebeten. Tausende ABC-Sch\u00fctzen sind neu und zum Teil allein unterwegs.<\/p>\n<p>Gleichzeitig enden baubedingte Angebotsver\u00e4nderungen, neue beginnen. Die Stra\u00dfenbahnlinie 7 verkehrt wieder regul\u00e4r bis B\u00f6hlitz-Ehrenberg. In der S\u00fcdvorstadt ist die Kreuzung Karl-Liebknecht-\/Kurt-Eisner-Stra\u00dfe wieder freigegeben und die Buslinien 60, 74 und N60 fahren wieder ihren gewohnten Linienweg.<\/p>\n<p>Weitere Ver\u00e4nderungen im LVB-Linienangebot<\/p>\n<p>Ab 11. August beginnt der grundhafte Ausbau der Gleisanlagen in der L\u00fctzner Stra\u00dfe zwischen Kiewer Stra\u00dfe und Plovdiver Stra\u00dfe in Koordination mit Arbeiten der Leipziger Wasserwerke. Bis Ende Dezember f\u00e4hrt Stra\u00dfenbahnlinie 15 bis zur Ersatzendstelle Gr\u00fcnau-Nord, ein Schienenersatzverkehr f\u00e4hrt zwischen Sch\u00f6nauer Ring und Miltitz.<\/p>\n<p>Zwischen 11. August und 14. September werden zudem die Gleise im Zuge der Breite Stra\u00dfe und Riebeckstra\u00dfe instandgehalten. Die Stra\u00dfenbahnlinie 4 wird umgeleitet und zwischen Gohlis-Nord und St\u00f6tteritz kommt die Baulinie 32 zum Einsatz. Stra\u00dfenbahnlinie 12 f\u00e4hrt nicht.<\/p>\n<p>Aufgrund der Bauma\u00dfnahmen in der Plau\u00dfiger Dorfstra\u00dfe, Volksgartenstra\u00dfe, Zweinaundorfer Stra\u00dfe (in Anger-Crottendorf sowie in M\u00f6lkau) und Gutberletstra\u00dfe sind die Buslinien 71, 72, 73, 77, 82, 83, 90, 172 und N7 weiterhin von teilweise gro\u00dfr\u00e4umigen Umleitungen betroffen.<\/p>\n<p>Alle aktuell g\u00fcltigen Fahrpl\u00e4ne und Verbindungen sind unter www.L.de\/fahrplan oder \u00fcber unsere App LeipzigMOVE abrufbar.<\/p>\n","protected":false},"excerpt":{"rendered":"Mit dem Ende der Sommerferien in Sachsen verkehren alle Stra\u00dfenbahn- und Buslinien der Leipziger Verkehrsbetriebe wieder nach Normalfahrplan,&hellip;\n","protected":false},"author":2,"featured_media":261852,"comment_status":"","ping_status":"","sticky":false,"template":"","format":"standard","meta":{"footnotes":""},"categories":[1832],"tags":[21006,2227,3364,29,30,71,9912,859,4900],"class_list":{"0":"post-318676","1":"post","2":"type-post","3":"status-publish","4":"format-standard","5":"has-post-thumbnail","7":"category-leipzig","8":"tag-busverkehr","9":"tag-bahnverkehr","10":"tag-de","11":"tag-deutschland","12":"tag-germany","13":"tag-leipzig","14":"tag-lvb","15":"tag-sachsen","16":"tag-strassenbahn"},"share_on_mastodon":{"url":"https:\/\/pubeurope.com\/@de\/114971294066294724","error":""},"_links":{"self":[{"href":"https:\/\/www.europesays.com\/de\/wp-json\/wp\/v2\/posts\/318676","targetHints":{"allow":["GET"]}}],"collection":[{"href":"https:\/\/www.europesays.com\/de\/wp-json\/wp\/v2\/posts"}],"about":[{"href":"https:\/\/www.europesays.com\/de\/wp-json\/wp\/v2\/types\/post"}],"author":[{"embeddable":true,"href":"https:\/\/www.europesays.com\/de\/wp-json\/wp\/v2\/users\/2"}],"replies":[{"embeddable":true,"href":"https:\/\/www.europesays.com\/de\/wp-json\/wp\/v2\/comments?post=318676"}],"version-history":[{"count":0,"href":"https:\/\/www.europesays.com\/de\/wp-json\/wp\/v2\/posts\/318676\/revisions"}],"wp:featuredmedia":[{"embeddable":true,"href":"https:\/\/www.europesays.com\/de\/wp-json\/wp\/v2\/media\/261852"}],"wp:attachment":[{"href":"https:\/\/www.europesays.com\/de\/wp-json\/wp\/v2\/media?parent=318676"}],"wp:term":[{"taxonomy":"category","embeddable":true,"href":"https:\/\/www.europesays.com\/de\/wp-json\/wp\/v2\/categories?post=318676"},{"taxonomy":"post_tag","embeddable":true,"href":"https:\/\/www.europesays.com\/de\/wp-json\/wp\/v2\/tags?post=318676"}],"curies":[{"name":"wp","href":"https:\/\/api.w.org\/{rel}","templated":true}]}}