{"id":318694,"date":"2025-08-04T16:00:11","date_gmt":"2025-08-04T16:00:11","guid":{"rendered":"https:\/\/www.europesays.com\/de\/318694\/"},"modified":"2025-08-04T16:00:11","modified_gmt":"2025-08-04T16:00:11","slug":"muenchen-totschlag-in-der-psychatrie-keine-neuen-ermittlungen-muenchen","status":"publish","type":"post","link":"https:\/\/www.europesays.com\/de\/318694\/","title":{"rendered":"M\u00fcnchen: Totschlag in der Psychatrie &#8211; keine neuen Ermittlungen &#8211; M\u00fcnchen"},"content":{"rendered":"<p data-manual=\"paragraph\" data-schema-org-speakable=\"true\" class=\"css-xboolz\">Nach dem gewaltsamen Tod einer Patientin in einer M\u00fcnchner Psychiatrie ist ihre Familie mit dem Versuch gescheitert, neue Ermittlungen zu erzwingen. Das Oberlandesgericht (OLG) <a href=\"https:\/\/www.sueddeutsche.de\/thema\/M%C3%BCnchen\" target=\"_blank\" rel=\"noopener\">M\u00fcnchen<\/a> lehnte einen entsprechenden Antrag als unzul\u00e4ssig ab.<\/p>\n<p data-manual=\"paragraph\" data-schema-org-speakable=\"true\" class=\"css-xboolz\">Die 40 Jahre alte Kamilla Nagy wurde am 31. Mai 2022 im <a href=\"https:\/\/www.sueddeutsche.de\/thema\/Isar-Amper-Klinikum\" target=\"_blank\" rel=\"noopener\">Isar-Amper-Klinikum<\/a> in Haar von einem dort zwangsweise untergebrachten Mann get\u00f6tet. Er r\u00e4umte sp\u00e4ter im Prozess vor dem Landgericht M\u00fcnchen I ein, sie mit einer Metallstange gequ\u00e4lt, mit ihrem Pullover stranguliert und dann Feuer gelegt zu haben. Der Mann war erst wenige Stunden vor der Tat in die Klinik eingewiesen worden, weil er der Polizei gesagt hatte, dass er einen Hund auf Anordnung Gottes get\u00f6tet habe und einen Menschen umbringen werde.<\/p>\n<p data-manual=\"paragraph\" data-schema-org-speakable=\"true\" class=\"css-xboolz\">Warum konnte der Mann seine Mitpatientin ungest\u00f6rt attackieren? Warum griff niemand ein? Fragen wie diese stellten sich die Eltern der Get\u00f6teten \u2013\u00a0und zeitweise tat das auch die Staatsanwaltschaft M\u00fcnchen I. 2022 leitete sie ein Ermittlungsverfahren gegen Unbekannt ein, um zu kl\u00e4ren, \u201eob ein strafrechtlich relevantes Unterlassen der behandelnden \u00c4rzte oder des Pflegepersonals im Zusammenhang mit dem Tod der Gesch\u00e4digten feststellbar ist, das die Tat des mittlerweile rechtskr\u00e4ftig verurteilten Beschuldigten erm\u00f6glichte oder vereinfachte\u201c, wie eine Sprecherin der Beh\u00f6rde mitteilte.<\/p>\n<p data-manual=\"paragraph\" data-schema-org-speakable=\"true\" class=\"css-xboolz\">Der Vorwurf, der im Raum stand: fahrl\u00e4ssige T\u00f6tung durch Unterlassen. Die Ermittlungen wurden jedoch im Januar 2025 eingestellt. Einer Beschwerde dagegen gab die Generalstaatsanwaltschaft M\u00fcnchen nicht statt.<\/p>\n<p data-manual=\"paragraph\" data-schema-org-speakable=\"true\" class=\"css-xboolz\">Dagegen wehrte sich die Familie dann vor dem OLG \u2013\u00a0allerdings erfolglos, wie nun feststeht. Das Gericht lehnte den Antrag auf Klageerzwingung ab. Die Aufnahme neuer Ermittlungen k\u00f6nne mit diesem Antrag nicht erreicht werden, hie\u00df es. Au\u00dferdem fehle es an der Darstellung eines konkreten Sachverhalts, der ein strafbares Handeln von \u00c4rzten und Klinikmitarbeitern erkennen lie\u00dfe.<\/p>\n","protected":false},"excerpt":{"rendered":"Nach dem gewaltsamen Tod einer Patientin in einer M\u00fcnchner Psychiatrie ist ihre Familie mit dem Versuch gescheitert, neue&hellip;\n","protected":false},"author":2,"featured_media":318695,"comment_status":"","ping_status":"","sticky":false,"template":"","format":"standard","meta":{"footnotes":""},"categories":[1827],"tags":[772,29,2634,30,2808,90939,1268,3093,149],"class_list":{"0":"post-318694","1":"post","2":"type-post","3":"status-publish","4":"format-standard","5":"has-post-thumbnail","7":"category-muenchen","8":"tag-bayern","9":"tag-deutschland","10":"tag-gerichtsprozesse-in-muenchen","11":"tag-germany","12":"tag-gesundheit-in-muenchen","13":"tag-isar-amper-klinikum","14":"tag-muenchen","15":"tag-polizei-und-feuerwehr-in-muenchen","16":"tag-sueddeutsche-zeitung"},"share_on_mastodon":{"url":"https:\/\/pubeurope.com\/@de\/114971333444740874","error":""},"_links":{"self":[{"href":"https:\/\/www.europesays.com\/de\/wp-json\/wp\/v2\/posts\/318694","targetHints":{"allow":["GET"]}}],"collection":[{"href":"https:\/\/www.europesays.com\/de\/wp-json\/wp\/v2\/posts"}],"about":[{"href":"https:\/\/www.europesays.com\/de\/wp-json\/wp\/v2\/types\/post"}],"author":[{"embeddable":true,"href":"https:\/\/www.europesays.com\/de\/wp-json\/wp\/v2\/users\/2"}],"replies":[{"embeddable":true,"href":"https:\/\/www.europesays.com\/de\/wp-json\/wp\/v2\/comments?post=318694"}],"version-history":[{"count":0,"href":"https:\/\/www.europesays.com\/de\/wp-json\/wp\/v2\/posts\/318694\/revisions"}],"wp:featuredmedia":[{"embeddable":true,"href":"https:\/\/www.europesays.com\/de\/wp-json\/wp\/v2\/media\/318695"}],"wp:attachment":[{"href":"https:\/\/www.europesays.com\/de\/wp-json\/wp\/v2\/media?parent=318694"}],"wp:term":[{"taxonomy":"category","embeddable":true,"href":"https:\/\/www.europesays.com\/de\/wp-json\/wp\/v2\/categories?post=318694"},{"taxonomy":"post_tag","embeddable":true,"href":"https:\/\/www.europesays.com\/de\/wp-json\/wp\/v2\/tags?post=318694"}],"curies":[{"name":"wp","href":"https:\/\/api.w.org\/{rel}","templated":true}]}}