{"id":318736,"date":"2025-08-04T16:21:12","date_gmt":"2025-08-04T16:21:12","guid":{"rendered":"https:\/\/www.europesays.com\/de\/318736\/"},"modified":"2025-08-04T16:21:12","modified_gmt":"2025-08-04T16:21:12","slug":"trump-wettert-nach-senats-niederlage-ueber-top-demokrat-fahr-zur-hoelle","status":"publish","type":"post","link":"https:\/\/www.europesays.com\/de\/318736\/","title":{"rendered":"Trump wettert nach Senats-Niederlage \u00fcber Top-Demokrat \u2013 \u201eFahr zur H\u00f6lle\u201c"},"content":{"rendered":"<ol class=\"id-DonaldBreadcrumb lp_west_breadcrumb id-DonaldBreadcrumb--default\" data-k5a-pos=\"west_breadcrumb\">\n<li class=\"id-Breadcrumb-item\"><a href=\"https:\/\/www.fr.de\/\" class=\"id-Breadcrumb-link\" data-id-ec=\"{\" shn=\"\" textlink=\"\" data-k5a-pos=\"1_startseite\" rel=\"nofollow noopener\" target=\"_blank\">Startseite<\/a><\/li>\n<li class=\"id-Breadcrumb-item\"><a href=\"https:\/\/www.fr.de\/politik\/\" class=\"id-Breadcrumb-link\" data-id-ec=\"{\" shn=\"\" textlink=\"\" data-k5a-pos=\"2_politik\" rel=\"nofollow noopener\" target=\"_blank\">Politik<\/a><\/li>\n<\/ol>\n<p class=\"id-Story-timestamp id-Story-timestamp--default\">Stand: 04.08.2025, 16:12 Uhr<\/p>\n<p class=\"id-Story-authors id-Story-authors--default\">Von: <a class=\"id-Story-authors-link lp_west_author\" href=\"https:\/\/www.fr.de\/autor\/babett-gumbrecht-i0ortoi2.html\" title=\"Zur Autorenseite von Babett Gumbrecht\" data-id-ec=\"{\" shn=\"\" author-link=\"\" gumbrecht=\"\" data-k5a-pos=\"west_author\" rel=\"nofollow noopener\" target=\"_blank\">Babett Gumbrecht<\/a><\/p>\n<p class=\"id-Story-interactionBar id-Story-interactionBar--default\">DruckenTeilen<\/p>\n<p class=\"id-StoryElement-leadText\">Vor der Sommerpause des Senats brachte ein Social-Media-Ausbruch des Pr\u00e4sidenten die wochenlangen Gespr\u00e4che \u00fcber seine Regierungskandidaten zum Kollaps.<\/p>\n<p class=\"id-StoryElement-paragraph\">Washington D.C. \u2013 Die amerikanische Politik erlebte am Samstag (2. August) einen dramatischen Moment: Pr\u00e4sident <a href=\"https:\/\/www.fr.de\/politik\/donald-trump-per32650\/\" class=\"id-import-Link\" title=\"Donald Trump\" data-id-ec=\"{&quot;sht&quot;:&quot;Container&quot;,&quot;shn&quot;:&quot;Story&quot;,&quot;p&quot;:{&quot;containerType&quot;:&quot;Paragraph&quot;,&quot;displayType&quot;:&quot;Paragraph InlineLink&quot;,&quot;type&quot;:&quot;INLINE_LINK&quot;,&quot;value&quot;:&quot;Donald Trump&quot;,&quot;variant&quot;:&quot;standardLink&quot;,&quot;sponsored&quot;:false,&quot;linkHref&quot;:&quot;https:\/\/www.fr.de\/politik\/donald-trump-per32650\/&quot;,&quot;storyElementPosition&quot;:8,&quot;storyElementCount&quot;:26}}\" rel=\"nofollow noopener\" target=\"_blank\">Donald Trump<\/a> forderte Senatsf\u00fchrer Chuck Schumer in einem Truth-Social-Post auf, \u201ezur H\u00f6lle zu fahren\u201c. Damit beendete Trump schlagartig alle Verhandlungen \u00fcber seine blockierten Regierungskandidaten.<\/p>\n<p>Demokraten nutzen Senatsregel f\u00fcr Trump-Blockade: Dutzende Regierungskandidaten nicht best\u00e4tigt<\/p>\n<p class=\"id-StoryElement-paragraph\">W\u00e4hrend Trumps Kabinett bereits zu Beginn seiner Amtszeit komplett besetzt wurde &#8211; wenn auch unter heftigem <a href=\"https:\/\/www.fr.de\/politik\/demokraten-republikaner-neuer-us-prasident-donald-trump-usa-zr-93475326.html\" class=\"id-import-Link\" data-id-ec=\"{&quot;sht&quot;:&quot;Container&quot;,&quot;shn&quot;:&quot;Story&quot;,&quot;p&quot;:{&quot;containerType&quot;:&quot;Paragraph&quot;,&quot;displayType&quot;:&quot;Paragraph InlineLink&quot;,&quot;type&quot;:&quot;INLINE_LINK&quot;,&quot;value&quot;:&quot;demokratischen Widerstand&quot;,&quot;variant&quot;:&quot;standardLink&quot;,&quot;sponsored&quot;:false,&quot;linkHref&quot;:&quot;https:\/\/www.fr.de\/politik\/demokraten-republikaner-neuer-us-prasident-donald-trump-usa-zr-93475326.html&quot;,&quot;storyElementPosition&quot;:11,&quot;storyElementCount&quot;:26}}\" rel=\"nofollow noopener\" target=\"_blank\">demokratischen Widerstand<\/a> &#8211; setzen die <a href=\"https:\/\/www.fr.de\/politik\/demokratische-partei-democrats-usa-joe-biden-geschichte-washington-91095311.html\" class=\"id-import-Link\" data-id-ec=\"{&quot;sht&quot;:&quot;Container&quot;,&quot;shn&quot;:&quot;Story&quot;,&quot;p&quot;:{&quot;containerType&quot;:&quot;Paragraph&quot;,&quot;displayType&quot;:&quot;Paragraph InlineLink&quot;,&quot;type&quot;:&quot;INLINE_LINK&quot;,&quot;value&quot;:&quot;Demokraten&quot;,&quot;variant&quot;:&quot;standardLink&quot;,&quot;sponsored&quot;:false,&quot;linkHref&quot;:&quot;https:\/\/www.fr.de\/politik\/demokratische-partei-democrats-usa-joe-biden-geschichte-washington-91095311.html&quot;,&quot;storyElementPosition&quot;:11,&quot;storyElementCount&quot;:26}}\" rel=\"nofollow noopener\" target=\"_blank\">Demokraten<\/a> ihre Blockade bei den niedrigeren Regierungsebenen fort. Mit Filibustern &#8211; einer Senatsregel, die es Minderheiten erlaubt, Abstimmungen durch endlose Debatten zu verz\u00f6gern, bis 60 der 100 Senatoren f\u00fcr eine Beendigung stimmen &#8211; blockieren sie systematisch die Best\u00e4tigung von Dutzenden Unterstaatssekret\u00e4ren, Beh\u00f6rdenleitern, Botschaftern und Bundesrichtern. Diese sind aber f\u00fcr die t\u00e4gliche Regierungsarbeit entscheidend.<\/p>\n<p>Donald Trumps Kabinett: Liste voller skandal\u00f6ser \u00dcberraschungen<img decoding=\"async\" class=\"id-RatioPlaceholder-element wv_story_el_interstitialImage\" src=\"https:\/\/www.europesays.com\/de\/wp-content\/uploads\/2025\/03\/37483352-trump-kabinett-Mfe.jpg\" loading=\"lazy\"   height=\"4000\" width=\"6000\" alt=\"Trump-Kabinett\"\/><a href=\"https:\/\/www.fr.de\/politik\/trump-team-kabinett-weisses-haus-posten-familie-prominente-minister-donald-zr-93407596.html\" class=\"id-StoryElement-intestitialLink-link\" data-id-ec=\"{\" shn=\"\" ansehen=\"\" data-k5a-pos=\"west_story_12_photoGalleryLink\" title=\"Zur Fotostrecke: Donald Trumps Kabinett: Liste voller skandal&#xF6;ser &#xDC;berraschungen\" rel=\"nofollow noopener\" target=\"_blank\">Fotostrecke ansehen<\/a><\/p>\n<p class=\"id-StoryElement-paragraph\">Bereits bei den Kabinettskandidaten im Januar und Februar hatte sich das beispiellose Ausma\u00df der demokratischen Opposition gezeigt: Nur <a href=\"https:\/\/www.merkur.de\/thema\/marco-rubio-per38015\/\" target=\"_blank\" class=\"id-import-Link id-pageApi-Link--externalDomain\" data-id-ec=\"{&quot;sht&quot;:&quot;Container&quot;,&quot;shn&quot;:&quot;Story&quot;,&quot;p&quot;:{&quot;containerType&quot;:&quot;Paragraph&quot;,&quot;displayType&quot;:&quot;Paragraph InlineLink&quot;,&quot;type&quot;:&quot;INLINE_LINK&quot;,&quot;value&quot;:&quot;Au&#xDF;enminister Marco Rubio&quot;,&quot;variant&quot;:&quot;standardLink&quot;,&quot;sponsored&quot;:false,&quot;linkHref&quot;:&quot;https:\/\/www.merkur.de\/thema\/marco-rubio-per38015\/&quot;,&quot;storyElementPosition&quot;:14,&quot;storyElementCount&quot;:26}}\" rel=\"nofollow noopener\">Au\u00dfenminister Marco Rubio<\/a> wurde damals einstimmig best\u00e4tigt, w\u00e4hrend sechs Kabinettsmitglieder null demokratische Stimmen erhielten. Darunter der Verteidigungsminister Pete Hegseth, berichtet CNN. <\/p>\n<p>Stillstand dauert weiter an: Trump will Bedingungen von Demokraten nicht zustimmen<\/p>\n<p class=\"id-StoryElement-paragraph\">Anfang August schien eine L\u00f6sung greifbar nah. Senatsf\u00fchrer John Thune, Schumer und das Wei\u00dfe Haus f\u00fchrten intensive Verhandlungen, um den wochenlangen Stillstand zu beenden. Schumer war bereit, einer schnelleren Best\u00e4tigung von Trumps ausstehenden Kandidaten zuzustimmen, stellte aber konkrete Bedingungen: Die <a href=\"https:\/\/www.fr.de\/politik\/gezerre-um-entwicklungshilfe-milliarden-schlappe-fuer-trump-zr-93609148.html\" class=\"id-import-Link\" data-id-ec=\"{&quot;sht&quot;:&quot;Container&quot;,&quot;shn&quot;:&quot;Story&quot;,&quot;p&quot;:{&quot;containerType&quot;:&quot;Paragraph&quot;,&quot;displayType&quot;:&quot;Paragraph InlineLink&quot;,&quot;type&quot;:&quot;INLINE_LINK&quot;,&quot;value&quot;:&quot;eingefrorenen Bundesmittel f&#xFC;r Programme&quot;,&quot;variant&quot;:&quot;standardLink&quot;,&quot;sponsored&quot;:false,&quot;linkHref&quot;:&quot;https:\/\/www.fr.de\/politik\/gezerre-um-entwicklungshilfe-milliarden-schlappe-fuer-trump-zr-93609148.html&quot;,&quot;storyElementPosition&quot;:16,&quot;storyElementCount&quot;:26}}\" rel=\"nofollow noopener\" target=\"_blank\">eingefrorenen Bundesmittel f\u00fcr Programme<\/a> wie die National Institutes of Health und Auslandshilfe sollten freigegeben werden. Au\u00dferdem sollte Trump zusagen, keine weiteren K\u00fcrzungspakete durchzusetzen.<\/p>\n<blockquote class=\"id-StoryElement-blockquote\">\n<p class=\"id-StoryElement-blockquote-text\">Der heulende Senator Chuck Schumer verlangt \u00fcber eine Milliarde Dollar, um eine kleine Anzahl unserer hochqualifizierten Kandidaten zu best\u00e4tigen, die eigentlich dazu beitragen sollten, unser Land zu regieren.\u00a0<\/p>\n<\/blockquote>\n<p class=\"id-StoryElement-paragraph\">Am Samstag (2. August) postete Trump dann auf seinem Netzwerk Truth Social: \u201eDer heulende Senator Chuck Schumer verlangt \u00fcber eine Milliarde Dollar, um eine kleine Anzahl unserer hochqualifizierten Kandidaten zu best\u00e4tigen, die eigentlich dazu beitragen sollten, unser Land zu regieren\u201c. Trump bezeichnete Schumers Forderungen als \u201eungeheuerlich und beispiellos\u201c. Er forderte seine republikanischen Kollegen auf: \u201eNehmen Sie das Angebot nicht an, gehen Sie nach Hause und erkl\u00e4ren Sie Ihren W\u00e4hlern, was f\u00fcr schlechte Menschen die Demokraten sind\u201c. <\/p>\n<p>Trumps Wutausbruch auf Truth Social beendet Verhandlungen: Senat startet Sommerpause ohne Einigung<\/p>\n<p class=\"id-StoryElement-paragraph\">Schumer reagierte mit Spott: \u201eIn einem Wutanfall warf Trump das Handtuch. Ist das die \u201aArt of the Deal\u2018?\u201c Der Senat ging ohne Einigung in die Sommerpause. Dutzende Regierungsposten bleiben nun unbesetzt. Der Pr\u00e4sident hatte urspr\u00fcnglich gewollt, dass der Senat seine Kandidaten best\u00e4tigt, auch wenn das bedeutet h\u00e4tte, die Sommerpause zu streichen. <\/p>\n<p><img decoding=\"async\" class=\"id-RatioPlaceholder-element wv_story_el_image\" src=\"https:\/\/www.europesays.com\/de\/wp-content\/uploads\/2025\/08\/39202760-truth-social-donald-trump-profil-symbolbild-NMBG.jpg\" loading=\"lazy\"   height=\"733\" width=\"1100\" alt=\"Photo illustration in Paraguay. In this photo illustration, the official profile of the former president of the United S\"\/>Auf seinem Truth Social Profil postet Trump des \u00d6fteren Seitenhiebe &#8211; auch gegen Demokraten.   \u00a9\u00a0IMAGO\/Jaque Silva \/ SOPA Images<\/p>\n<p class=\"id-StoryElement-paragraph\">Die <a href=\"https:\/\/www.fr.de\/politik\/republikanische-partei-republikaner-usa-donald-trump-ronald-reagan-richard-nixon-91087649.html\" class=\"id-import-Link\" data-id-ec=\"{&quot;sht&quot;:&quot;Container&quot;,&quot;shn&quot;:&quot;Story&quot;,&quot;p&quot;:{&quot;containerType&quot;:&quot;Paragraph&quot;,&quot;displayType&quot;:&quot;Paragraph InlineLink&quot;,&quot;type&quot;:&quot;INLINE_LINK&quot;,&quot;value&quot;:&quot;Republikaner&quot;,&quot;variant&quot;:&quot;standardLink&quot;,&quot;sponsored&quot;:false,&quot;linkHref&quot;:&quot;https:\/\/www.fr.de\/politik\/republikanische-partei-republikaner-usa-donald-trump-ronald-reagan-richard-nixon-91087649.html&quot;,&quot;storyElementPosition&quot;:25,&quot;storyElementCount&quot;:26}}\" rel=\"nofollow noopener\" target=\"_blank\">Republikaner<\/a> drohen nun mit Regel\u00e4nderungen im September, um k\u00fcnftige demokratische Blockaden zu umgehen. Senatsf\u00fchrer Thune deutete bereits an, dass seine Fraktion bereit ist, drastische Schritte zu unternehmen: \u201eEs wird einige Gespr\u00e4che dar\u00fcber geben, wie wir das im Laufe des n\u00e4chsten Monats beheben k\u00f6nnen, und ich denke, das ist eine deutliche M\u00f6glichkeit\u201c, zitiert in CNN.<\/p>\n<p class=\"id-StoryElement-paragraph\">Die diskutierten Optionen umfassen eine Beschleunigung der Bearbeitungszeit f\u00fcr Kandidaten oder die Gruppierung mehrerer Nominierungen. Wenn der Senat nach dem Labor Day am 2. September aus der Pause zur\u00fcckkehrt, wird sich zeigen, ob die Republikaner ihre Drohung wahrmachen und die jahrhundertealten Senatsregeln \u00e4ndern. (bg)<\/p>\n","protected":false},"excerpt":{"rendered":"Startseite Politik Stand: 04.08.2025, 16:12 Uhr Von: Babett Gumbrecht DruckenTeilen Vor der Sommerpause des Senats brachte ein Social-Media-Ausbruch&hellip;\n","protected":false},"author":2,"featured_media":318737,"comment_status":"","ping_status":"","sticky":false,"template":"","format":"standard","meta":{"footnotes":""},"categories":[3],"tags":[13,14,15,12,10,8,9,11,103,104],"class_list":{"0":"post-318736","1":"post","2":"type-post","3":"status-publish","4":"format-standard","5":"has-post-thumbnail","7":"category-welt","8":"tag-headlines","9":"tag-nachrichten","10":"tag-news","11":"tag-schlagzeilen","12":"tag-top-news","13":"tag-top-meldungen","14":"tag-topmeldungen","15":"tag-topnews","16":"tag-welt","17":"tag-world"},"share_on_mastodon":{"url":"https:\/\/pubeurope.com\/@de\/114971415984705374","error":""},"_links":{"self":[{"href":"https:\/\/www.europesays.com\/de\/wp-json\/wp\/v2\/posts\/318736","targetHints":{"allow":["GET"]}}],"collection":[{"href":"https:\/\/www.europesays.com\/de\/wp-json\/wp\/v2\/posts"}],"about":[{"href":"https:\/\/www.europesays.com\/de\/wp-json\/wp\/v2\/types\/post"}],"author":[{"embeddable":true,"href":"https:\/\/www.europesays.com\/de\/wp-json\/wp\/v2\/users\/2"}],"replies":[{"embeddable":true,"href":"https:\/\/www.europesays.com\/de\/wp-json\/wp\/v2\/comments?post=318736"}],"version-history":[{"count":0,"href":"https:\/\/www.europesays.com\/de\/wp-json\/wp\/v2\/posts\/318736\/revisions"}],"wp:featuredmedia":[{"embeddable":true,"href":"https:\/\/www.europesays.com\/de\/wp-json\/wp\/v2\/media\/318737"}],"wp:attachment":[{"href":"https:\/\/www.europesays.com\/de\/wp-json\/wp\/v2\/media?parent=318736"}],"wp:term":[{"taxonomy":"category","embeddable":true,"href":"https:\/\/www.europesays.com\/de\/wp-json\/wp\/v2\/categories?post=318736"},{"taxonomy":"post_tag","embeddable":true,"href":"https:\/\/www.europesays.com\/de\/wp-json\/wp\/v2\/tags?post=318736"}],"curies":[{"name":"wp","href":"https:\/\/api.w.org\/{rel}","templated":true}]}}