{"id":318756,"date":"2025-08-04T16:31:11","date_gmt":"2025-08-04T16:31:11","guid":{"rendered":"https:\/\/www.europesays.com\/de\/318756\/"},"modified":"2025-08-04T16:31:11","modified_gmt":"2025-08-04T16:31:11","slug":"so-kommt-ihr-mit-dem-oepnv-zur-rheingauer-weinwoche-in-wiesbaden","status":"publish","type":"post","link":"https:\/\/www.europesays.com\/de\/318756\/","title":{"rendered":"So kommt ihr mit dem \u00d6PNV zur Rheingauer Weinwoche in Wiesbaden"},"content":{"rendered":"<p>Die Rheingauer Weinwoche 2025 findet von Freitag (8. August) bis Sonntag (17. August) in Wiesbaden statt. ESWE Verkehr setzt daf\u00fcr mehr Busse ein und bietet ein spezielles Veranstaltungsticket an.<\/p>\n<p>Das Veranstaltungsticket kostet f\u00fcr Erwachsene 5,20 Euro und f\u00fcr Kinder 3 Euro. Es gilt am jeweiligen Veranstaltungstag f\u00fcr Hin- und R\u00fcckfahrt im gesamten Tarifgebiet 6500 (Wiesbaden, Mainz und Umland) bis 5 Uhr des Folgetages, oder bis zum Ende der letzten Nightliner-Fahrt. Wichtig: Das Ticket muss sowohl bei der Hin- als auch bei der R\u00fcckfahrt entwertet werden.<\/p>\n<p>Zus\u00e4tzliche Busse und Nightliner<\/p>\n<p>An den beiden Wochenenden  gibt es zus\u00e4tzliche Abendbusse und Nightliner. So f\u00e4hrt zum Beispiel die Linie 6 um 0:12 Uhr und 1:12 Uhr vom Dernschen Gel\u00e4nde \u00fcber den Platz der Deutschen Einheit zum Mainzer Hauptbahnhof. Auch die Nightliner bieten zus\u00e4tzliche Fahrten an, etwa der N2 um 1:18 Uhr ab Luisenplatz nach Erbenheim, Nordenstadt, Wallau und Delkenheim.<\/p>\n<p>Wein-Gutschein f\u00fcr Ticketinhaber<\/p>\n<p>Als Extra erhalten Besucher gegen Vorlage des Veranstaltungstickets einen Gutschein f\u00fcr ein Glas Wein bei ausgew\u00e4hlten Winzern. Die Gutscheine gibt es t\u00e4glich von 12 bis 20:30 Uhr am Stand des Citymanagements auf H\u00f6he Marktstra\u00dfe 10 vor der Mobilit\u00e4tszentrale.<\/p>\n<p>Die Tickets sind in allen Vorverkaufsstellen, an Fahrausweisautomaten und beim Fahrpersonal erh\u00e4ltlich. Die Standorte aller Vorverkaufsstellen und Fahrscheinautomaten sind im interaktiven Liniennetzplan auf <a href=\"https:\/\/www.netzplan-wiesbaden.de\/maps\/tlnp\" title=\"\" rel=\"nofollow noopener\" target=\"_blank\">www.netzplan-wiesbaden.de<\/a> verzeichnet.<\/p>\n<p>Das k\u00f6nnte euch auch interessieren:<\/p>\n","protected":false},"excerpt":{"rendered":"Die Rheingauer Weinwoche 2025 findet von Freitag (8. August) bis Sonntag (17. August) in Wiesbaden statt. ESWE Verkehr&hellip;\n","protected":false},"author":2,"featured_media":318757,"comment_status":"","ping_status":"","sticky":false,"template":"","format":"standard","meta":{"footnotes":""},"categories":[1847],"tags":[3364,29,548,663,3934,30,13,2052,14,15,12,4544],"class_list":{"0":"post-318756","1":"post","2":"type-post","3":"status-publish","4":"format-standard","5":"has-post-thumbnail","7":"category-wiesbaden","8":"tag-de","9":"tag-deutschland","10":"tag-eu","11":"tag-europa","12":"tag-europe","13":"tag-germany","14":"tag-headlines","15":"tag-hessen","16":"tag-nachrichten","17":"tag-news","18":"tag-schlagzeilen","19":"tag-wiesbaden"},"share_on_mastodon":{"url":"https:\/\/pubeurope.com\/@de\/114971455367577114","error":""},"_links":{"self":[{"href":"https:\/\/www.europesays.com\/de\/wp-json\/wp\/v2\/posts\/318756","targetHints":{"allow":["GET"]}}],"collection":[{"href":"https:\/\/www.europesays.com\/de\/wp-json\/wp\/v2\/posts"}],"about":[{"href":"https:\/\/www.europesays.com\/de\/wp-json\/wp\/v2\/types\/post"}],"author":[{"embeddable":true,"href":"https:\/\/www.europesays.com\/de\/wp-json\/wp\/v2\/users\/2"}],"replies":[{"embeddable":true,"href":"https:\/\/www.europesays.com\/de\/wp-json\/wp\/v2\/comments?post=318756"}],"version-history":[{"count":0,"href":"https:\/\/www.europesays.com\/de\/wp-json\/wp\/v2\/posts\/318756\/revisions"}],"wp:featuredmedia":[{"embeddable":true,"href":"https:\/\/www.europesays.com\/de\/wp-json\/wp\/v2\/media\/318757"}],"wp:attachment":[{"href":"https:\/\/www.europesays.com\/de\/wp-json\/wp\/v2\/media?parent=318756"}],"wp:term":[{"taxonomy":"category","embeddable":true,"href":"https:\/\/www.europesays.com\/de\/wp-json\/wp\/v2\/categories?post=318756"},{"taxonomy":"post_tag","embeddable":true,"href":"https:\/\/www.europesays.com\/de\/wp-json\/wp\/v2\/tags?post=318756"}],"curies":[{"name":"wp","href":"https:\/\/api.w.org\/{rel}","templated":true}]}}