{"id":318774,"date":"2025-08-04T16:41:11","date_gmt":"2025-08-04T16:41:11","guid":{"rendered":"https:\/\/www.europesays.com\/de\/318774\/"},"modified":"2025-08-04T16:41:11","modified_gmt":"2025-08-04T16:41:11","slug":"opfer-von-schussattacke-sagt-vor-landgericht-wuppertal-aus","status":"publish","type":"post","link":"https:\/\/www.europesays.com\/de\/318774\/","title":{"rendered":"Opfer von Schussattacke sagt vor Landgericht Wuppertal aus"},"content":{"rendered":"<p>Fast gestorben \u2013 jetzt im ZeugenstandOpfer von Schussattacke sagt vor Landgericht Wuppertal aus<\/p>\n<p>4. August 2025 um 18:33 Uhr<\/p>\n<p class=\"AnnotatedMarkup_paragraph__IUT9l\">Ein Streit um eine Frau endet beinahe t\u00f6dlich: Josue Ilunga wird im Februar durch einen Schuss schwer verletzt. Am Montag (04.08.) sagt der 24-J\u00e4hrige als Zeuge vor dem Landgericht Wuppertal aus \u2013 und schildert, wie er nur knapp dem Tod entkommen ist.<\/p>\n<p>Angeklagter schie\u00dft aus dem Auto \u2013 Opfer \u00fcberlebt nur knapp<\/p>\n<p class=\"AnnotatedMarkup_paragraph__IUT9l\">Josue Ilunga steht am Montag (04.08.) vor dem Saal im Landgericht Wuppertal \u2013 lebend. Anfang Februar trifft ihn eine Kugel in die Schulter. \u201eJa, nat\u00fcrlich h\u00e4tte ich gedacht, dass ich jetzt gleich mein Leben verliere. Aber letzten Endes hat der liebe Gott Mitleid mit mir gehabt und hat mir das Leben Gott sei Dank gerettet\u201c, sagt Ilunga r\u00fcckblickend. Der Sch\u00fctze: Ali H.. Eifersucht war wohl das Motiv. Es ging um die Freundin des T\u00e4ters. Zun\u00e4chst soll der \u00c4gypter Ilunga auf einem Parkplatz mit einer Waffe bedroht haben. Kurz danach folgt ein weiteres Treffen \u2013 angeblich nur zum Gespr\u00e4ch. Doch dann f\u00e4llt der Schuss. Ali H. sitzt auf dem Beifahrersitz, als er mit einer Pistole durch das offene Fenster feuert. \u201eDer Angeklagte soll aus dem offenen Fenster mit einer Pistole auf den Oberk\u00f6rper des Zeugen geschossen haben\u201c, so Gerichtssprecherin Katharina Keil. Ilunga wird schwer verletzt, verliert viel Blut und \u00fcberlebt nur durch eine Notoperation. \u201eIch bin doch nicht v\u00f6llig gesund. Das wird noch einige Monate dauern. Aber da k\u00e4mpfe ich. Ich bleibe optimistisch\u201c, sagt er heute im Prozess.<\/p>\n<p>Mitangeklagter bestreitet Schuld \u2013 Urteil am Mittwoch (06.08.)<\/p>\n<p class=\"AnnotatedMarkup_paragraph__IUT9l\">Mit im Auto: Deniz Can K., ein Freund des Hauptt\u00e4ters. Er sitzt am Steuer \u2013 und ist wegen Beihilfe mitangeklagt. Aber sein Verteidiger weist die Vorw\u00fcrfe zur\u00fcck. Claus Peter Schmidt, Anwalt von K., sagt: \u201eWir sind der \u00dcberzeugung, dass unser Mandant unschuldig ist, weil er nicht wusste, dass der Hauptt\u00e4ter schie\u00dfen will und schie\u00dfen w\u00fcrde.\u201c Ali H. gesteht den Schuss \u2013 bestreitet aber eine T\u00f6tungsabsicht. Josue Ilunga hofft auf ein gerechtes Urteil: \u201eJetzt stehe ich hier und hoffe auf Gerechtigkeit.\u201c Das Urteil gegen Ali H. und Deniz Can K. wird am Mittwoch (06.08.) erwartet. Ali H. droht eine lebenslange Freiheitsstrafe wegen versuchten Mordes. Sein mutma\u00dflicher Komplize k\u00f6nnte bis zu 15 Jahre Haft erhalten.<\/p>\n","protected":false},"excerpt":{"rendered":"Fast gestorben \u2013 jetzt im ZeugenstandOpfer von Schussattacke sagt vor Landgericht Wuppertal aus 4. August 2025 um 18:33&hellip;\n","protected":false},"author":2,"featured_media":318775,"comment_status":"","ping_status":"","sticky":false,"template":"","format":"standard","meta":{"footnotes":""},"categories":[1840],"tags":[3364,29,2690,30,5827,5828,1209,1269,5830,5829,5825,5826,5824,55793,4418],"class_list":{"0":"post-318774","1":"post","2":"type-post","3":"status-publish","4":"format-standard","5":"has-post-thumbnail","7":"category-wuppertal","8":"tag-de","9":"tag-deutschland","10":"tag-gericht","11":"tag-germany","12":"tag-nachrichten-nrw","13":"tag-news-nrw","14":"tag-nordrhein-westfalen","15":"tag-prozess","16":"tag-regionale-nachrichten-nrw","17":"tag-rtl-nachrichten-nrw","18":"tag-rtl-nrw","19":"tag-rtl-regional","20":"tag-rtl-west","21":"tag-rtl-west-archiv","22":"tag-wuppertal"},"share_on_mastodon":{"url":"https:\/\/pubeurope.com\/@de\/114971494703908942","error":""},"_links":{"self":[{"href":"https:\/\/www.europesays.com\/de\/wp-json\/wp\/v2\/posts\/318774","targetHints":{"allow":["GET"]}}],"collection":[{"href":"https:\/\/www.europesays.com\/de\/wp-json\/wp\/v2\/posts"}],"about":[{"href":"https:\/\/www.europesays.com\/de\/wp-json\/wp\/v2\/types\/post"}],"author":[{"embeddable":true,"href":"https:\/\/www.europesays.com\/de\/wp-json\/wp\/v2\/users\/2"}],"replies":[{"embeddable":true,"href":"https:\/\/www.europesays.com\/de\/wp-json\/wp\/v2\/comments?post=318774"}],"version-history":[{"count":0,"href":"https:\/\/www.europesays.com\/de\/wp-json\/wp\/v2\/posts\/318774\/revisions"}],"wp:featuredmedia":[{"embeddable":true,"href":"https:\/\/www.europesays.com\/de\/wp-json\/wp\/v2\/media\/318775"}],"wp:attachment":[{"href":"https:\/\/www.europesays.com\/de\/wp-json\/wp\/v2\/media?parent=318774"}],"wp:term":[{"taxonomy":"category","embeddable":true,"href":"https:\/\/www.europesays.com\/de\/wp-json\/wp\/v2\/categories?post=318774"},{"taxonomy":"post_tag","embeddable":true,"href":"https:\/\/www.europesays.com\/de\/wp-json\/wp\/v2\/tags?post=318774"}],"curies":[{"name":"wp","href":"https:\/\/api.w.org\/{rel}","templated":true}]}}