{"id":318776,"date":"2025-08-04T16:42:12","date_gmt":"2025-08-04T16:42:12","guid":{"rendered":"https:\/\/www.europesays.com\/de\/318776\/"},"modified":"2025-08-04T16:42:12","modified_gmt":"2025-08-04T16:42:12","slug":"bmw-fahrer-fluechtet-vor-der-polizei","status":"publish","type":"post","link":"https:\/\/www.europesays.com\/de\/318776\/","title":{"rendered":"BMW-Fahrer fl\u00fcchtet vor der Polizei"},"content":{"rendered":"<p>\t\tRasante Flucht durch Gelsenkirchen<br \/>\n\t\t\t\t\tAlkoholtest und Waffenfund belasten Fahrer<\/p>\n<p>    <a href=\"https:\/\/www.hertener-allgemeine.de\/wp-content\/uploads\/2025\/08\/04\/13\/630_0900_4923981_urn_newsml_dpa_com_20090101_250802_935_-1648x824.jpg\" rel=\"nofollow noopener\" target=\"_blank\"><\/p>\n<p>            <img loading=\"lazy\" decoding=\"async\" src=\"https:\/\/www.europesays.com\/de\/wp-content\/uploads\/2025\/08\/630_0900_4923980_urn_newsml_dpa_com_20090101_250802_935_-640x428.jpg\" width=\"640\" height=\"428\"  alt=\"Ein Polizist h\u00e4lt eine Polizeikelle.\"\/><\/p>\n<p>    <\/a><br \/>\n    Ein 32-j\u00e4hriger Gelsenkirchener ignorierte, dass ihn die Polizei anhalten und kontrollieren wollte \u2013 und setzte seine Fahrt in hohem Tempo fort. (Symbolbild) \u00a9 Jan Woitas\/dpa<\/p>\n<p class=\"article__teaser-text\">Ein verbotenes Autorennen und die Flucht vor der Polizei werden f\u00fcr einen 32 Jahren alten Mann in Gelsenkirchen ein juristisches Nachspiel haben.<\/p>\n<p>1 Min Lesezeit<\/p>\n<p>Filmreife Szenen haben sich am fr\u00fchen Montagmorgen (4. August) in der <a target=\"_blank\" href=\"https:\/\/www.hertener-allgemeine.de\/herten\/\" data-imported=\"1\" rel=\"nofollow noopener\">Hertener<\/a> Nachbarstadt Gelsenkirchen abgespielt, die f\u00fcr einen 32-j\u00e4hrigen Mann ein juristisches Nachspiel haben werden. <\/p>\n<p>Laut Angaben der Polizei fiel der Gelsenkirchener gegen 0.55 Uhr an der Kreuzung Horster Stra\u00dfe\/Vinckestra\u00dfe in Buer durch ein verbotenes Autorennen auf. Trotz eindeutiger Anhaltezeichen der Beamten setzte der 32-J\u00e4hrige in seinem BMW die Fahrt mit hoher Geschwindigkeit fort und lieferte sich eine Verfolgungsjagd durch die Stadt.<\/p>\n<p>\t\t<a href=\"https:\/\/www.hertener-allgemeine.de\/herten\/herten-axt-attacke-polizei-foto-fahndung-verdaechtiger-place-darras-innenstadt-w1059064-8001047195\/\" rel=\"nofollow noopener\" aria-hidden=\"true\" tabindex=\"-1\" title=\"Nach Axt-Attacke in Herten Polizei verl\u00e4ngert Foto-Fahndung nach Verd\u00e4chtigem\" aria-label=\"Nach Axt-Attacke in Herten Polizei verl\u00e4ngert Foto-Fahndung nach Verd\u00e4chtigem\" target=\"_blank\"><\/p>\n<p>                <img decoding=\"async\" src=\"https:\/\/www.europesays.com\/de\/wp-content\/uploads\/2025\/04\/630_0900_4491792_HAL_Messerangriff_Herten_Ewaldstrasse_1-160x160.jpg\"  width=\"160\" height=\"160\" alt=\"Nach der blutigen Auseinandersetzung am 15. Februar 2025 in der Hertener Innenstadt sicherten drei Polizisten Spuren.\" loading=\"lazy\"\/><\/p>\n<p>\t\t<\/a><\/p>\n<p>Schlie\u00dflich wurde das Fahrzeug auf einem Garagenhof am Hegerothsweg in Beckhausen verlassen aufgefunden. Im Inneren des Autos entdeckten die Beamten die Ausweisdokumente des fl\u00fcchtigen Mannes. Kurz darauf wurde er zusammen mit einer 31-j\u00e4hrigen Begleiterin am Stegemannsweg gestellt. Ein freiwilliger Alkoholtest best\u00e4tigte den Verdacht des Alkoholeinflusses, woraufhin die Polizei das Fahrzeug, den F\u00fchrerschein und das Mobiltelefon des Mannes beschlagnahmte. Zudem stellte sie technische Ver\u00e4nderungen am Fahrzeug fest, die das Erl\u00f6schen der Betriebserlaubnis nahelegen. Die Polizei hat ein Strafverfahren gegen den 32-J\u00e4hrigen eingeleitet.<\/p>\n<p>\t\t<a href=\"https:\/\/www.hertener-allgemeine.de\/herten\/herten-kommunalwahl-2025-sicherheit-parteiprogramm-ueberblick-wahlprogramm-w1058938-8001043254\/\" rel=\"nofollow noopener\" aria-hidden=\"true\" tabindex=\"-1\" title=\"Sicherheit in Herten KOD, Polizei, Video\u00fcberwachung - Wahlprogramme der Parteien im \u00dcberblick\" aria-label=\"Sicherheit in Herten KOD, Polizei, Video\u00fcberwachung - Wahlprogramme der Parteien im \u00dcberblick\" target=\"_blank\"><\/p>\n<p>                <img decoding=\"async\" src=\"https:\/\/www.europesays.com\/de\/wp-content\/uploads\/2025\/07\/630_0900_4900569_57822157-160x160.jpg\"  width=\"160\" height=\"160\" alt=\"Ein Blaulicht an einem Fahrzeug.\" loading=\"lazy\"\/><\/p>\n<p>\t\t<\/a><\/p>\n<p>Dar\u00fcber hinaus l\u00e4uft gegen den Gelsenkirchener ein Ordnungswidrigkeitenverfahren wegen eines im Auto gefundenen Einhandmessers, das einen Versto\u00df gegen das Waffengesetz darstellen k\u00f6nnte.<\/p>\n<p>\t\t<a href=\"https:\/\/www.hertener-allgemeine.de\/herten\/kripo-zum-brand-in-hertener-kleingarten-hoher-sachschaden-brandursache-bleibt-ein-raetsel-w1061794-8001048206\/\" rel=\"nofollow noopener\" aria-hidden=\"true\" tabindex=\"-1\" title=\"Kripo zum Brand in Hertener Kleingarten Hoher Sachschaden \u2013 Brandursache bleibt ein R\u00e4tsel\" aria-label=\"Kripo zum Brand in Hertener Kleingarten Hoher Sachschaden \u2013 Brandursache bleibt ein R\u00e4tsel\" target=\"_blank\"><\/p>\n<p>                <img decoding=\"async\" src=\"https:\/\/www.europesays.com\/de\/wp-content\/uploads\/2025\/08\/630_0900_4911866_HAL_Brand_Paschenberg-160x160.jpg\"  width=\"160\" height=\"160\" alt=\"Abgebrannte Gartenh\u00fctten in der Kleingartenanlage Paschenberg in Herten.\" loading=\"lazy\"\/><\/p>\n<p>\t\t<\/a><\/p>\n","protected":false},"excerpt":{"rendered":"Rasante Flucht durch Gelsenkirchen Alkoholtest und Waffenfund belasten Fahrer Ein 32-j\u00e4hriger Gelsenkirchener ignorierte, dass ihn die Polizei anhalten&hellip;\n","protected":false},"author":2,"featured_media":318777,"comment_status":"","ping_status":"","sticky":false,"template":"","format":"standard","meta":{"footnotes":""},"categories":[1839],"tags":[1950,7507,3364,29,30,1209,14111],"class_list":{"0":"post-318776","1":"post","2":"type-post","3":"status-publish","4":"format-standard","5":"has-post-thumbnail","7":"category-bochum","8":"tag-blaulicht","9":"tag-bochum","10":"tag-de","11":"tag-deutschland","12":"tag-germany","13":"tag-nordrhein-westfalen","14":"tag-polizei-gelsenkirchen"},"share_on_mastodon":{"url":"https:\/\/pubeurope.com\/@de\/114971498667113147","error":""},"_links":{"self":[{"href":"https:\/\/www.europesays.com\/de\/wp-json\/wp\/v2\/posts\/318776","targetHints":{"allow":["GET"]}}],"collection":[{"href":"https:\/\/www.europesays.com\/de\/wp-json\/wp\/v2\/posts"}],"about":[{"href":"https:\/\/www.europesays.com\/de\/wp-json\/wp\/v2\/types\/post"}],"author":[{"embeddable":true,"href":"https:\/\/www.europesays.com\/de\/wp-json\/wp\/v2\/users\/2"}],"replies":[{"embeddable":true,"href":"https:\/\/www.europesays.com\/de\/wp-json\/wp\/v2\/comments?post=318776"}],"version-history":[{"count":0,"href":"https:\/\/www.europesays.com\/de\/wp-json\/wp\/v2\/posts\/318776\/revisions"}],"wp:featuredmedia":[{"embeddable":true,"href":"https:\/\/www.europesays.com\/de\/wp-json\/wp\/v2\/media\/318777"}],"wp:attachment":[{"href":"https:\/\/www.europesays.com\/de\/wp-json\/wp\/v2\/media?parent=318776"}],"wp:term":[{"taxonomy":"category","embeddable":true,"href":"https:\/\/www.europesays.com\/de\/wp-json\/wp\/v2\/categories?post=318776"},{"taxonomy":"post_tag","embeddable":true,"href":"https:\/\/www.europesays.com\/de\/wp-json\/wp\/v2\/tags?post=318776"}],"curies":[{"name":"wp","href":"https:\/\/api.w.org\/{rel}","templated":true}]}}