{"id":318782,"date":"2025-08-04T16:45:10","date_gmt":"2025-08-04T16:45:10","guid":{"rendered":"https:\/\/www.europesays.com\/de\/318782\/"},"modified":"2025-08-04T16:45:10","modified_gmt":"2025-08-04T16:45:10","slug":"20-russische-immobilien-in-wien-koennten-zwangsversteigert-werden-erloes-wuerde-an-ukraine-gehen-wirtschaft","status":"publish","type":"post","link":"https:\/\/www.europesays.com\/de\/318782\/","title":{"rendered":"20 russische Immobilien in Wien k\u00f6nnten zwangsversteigert werden, Erl\u00f6s w\u00fcrde an Ukraine gehen &#8211; Wirtschaft"},"content":{"rendered":"<p>Mehr als 20 russische Immobilien k\u00f6nnten in Wien zwangsversteigert werden \u2013 zugunsten des staatlichen ukrainischen Gaskonzerns Naftogaz. Hintergrund ist die illegale Annexion der Krim durch die Russen im Jahr 2014. Die Ukrainer hatten nach der Annexion Schadenersatz von Russland verlangt; der St\u00e4ndige Schiedsgerichtshof in Den Haag gab ihnen dann im Jahr 2023 recht.<\/p>\n","protected":false},"excerpt":{"rendered":"Mehr als 20 russische Immobilien k\u00f6nnten in Wien zwangsversteigert werden \u2013 zugunsten des staatlichen ukrainischen Gaskonzerns Naftogaz. Hintergrund&hellip;\n","protected":false},"author":2,"featured_media":318783,"comment_status":"","ping_status":"","sticky":false,"template":"","format":"standard","meta":{"footnotes":""},"categories":[4012],"tags":[331,332,13,14,15,12,317],"class_list":{"0":"post-318782","1":"post","2":"type-post","3":"status-publish","4":"format-standard","5":"has-post-thumbnail","7":"category-ukraine","8":"tag-aktuelle-nachrichten","9":"tag-aktuelle-news","10":"tag-headlines","11":"tag-nachrichten","12":"tag-news","13":"tag-schlagzeilen","14":"tag-ukraine"},"share_on_mastodon":{"url":"https:\/\/pubeurope.com\/@de\/114971510353690365","error":""},"_links":{"self":[{"href":"https:\/\/www.europesays.com\/de\/wp-json\/wp\/v2\/posts\/318782","targetHints":{"allow":["GET"]}}],"collection":[{"href":"https:\/\/www.europesays.com\/de\/wp-json\/wp\/v2\/posts"}],"about":[{"href":"https:\/\/www.europesays.com\/de\/wp-json\/wp\/v2\/types\/post"}],"author":[{"embeddable":true,"href":"https:\/\/www.europesays.com\/de\/wp-json\/wp\/v2\/users\/2"}],"replies":[{"embeddable":true,"href":"https:\/\/www.europesays.com\/de\/wp-json\/wp\/v2\/comments?post=318782"}],"version-history":[{"count":0,"href":"https:\/\/www.europesays.com\/de\/wp-json\/wp\/v2\/posts\/318782\/revisions"}],"wp:featuredmedia":[{"embeddable":true,"href":"https:\/\/www.europesays.com\/de\/wp-json\/wp\/v2\/media\/318783"}],"wp:attachment":[{"href":"https:\/\/www.europesays.com\/de\/wp-json\/wp\/v2\/media?parent=318782"}],"wp:term":[{"taxonomy":"category","embeddable":true,"href":"https:\/\/www.europesays.com\/de\/wp-json\/wp\/v2\/categories?post=318782"},{"taxonomy":"post_tag","embeddable":true,"href":"https:\/\/www.europesays.com\/de\/wp-json\/wp\/v2\/tags?post=318782"}],"curies":[{"name":"wp","href":"https:\/\/api.w.org\/{rel}","templated":true}]}}