{"id":318881,"date":"2025-08-04T17:39:10","date_gmt":"2025-08-04T17:39:10","guid":{"rendered":"https:\/\/www.europesays.com\/de\/318881\/"},"modified":"2025-08-04T17:39:10","modified_gmt":"2025-08-04T17:39:10","slug":"verwechslungsgefahr-apple-verklagt-us-kinokette-apple-cinemas","status":"publish","type":"post","link":"https:\/\/www.europesays.com\/de\/318881\/","title":{"rendered":"Verwechslungsgefahr: Apple verklagt US-Kinokette &#8222;Apple Cinemas&#8220;"},"content":{"rendered":"<p>Apple hat die kleine US-Kinokette &#8222;Apple Cinemas&#8220; verklagt. Der Anbieter nutze die bekannte Marke bewusst, um daraus Vorteile zu ziehen, lautet der Vorwurf des iPhone-Herstellers. Eine solche Namens\u00e4hnlichkeit sorge bei Kinobesuchern wie Kunden f\u00fcr Verwirrung und k\u00f6nne zudem die Marke Apple sch\u00e4digen. Der IT-Konzern verweist unter anderem auf Beschwerden \u00fcber schmutzige Kinos\u00e4le und &#8222;unterirdisch schlechte Projektionssysteme&#8220; in sozialen Medien \u2013 solche Kritik k\u00f6nne auch auf Apple als Technikfirma abf\u00e4rben.<\/p>\n<p>Facebook-Nutzer offenbar verwirrt<\/p>\n<p>In der Klage listen Apples Anw\u00e4lte weitere Kommentare etwa von Facebook-Nutzern auf, die offensichtlich verwirrt dar\u00fcber sind, wer &#8222;Apple Cinemas&#8220; betreibt. Auch Witzeleien von Nutzern, ob die Kinos ihre Tickets wohl zu &#8222;iPhone-Preisen&#8220; verkaufen, wurden dokumentiert. &#8222;iPhone-Preise&#8220; seien eine Anspielung auf ein anderes ber\u00fchmtes Apple-Markenzeichen, merken die Konzernjuristen trocken an (Apple vs. Sand Media et al., <a href=\"https:\/\/storage.courtlistener.com\/recap\/gov.uscourts.mad.287536\/gov.uscourts.mad.287536.1.0.pdf\" rel=\"external noopener nofollow\" target=\"_blank\">Aktenzeichen 1:25-cv-12173<\/a>, United States District Court \u2013 District Of Massachusetts).<\/p>\n<p>      <a href=\"https:\/\/www.heise.de\/imgs\/18\/4\/9\/0\/8\/7\/7\/9\/Bildschirmfoto_2025-08-04_um_17.56.34-7e743277978a2de8.png\" rel=\"nofollow noopener\" target=\"_blank\"><\/p>\n<p>  <img loading=\"lazy\" decoding=\"async\" alt=\"\" height=\"1392\" src=\"data:image\/svg+xml,%3Csvg xmlns='http:\/\/www.w3.org\/2000\/svg' width='696px' height='391px' viewBox='0 0 696 391'%3E%3Crect x='0' y='0' width='696' height='391' fill='%23f2f2f2'%3E%3C\/rect%3E%3C\/svg%3E\" style=\"aspect-ratio: 1396 \/ 1392; object-fit: cover;\" width=\"1396\"\/><\/p>\n<p>      <\/a><\/p>\n<p>Ein in der Klage aufgef\u00fchrtes Bildbeispiel: Apple Store und Apple Cinemas.<\/p>\n<p class=\"a-caption__source\">\n      (Bild:\u00a0Screenshot Apple-Klage)\n    <\/p>\n<p>Apple hat nach eigener Angabe versucht, mit Apple Cinemas eine einvernehmliche Einigung zu erzielen. Es sei offensichtlich, dass Verwechslungsgefahr besteht \u2013 und Apple ebenfalls im Entertainment-Bereich t\u00e4tig ist. Der Konzern verweist unter anderem auf seinen Streaming-Dienst und auf die hauseigenen Ladengesch\u00e4fte, in denen mitunter auch Filme oder Dokumentationen gezeigt werden. Auch auf das einst markenrechtlich gesch\u00fctzte &#8222;Apple Cinema Display&#8220; verweist der Hersteller.<\/p>\n<p>&#8222;Apple Cinemas&#8220; nutze zudem einen Apfel als Logo und platziere seine Kinos in Einkaufszentren \u2013 \u00e4hnlich wie die Apple Stores, hei\u00dft es in der Klage. Die Kinokette gibt es offenbar schon seit weit \u00fcber 10 Jahren, aber erst durch eine inzwischen geplante Expansion seien Apples Markenrechtsexperten darauf aufmerksam geworden. Man habe Apple Cinemas dann direkt kontaktiert und die \u00c4nderung des Namens gefordert. Der Markeneintrag von &#8222;Apple Cinemas&#8220; sei auch durch das US-Patent- und Markenamt zur\u00fcckgewiesen worden, merkt Apple an. Der Konzern fordert Unterlassung und Schadenersatz.<\/p>\n<p>Apple pocht auf seine Marken<\/p>\n<p>Apple verteidigt sein Logo und die Markeneintr\u00e4ge mit Nachdruck. Dabei kommt es immer wieder zu f\u00fcr Nicht-Markenrechtler skurrilen Situationen: In der Schweiz lie\u00df der <a href=\"https:\/\/www.heise.de\/news\/Streit-um-den-Apfel-Apple-pocht-auf-erweiterte-Bildmarke-in-der-Schweiz-8974328.html\" rel=\"nofollow noopener\" target=\"_blank\">Konzern seine Bildmarke, die einen generischen Granny Smith in Schwarzwei\u00df zeigt, auf weitere Bereiche ausdehnen<\/a> \u2013 und stie\u00df dabei auf gro\u00dfen Widerstand von Bauernverb\u00e4nden. Auch kleinere Projekte mit Apfelbezug stolpern unter Umst\u00e4nden \u00fcber Apple-Anw\u00e4lte, etwa vor einigen Jahren <a href=\"https:\/\/www.heise.de\/news\/Apfelroute-Apple-laesst-von-Radweg-Logo-ab-4447027.html\" rel=\"nofollow noopener\" target=\"_blank\">der Rhein-Radweg &#8222;Apfelroute&#8220;<\/a>.<\/p>\n<p>(<a class=\"redakteurskuerzel__link\" href=\"https:\/\/www.heise.de\/news\/mailto:lbe@heise.de\" title=\"Leo Becker\" rel=\"nofollow noopener\" target=\"_blank\">lbe<\/a>)<\/p>\n<p>\n      Dieser Link ist leider nicht mehr g\u00fcltig.\n    <\/p>\n<p>Links zu verschenkten Artikeln werden ung\u00fcltig,<br \/>\n      wenn diese \u00e4lter als 7\u00a0Tage sind oder zu oft aufgerufen wurden.\n    <\/p>\n<p><strong>Sie ben\u00f6tigen ein heise+ Paket, um diesen Artikel zu lesen. Jetzt eine Woche unverbindlich testen \u2013 ohne Verpflichtung!<\/strong><\/p>\n","protected":false},"excerpt":{"rendered":"Apple hat die kleine US-Kinokette &#8222;Apple Cinemas&#8220; verklagt. Der Anbieter nutze die bekannte Marke bewusst, um daraus Vorteile&hellip;\n","protected":false},"author":2,"featured_media":318882,"comment_status":"","ping_status":"","sticky":false,"template":"","format":"standard","meta":{"footnotes":""},"categories":[135],"tags":[231,29510,29,214,30,196,95,90970,190,189,194,191,55,193,192],"class_list":{"0":"post-318881","1":"post","2":"type-post","3":"status-publish","4":"format-standard","5":"has-post-thumbnail","7":"category-wissenschaft-technik","8":"tag-apple","9":"tag-apple-tv","10":"tag-deutschland","11":"tag-entertainment","12":"tag-germany","13":"tag-it","14":"tag-kino","15":"tag-markenrecht","16":"tag-science","17":"tag-science-technology","18":"tag-technik","19":"tag-technology","20":"tag-wirtschaft","21":"tag-wissenschaft","22":"tag-wissenschaft-technik"},"share_on_mastodon":{"url":"https:\/\/pubeurope.com\/@de\/114971722868759979","error":""},"_links":{"self":[{"href":"https:\/\/www.europesays.com\/de\/wp-json\/wp\/v2\/posts\/318881","targetHints":{"allow":["GET"]}}],"collection":[{"href":"https:\/\/www.europesays.com\/de\/wp-json\/wp\/v2\/posts"}],"about":[{"href":"https:\/\/www.europesays.com\/de\/wp-json\/wp\/v2\/types\/post"}],"author":[{"embeddable":true,"href":"https:\/\/www.europesays.com\/de\/wp-json\/wp\/v2\/users\/2"}],"replies":[{"embeddable":true,"href":"https:\/\/www.europesays.com\/de\/wp-json\/wp\/v2\/comments?post=318881"}],"version-history":[{"count":0,"href":"https:\/\/www.europesays.com\/de\/wp-json\/wp\/v2\/posts\/318881\/revisions"}],"wp:featuredmedia":[{"embeddable":true,"href":"https:\/\/www.europesays.com\/de\/wp-json\/wp\/v2\/media\/318882"}],"wp:attachment":[{"href":"https:\/\/www.europesays.com\/de\/wp-json\/wp\/v2\/media?parent=318881"}],"wp:term":[{"taxonomy":"category","embeddable":true,"href":"https:\/\/www.europesays.com\/de\/wp-json\/wp\/v2\/categories?post=318881"},{"taxonomy":"post_tag","embeddable":true,"href":"https:\/\/www.europesays.com\/de\/wp-json\/wp\/v2\/tags?post=318881"}],"curies":[{"name":"wp","href":"https:\/\/api.w.org\/{rel}","templated":true}]}}