{"id":318885,"date":"2025-08-04T17:41:14","date_gmt":"2025-08-04T17:41:14","guid":{"rendered":"https:\/\/www.europesays.com\/de\/318885\/"},"modified":"2025-08-04T17:41:14","modified_gmt":"2025-08-04T17:41:14","slug":"massiver-felssturz-am-wanderberg-urlaubsregion-betroffen","status":"publish","type":"post","link":"https:\/\/www.europesays.com\/de\/318885\/","title":{"rendered":"Massiver Felssturz am Wanderberg \u2013 Urlaubsregion betroffen"},"content":{"rendered":"<ol class=\"id-DonaldBreadcrumb lp_west_breadcrumb id-DonaldBreadcrumb--default\" data-k5a-pos=\"west_breadcrumb\">\n<li class=\"id-Breadcrumb-item\"><a href=\"https:\/\/www.fr.de\/\" class=\"id-Breadcrumb-link\" data-id-ec=\"{\" shn=\"\" textlink=\"\" data-k5a-pos=\"1_startseite\" rel=\"nofollow noopener\" target=\"_blank\">Startseite<\/a><\/li>\n<li class=\"id-Breadcrumb-item\"><a href=\"https:\/\/www.fr.de\/panorama\/\" class=\"id-Breadcrumb-link\" data-id-ec=\"{\" shn=\"\" textlink=\"\" data-k5a-pos=\"2_panorama\" rel=\"nofollow noopener\" target=\"_blank\">Panorama<\/a><\/li>\n<\/ol>\n<p class=\"id-Story-timestamp id-Story-timestamp--default\">Stand: 04.08.2025, 19:02 Uhr<\/p>\n<p class=\"id-Story-authors id-Story-authors--default\">Von: <a class=\"id-Story-authors-link lp_west_author\" href=\"https:\/\/www.fr.de\/autor\/jekaterina-jalunina-yz667cez.html\" title=\"Zur Autorenseite von Jekaterina Jalunina\" data-id-ec=\"{\" shn=\"\" author-link=\"\" jalunina=\"\" data-k5a-pos=\"west_author\" rel=\"nofollow noopener\" target=\"_blank\">Jekaterina Jalunina<\/a><\/p>\n<p class=\"id-Story-interactionBar id-Story-interactionBar--default\">DruckenTeilen<\/p>\n<p class=\"id-StoryElement-leadText\">Nach einem Felssturz an der Falknerspitze im Brenta-Gebiet haben die Beh\u00f6rden umfassende Sicherheitsma\u00dfnahmen auf den Weg gebracht.<\/p>\n<p class=\"id-StoryElement-paragraph\">Vallesinella \u2013 Ein lauter Knall zerriss am sp\u00e4ten Abend des 1. August erneut die Stille der Brenta-Dolomiten. Was folgte, ver\u00e4nderte das Antlitz der Falknerspitze f\u00fcr immer: Die zentrale und obere Westwand des 3.000-Meter-Gipfels brach zusammen und hinterlie\u00df eine v\u00f6llig andere Bergsilhouette.<\/p>\n<p class=\"id-StoryElement-paragraph\">Der massive Felssturz ereignete sich gegen Abend und <a href=\"https:\/\/www.rosenheim24.de\/welt\/news\/dolomiten-massiver-felssturz-an-cima-falkner-dutzende-menschen-evakuiert-93861216.html\" class=\"id-import-Link id-pageApi-Link--externalDomain\" data-id-ec=\"{&quot;sht&quot;:&quot;Container&quot;,&quot;shn&quot;:&quot;Story&quot;,&quot;p&quot;:{&quot;containerType&quot;:&quot;Paragraph&quot;,&quot;displayType&quot;:&quot;Paragraph InlineLink&quot;,&quot;type&quot;:&quot;INLINE_LINK&quot;,&quot;value&quot;:&quot;war bereits der zweite schwere Abbruch binnen weniger Tage&quot;,&quot;variant&quot;:&quot;standardLink&quot;,&quot;sponsored&quot;:false,&quot;linkHref&quot;:&quot;https:\/\/www.rosenheim24.de\/welt\/news\/dolomiten-massiver-felssturz-an-cima-falkner-dutzende-menschen-evakuiert-93861216.html&quot;,&quot;storyElementPosition&quot;:10,&quot;storyElementCount&quot;:21}}\" rel=\"nofollow noopener\" target=\"_blank\">war bereits der zweite schwere Abbruch binnen weniger Tage<\/a>, berichtet RaiNews S\u00fcdtirol. \u201eEine dichte Staubwolke war bis Madonna di Campiglio zu sehen, der Felssturz wurde von einem lauten Knall begleitet\u201c, hei\u00dft es in dem Bericht.<\/p>\n<p>Traumhafte Landschaften: Die sch\u00f6nsten St\u00e4dte und Gemeinden in S\u00fcdtirol<img decoding=\"async\" class=\"id-RatioPlaceholder-element wv_story_el_interstitialImage\" src=\"https:\/\/www.europesays.com\/de\/wp-content\/uploads\/2025\/04\/37748125-montage-burg-reifenstein-sterzing-paraglider-auf-dem-rosskopf-2z0ITY1Yxafe.jpg\" loading=\"lazy\"   height=\"1350\" width=\"2400\" alt=\"Montage: Burg Reifenstein, Sterzing, Paraglider auf dem Rosskopf\"\/><a href=\"https:\/\/www.fr.de\/panorama\/urlaub-dolomiten-schoenste-staedte-gemeinden-suedtirol-italien-zr-93676970.html\" class=\"id-StoryElement-intestitialLink-link\" data-id-ec=\"{\" shn=\"\" ansehen=\"\" data-k5a-pos=\"west_story_10_photoGalleryLink\" title=\"Zur Fotostrecke: Traumhafte Landschaften: Die sch&#xF6;nsten St&#xE4;dte und Gemeinden in S&#xFC;dtirol\" rel=\"nofollow noopener\" target=\"_blank\">Fotostrecke ansehen<\/a>Nach Felssturz: Experten warnen vor weiterer Instabilit\u00e4t an der Westwand<\/p>\n<p class=\"id-StoryElement-paragraph\">Die Seismografen registrierten eine Intensit\u00e4t von etwa 2 Grad auf der Richter-Skala \u2013 doppelt so stark wie beim ersten Ereignis am 27. Juli, meldet das italienische Nachrichtenportal Quotidiano Nazionale. Experten sch\u00e4tzen, dass sich damals eine Gesteinsmasse von rund 36.000 Kubikmetern l\u00f6ste. Nach aktuellen Analysen gilt eine Gesamtmasse von etwa 700.000 Kubikmetern an der Westwand als potenziell instabil.<\/p>\n<p class=\"id-StoryElement-paragraph\">Wie PULS 24 berichtet, mussten nach dem ersten Felssturz am 27. Juli rund 100 Bergsteigerinnen und Wanderer in Sicherheit gebracht werden. Die Rettungsteams brachten die Betroffenen \u00fcber die Grost\u00e8-Sesselbahn und die Stoppani-H\u00fctte sicher ins Tal.<\/p>\n<p class=\"id-StoryElement-paragraph\">Geologen der Autonomen Provinz Trient warnten nach dem ersten Sturz vor <a href=\"https:\/\/www.fr.de\/panorama\/ganze-berge-brechen-weg-alpen-phaenomen-nimmt-bedrohlich-zu-zr-93756021.html\" class=\"id-import-Link\" data-id-ec=\"{&quot;sht&quot;:&quot;Container&quot;,&quot;shn&quot;:&quot;Story&quot;,&quot;p&quot;:{&quot;containerType&quot;:&quot;Paragraph&quot;,&quot;displayType&quot;:&quot;Paragraph InlineLink&quot;,&quot;type&quot;:&quot;INLINE_LINK&quot;,&quot;value&quot;:&quot;anhaltender Instabilit&#xE4;t im Gipfelbereich&quot;,&quot;variant&quot;:&quot;standardLink&quot;,&quot;sponsored&quot;:false,&quot;linkHref&quot;:&quot;https:\/\/www.fr.de\/panorama\/ganze-berge-brechen-weg-alpen-phaenomen-nimmt-bedrohlich-zu-zr-93756021.html&quot;,&quot;storyElementPosition&quot;:17,&quot;storyElementCount&quot;:21}}\" rel=\"nofollow noopener\" target=\"_blank\">anhaltender Instabilit\u00e4t im Gipfelbereich<\/a>, berichtete das Online-Portal bergsteigen.com. Erste Untersuchungen deuten auf einen aktiven Zerfallsprozess hin: Entlang der Abbruchkanten wurden Rissbildungen sowie Gletschereis festgestellt. Als Hauptursache gilt nach Angaben das Abschmelzen des Permafrosts, ausgel\u00f6st durch die au\u00dfergew\u00f6hnlich hohen Temperaturen im Juni.<\/p>\n<p><img decoding=\"async\" class=\"id-RatioPlaceholder-element wv_story_el_image\" src=\"https:\/\/www.europesays.com\/de\/wp-content\/uploads\/2025\/08\/39189312-falknerspitze-in-den-brenta-dolomiten-QiBG.jpg\" loading=\"lazy\"   height=\"860\" width=\"1100\" alt=\"Falknerspitze in den Brenta-Dolomiten\"\/>Am 1. August 2025 kam es im westlichen Massiv der Cima Falkner in den Brenta-Dolomiten zu einem Felssturz. (Symbolbild) \u00a9\u00a0IMAGO\/Danita DelimontNach Felssturz: Erste Wanderwege wieder ge\u00f6ffnet, Benini-Klettersteig bleibt gesperrt<\/p>\n<p class=\"id-StoryElement-paragraph\">Die Beh\u00f6rden reagierten umgehend auf das Felssturzereignis und sperrten mehrere Wander- und Kletterrouten im betroffenen Gebiet. Wie die Tourismusorganisation Madonna di Campiglio Dolomiti mitteilt, wurden mittlerweile der Abschnitt des Weges 316 zwischen dem Passo del Grost\u00e8 und der Tuckett-H\u00fctte sowie der Klettersteig Bruno Dallagiacoma (Weg 315) wieder freigegeben. Weiterhin gesperrt bleiben hingegen der Klettersteig \u201eAlfredo e Rodolfo Benini\u201c (Weg 305), der direkt vom Felssturz betroffen war, sowie der Weg 331 zwischen der Abzweigung von Weg 316 und der Kreuzung mit Weg 305. (jal)<\/p>\n","protected":false},"excerpt":{"rendered":"Startseite Panorama Stand: 04.08.2025, 19:02 Uhr Von: Jekaterina Jalunina DruckenTeilen Nach einem Felssturz an der Falknerspitze im Brenta-Gebiet&hellip;\n","protected":false},"author":2,"featured_media":318886,"comment_status":"","ping_status":"","sticky":false,"template":"","format":"standard","meta":{"footnotes":""},"categories":[3],"tags":[13,14,15,12,10,8,9,11,103,104],"class_list":{"0":"post-318885","1":"post","2":"type-post","3":"status-publish","4":"format-standard","5":"has-post-thumbnail","7":"category-welt","8":"tag-headlines","9":"tag-nachrichten","10":"tag-news","11":"tag-schlagzeilen","12":"tag-top-news","13":"tag-top-meldungen","14":"tag-topmeldungen","15":"tag-topnews","16":"tag-welt","17":"tag-world"},"share_on_mastodon":{"url":"https:\/\/pubeurope.com\/@de\/114971731161260031","error":""},"_links":{"self":[{"href":"https:\/\/www.europesays.com\/de\/wp-json\/wp\/v2\/posts\/318885","targetHints":{"allow":["GET"]}}],"collection":[{"href":"https:\/\/www.europesays.com\/de\/wp-json\/wp\/v2\/posts"}],"about":[{"href":"https:\/\/www.europesays.com\/de\/wp-json\/wp\/v2\/types\/post"}],"author":[{"embeddable":true,"href":"https:\/\/www.europesays.com\/de\/wp-json\/wp\/v2\/users\/2"}],"replies":[{"embeddable":true,"href":"https:\/\/www.europesays.com\/de\/wp-json\/wp\/v2\/comments?post=318885"}],"version-history":[{"count":0,"href":"https:\/\/www.europesays.com\/de\/wp-json\/wp\/v2\/posts\/318885\/revisions"}],"wp:featuredmedia":[{"embeddable":true,"href":"https:\/\/www.europesays.com\/de\/wp-json\/wp\/v2\/media\/318886"}],"wp:attachment":[{"href":"https:\/\/www.europesays.com\/de\/wp-json\/wp\/v2\/media?parent=318885"}],"wp:term":[{"taxonomy":"category","embeddable":true,"href":"https:\/\/www.europesays.com\/de\/wp-json\/wp\/v2\/categories?post=318885"},{"taxonomy":"post_tag","embeddable":true,"href":"https:\/\/www.europesays.com\/de\/wp-json\/wp\/v2\/tags?post=318885"}],"curies":[{"name":"wp","href":"https:\/\/api.w.org\/{rel}","templated":true}]}}