{"id":318887,"date":"2025-08-04T17:42:13","date_gmt":"2025-08-04T17:42:13","guid":{"rendered":"https:\/\/www.europesays.com\/de\/318887\/"},"modified":"2025-08-04T17:42:13","modified_gmt":"2025-08-04T17:42:13","slug":"nach-austausch-mit-afd-union-distanziert-sich-von-abgeordneter-ludwig","status":"publish","type":"post","link":"https:\/\/www.europesays.com\/de\/318887\/","title":{"rendered":"Nach Austausch mit AfD: Union distanziert sich von Abgeordneter Ludwig"},"content":{"rendered":"<p class=\"metatextline\">Stand: 04.08.2025 18:27 Uhr<\/p>\n<p class=\"textabsatz columns twelve  m-ten  m-offset-one l-eight l-offset-two\">\n        <strong>Erneute Kritik an CDU-Politikerin Ludwig: Vor Kurzem besuchte sie das Festival einer rechten Denkfabrik in Ungarn &#8211; und kam dabei offenbar ins Gespr\u00e4ch mit AfD-Chefin Weidel. Die Union distanziert sich von ihrer Abgeordneten.<\/strong>\n    <\/p>\n<p class=\"textabsatz m-ten m-offset-one l-eight l-offset-two columns twelve\">\nDie Unionsfraktion im Bundestag geht auf Distanz zu ihrer Abgeordneten Saskia Ludwig. Im Netz kursieren Fotos, die die CDU-Politikerin im augenscheinlich freundlichen Austausch mit AfD-Chefin Alice Weidel auf einer Veranstaltung in Ungarn zeigen. Ein Sprecher Ludwigs best\u00e4tigte: Ludwig nahm an dem Festival des Mathias-Corvinus-Collegiums (MCC) Anfang August teil. Die rechte Denkfabrik MCC gilt als Kaderschmiede der ungarischen Regierung von Rechtspopulist Viktor Orban.<\/p>\n<p class=\"textabsatz m-ten m-offset-one l-eight l-offset-two columns twelve\">\nEine Sprecherin der Unionsfraktion stellte nun klar: &#8222;Frau Ludwig hat an der Veranstaltung nicht im Auftrag der Fraktion und ohne Wissen der Fraktionsf\u00fchrung teilgenommen.&#8220; Sie betonte den Unvereinbarkeitsbeschluss mit der AfD, der weiter gelte und jede Zusammenarbeit ausschlie\u00dfe. &#8222;An diesen ist jedes CDU-Mitglied gebunden.&#8220; Zun\u00e4chst hatte der <a href=\"https:\/\/www.tagesspiegel.de\/politik\/teilnahme-an-konferenz-mit-afd-chefin-weidel-unionsfraktion-distanziert-sich-von-saskia-ludwig-14127176.html\" title=\"&quot;Tagesspiegel&quot;\" class=\"textlink--extern js-link-dialog\" rel=\"noopener noreferrer nofollow\" target=\"_blank\" data-type=\"external\">Tagesspiegel<\/a> dar\u00fcber berichtet.<\/p>\n<p class=\"textabsatz m-ten m-offset-one l-eight l-offset-two columns twelve\">\nAuch Ludwigs Landesverband, die CDU Brandenburg, verwies auf den Beschluss. &#8222;Das gilt so lange, bis ein Bundesparteitag etwas anderes beschlie\u00dft&#8220;, sagte Generalsekret\u00e4r Gordon Hoffmann. Daf\u00fcr sehe er &#8222;nicht einmal ansatzweise die Mehrheiten&#8220;.<\/p>\n<p>    Festival mit Orban und Thiel<\/p>\n<p class=\"textabsatz m-ten m-offset-one l-eight l-offset-two columns twelve\">\nDie Brandenburger CDU-Politikerin war laut MCC-Internetseite beim Podium mit dem Titel &#8222;Eine neue Regierung in unsicheren weltpolitischen Gew\u00e4ssern&#8220; am 1. August in Budapest dabei. Dabei traf sie den Bildern zufolge auch auf Weidel.<\/p>\n<p class=\"textabsatz m-ten m-offset-one l-eight l-offset-two columns twelve\">\nDie Denkfabrik und Bildungseinrichtung MCC importiert unter anderem Ideen rechter Publizisten aus den USA. Beim Festival war laut Facebook-Seite des MCC Orban zu Gast, ebenso <a href=\"https:\/\/www.tagesschau.de\/wirtschaft\/unternehmen\/palantir-trump-thiel-ki-aktie-daten-100.html\" title=\"Trump und Peter Thiels Palantir: eine gef\u00e4hrliche Allianz? \" rel=\"nofollow noopener\" target=\"_blank\">Tech-Milliard\u00e4r Peter Thiel<\/a>, der bekannt f\u00fcr rechtskonservative Positionen ist.<\/p>\n<p>    Ludwig verweist auf freien Meinungsaustausch<\/p>\n<p class=\"textabsatz m-ten m-offset-one l-eight l-offset-two columns twelve\">\nLudwig rechtfertigte sich im als rechtspopulistisch geltenden Onlineportal Nius: &#8222;Freier Meinungsaustausch ist ein zentrales Element einer demokratischen Gesellschaft&#8220;, sagte Ludwig dort. &#8222;Deshalb war es f\u00fcr mich selbstverst\u00e4ndlich, mich mit verschiedensten Besuchern auszutauschen, ohne Angst vor Repressionen haben zu m\u00fcssen.&#8220; Ihrem Sprecher zufolge war es ihr zweiter Besuch einer MCC-Veranstaltung.<\/p>\n<p class=\"textabsatz m-ten m-offset-one l-eight l-offset-two columns twelve\">\nAfD-Chefin Weidel k\u00f6nne die &#8222;Aufregung in den sozialen Medien&#8220; nicht nachvollziehen, sagte ein Sprecher von ihr. &#8222;Das Gespr\u00e4ch mit Frau Ludwig war ein zwangloses und eher kurzes.&#8220;<\/p>\n<p>    Kritik von CDU- und Gr\u00fcnen-Nachwuchs<\/p>\n<p class=\"textabsatz m-ten m-offset-one l-eight l-offset-two columns twelve\">\nAuch die CDU-Jugend kritisierte Ludwig scharf: Der Chef des Jungen Sozialfl\u00fcgels der CDU Brandenburg (JCDA), Gregory Gosciniak, sagte, Ludwig habe ihr Vertretungsrecht &#8222;endg\u00fcltig verwirkt&#8220;.<\/p>\n<p class=\"textabsatz m-ten m-offset-one l-eight l-offset-two columns twelve\">\nDie Gr\u00fcne Jugend verlangte den Ausschluss Ludwigs aus der Unionsfraktion. &#8222;Der einzig richtige Schluss kann daher nur sein, f\u00fcr unsere Demokratie einzustehen und Saskia Ludwig aus der Fraktion zu werfen. Die Brandmauer muss stehen&#8220;, sagte Co-Chef Jakob Blasel der Nachrichtenagentur dpa. Die Union habe in ihren Reihen ein Problem beim Umgang mit Rechtsextremen, erkl\u00e4rte er.<\/p>\n<p>    Ludwig sorgte schon fr\u00fcher f\u00fcr Kritik<\/p>\n<p class=\"textabsatz m-ten m-offset-one l-eight l-offset-two columns twelve\">\nCDU-Chef Friedrich Merz hatte mehrfach klargemacht, dass es f\u00fcr ihn keine Zusammenarbeit mit der AfD geben wird. Als designierter Parteichef drohte er 2021 im Magazin Spiegel vor allem kooperationswilligen Christdemokraten der Ost-Landesverb\u00e4nde mit Parteiausschluss.<\/p>\n<p class=\"textabsatz m-ten m-offset-one l-eight l-offset-two columns twelve\">\nEs war nicht das erste Mal, dass Ludwig f\u00fcr Kritik sorgte. Im Januar hatte sie sich im Interview des Senders TV Berlin gegen eine Brandmauer zur AfD gewandt und offen f\u00fcr eine &#8222;Mitte-Rechts-Koalition&#8220; gezeigt. Im Jahr 2017 f\u00fchrte sie ein gemeinsames Interview mit dem fr\u00fcheren AfD-Landeschef und ehemaligen Bundesvize Alexander Gauland in der Wochenzeitung Junge Freiheit.<\/p>\n<p class=\"textabsatz m-ten m-offset-one l-eight l-offset-two columns twelve\">\nLudwig gilt au\u00dferdem als eine der gr\u00f6\u00dften Kritikerinnen von SPD-Verfassungsrichterkandidatin Frauke Brosius-Gersdorf. Die CDU-Politikerin hatte auf dem Portal X gefordert, solange Plagiatsvorw\u00fcrfe gegen Brosius-Gersdorf nicht restlos ausger\u00e4umt seien, m\u00fcsse die Juristin ihr Amt am Lehrstuhl der Universit\u00e4t Potsdam ruhen lassen. Inzwischen sieht die Universit\u00e4t Potsdam aber nach Plagiatsvorw\u00fcrfen <a href=\"https:\/\/www.tagesschau.de\/inland\/innenpolitik\/saskia-ludwig-plagiatsvorwurf-100.html\" title=\"Anfangsverdacht bei Plagiatsvorw\u00fcrfen gegen CDU-Abgeordnete Ludwig\" rel=\"nofollow noopener\" target=\"_blank\">einen Anfangsverdacht bei Ludwigs eigener Doktorarbeit. <\/a><\/p>\n<p class=\"textabsatz m-ten m-offset-one l-eight l-offset-two columns twelve\">\nVon 2010 bis 2012 stand Ludwig als Landesvorsitzende an der Spitze der CDU Brandenburg. Von 2004 bis 2025 war sie Abgeordnete des Landtags, seit 2025 ist sie Bundestagsabgeordnete, zwischenzeitlich war sie in Bundestag und Landtag.<\/p>\n","protected":false},"excerpt":{"rendered":"Stand: 04.08.2025 18:27 Uhr Erneute Kritik an CDU-Politikerin Ludwig: Vor Kurzem besuchte sie das Festival einer rechten Denkfabrik&hellip;\n","protected":false},"author":2,"featured_media":318888,"comment_status":"","ping_status":"","sticky":false,"template":"","format":"standard","meta":{"footnotes":""},"categories":[2],"tags":[186,31,29,30,13,14,15,12,10,8,9,11],"class_list":{"0":"post-318887","1":"post","2":"type-post","3":"status-publish","4":"format-standard","5":"has-post-thumbnail","7":"category-deutschland","8":"tag-afd","9":"tag-cdu","10":"tag-deutschland","11":"tag-germany","12":"tag-headlines","13":"tag-nachrichten","14":"tag-news","15":"tag-schlagzeilen","16":"tag-top-news","17":"tag-top-meldungen","18":"tag-topmeldungen","19":"tag-topnews"},"share_on_mastodon":{"url":"https:\/\/pubeurope.com\/@de\/114971734644647860","error":""},"_links":{"self":[{"href":"https:\/\/www.europesays.com\/de\/wp-json\/wp\/v2\/posts\/318887","targetHints":{"allow":["GET"]}}],"collection":[{"href":"https:\/\/www.europesays.com\/de\/wp-json\/wp\/v2\/posts"}],"about":[{"href":"https:\/\/www.europesays.com\/de\/wp-json\/wp\/v2\/types\/post"}],"author":[{"embeddable":true,"href":"https:\/\/www.europesays.com\/de\/wp-json\/wp\/v2\/users\/2"}],"replies":[{"embeddable":true,"href":"https:\/\/www.europesays.com\/de\/wp-json\/wp\/v2\/comments?post=318887"}],"version-history":[{"count":0,"href":"https:\/\/www.europesays.com\/de\/wp-json\/wp\/v2\/posts\/318887\/revisions"}],"wp:featuredmedia":[{"embeddable":true,"href":"https:\/\/www.europesays.com\/de\/wp-json\/wp\/v2\/media\/318888"}],"wp:attachment":[{"href":"https:\/\/www.europesays.com\/de\/wp-json\/wp\/v2\/media?parent=318887"}],"wp:term":[{"taxonomy":"category","embeddable":true,"href":"https:\/\/www.europesays.com\/de\/wp-json\/wp\/v2\/categories?post=318887"},{"taxonomy":"post_tag","embeddable":true,"href":"https:\/\/www.europesays.com\/de\/wp-json\/wp\/v2\/tags?post=318887"}],"curies":[{"name":"wp","href":"https:\/\/api.w.org\/{rel}","templated":true}]}}