{"id":318891,"date":"2025-08-04T17:44:25","date_gmt":"2025-08-04T17:44:25","guid":{"rendered":"https:\/\/www.europesays.com\/de\/318891\/"},"modified":"2025-08-04T17:44:25","modified_gmt":"2025-08-04T17:44:25","slug":"die-besten-ausflugstipps-fuer-familien","status":"publish","type":"post","link":"https:\/\/www.europesays.com\/de\/318891\/","title":{"rendered":"Die besten Ausflugstipps f\u00fcr Familien"},"content":{"rendered":"<p class=\"fp-paragraph\"><strong>Magdeburg\/Halle (Saale).<\/strong> Die letzten Ferientage stehen vor der T\u00fcr \u2013 h\u00f6chste Zeit f\u00fcr einen Familienausflug! Ob Natur, Nervenkitzel oder Badespa\u00df: Diese Tipps in Halle, Magdeburg und ganz Sachsen-Anhalt machen das Ferienfinale perfekt.<\/p>\n<p class=\"fp-paragraph\">Hier kommen unsere Tipps f\u00fcr Familien geordnet von Mitte &#8211; S\u00fcd &#8211; Nord in Sachsen-Anhalt:<\/p>\n<ul class=\"list-content\">\n<li class=\"list-item\"><a href=\"https:\/\/www.mz.de\/m\/3957666#Sueden\" rel=\"nofollow noopener\" target=\"_blank\">DER S\u00dcDEN SACHSEN-ANHALTS<\/a><\/li>\n<li class=\"list-item\"><a href=\"https:\/\/www.mz.de\/m\/3957666#Norden\" rel=\"nofollow noopener\" target=\"_blank\">DER NORDEN SACHSEN-ANHALTS<\/a><\/li>\n<\/ul>\n<p><strong>DIE GOLDENE MITTE SACHSEN-ANHALTS<\/strong><\/p>\n<p>Sommererlebnis Maislabyrinth in Aschersleben<\/p>\n<p class=\"fp-paragraph\"><a href=\"https:\/\/www.mz.de\/lokal\/aschersleben\/maislabyrinth-an-b185-nahe-aschersleben-soll-im-sommer-ausflugler-anlocken-4072934\" rel=\"nofollow noopener\" target=\"_blank\">Noch bis zum 19. August k\u00f6nnen Familien in Aschersleben durch ein gro\u00dfes Maislabyrinth wandern<\/a> \u2013 ideal f\u00fcr kleine R\u00e4tselfans und Entdecker! Zum Spielen gibt\u2019s H\u00fcpfburgen, Kinderschminken und eine Riesenrutsche. Wer eine Pause braucht, entspannt im Biergarten bei leckerem Imbiss, Zuckerwatte und k\u00fchlen Getr\u00e4nken.<\/p>\n<p class=\"fp-paragraph\"><strong>\u00d6ffnungszeiten: bis 19. August t\u00e4glich, Mo-Fr von 13 bis 19 Uhr, am Wochenende von 11 bis 19 Uhr, Anfahrt an B185 Kreisverkehr zwischen Ermsleben und Aschersleben<\/strong><\/p>\n<p><img decoding=\"async\" class=\"fp-lazyload lazyload\" src=\"https:\/\/www.europesays.com\/de\/wp-content\/uploads\/2025\/08\/1754329455_431_a721f41a-6450-4d6f-92c7-1bad57db6215.jpeg\"  data- style=\"display: block; width: 100%;\" loading=\"lazy\" alt=\"Das Maislabyrinth zeigt Gl\u00fccksg\u00f6ttin Fortuna, die Vergangenheit und Zukunft ausbalanciert.\"\/>Das Maislabyrinth zeigt Gl\u00fccksg\u00f6ttin Fortuna, die Vergangenheit und Zukunft ausbalanciert.<\/p>\n<p> (Foto: Frank Gehrmann)<\/p>\n<p><strong>Zauberhaftes Theater unter freiem Himmel: Die kleine Hexe in R\u00fcbeland<\/strong><\/p>\n<p class=\"fp-paragraph\">Die kleine Hexe hat gro\u00dfe Tr\u00e4ume \u2013 aber mit nur 127 Jahren gilt sie noch als viel zu jung f\u00fcr den Hexentanz auf dem Blocksberg. In dem liebevoll inszenierten Theaterst\u00fcck nach dem Kinderbuchklassiker von Otfried Preu\u00dfler erleben Familien, wie die kleine Hexe versucht, eine \u201ewirklich gute Hexe\u201c zu werden \u2013 mit viel Witz, Magie und einer starken Botschaft \u00fcber Mut, Freundschaft und Gerechtigkeit. Ein m\u00e4rchenhaftes Erlebnis f\u00fcr Kinder und Erwachsene inmitten der Harzer Naturkulisse.<\/p>\n<p class=\"fp-paragraph\"><strong>\u00dcbrigens<\/strong>: Immer dienstags, donnerstags und samstags um 9 Uhr (Treffpunkt: 8:55 Uhr) gibt es f\u00fcr kleine H\u00f6hlenforscher eine Taschenlampenf\u00fchrung in der Baumannsh\u00f6hle R\u00fcbeland. Bei der spannenden F\u00fchrung durch das \u201eReich der Finsternis\u201c lernen die Kids spielerisch Wissenswertes \u00fcber Tropfsteine, Flederm\u00e4use und andere Bewohner der Unterwelt.<\/p>\n<p class=\"fp-paragraph\"><strong>Datum:<\/strong> 14., 15. und 16. August 2025, jeweils um 16:30 Uhr, <a target=\"_blank\" href=\"https:\/\/www.harzer-hoehlen.de\/hoehlentheater\/die-kleine-hexe\" rel=\"nofollow noopener\">Baumannsh\u00f6hle R\u00fcbeland<\/a><\/p>\n<p><img decoding=\"async\" class=\"fp-lazyload lazyload\" src=\"https:\/\/www.europesays.com\/de\/wp-content\/uploads\/2025\/08\/1754329456_799_64be0a7f-71d2-4805-812d-ec9bfe553697.jpeg\"  data- style=\"display: block; width: 100%;\" loading=\"lazy\" alt=\"Im H\u00f6hlentheater im Harz wird im August &quot;Die kleine Hexe&quot; aufgef\u00fchrt.\"\/>Im H\u00f6hlentheater im Harz wird im August &#8222;Die kleine Hexe&#8220; aufgef\u00fchrt.<\/p>\n<p> (Foto: Veranstalter)<\/p>\n<p>Ferienprogramm in der Welterbestadt Quedlinburg<\/p>\n<p class=\"fp-paragraph\">Bis zum 8. August k\u00f6nnen sich Kinder zwischen 7 und 12 Jahren in der Welterbestadt Quedlinburg auf ein kunterbuntes Ferienprogramm freuen. Ob spannende Ausfl\u00fcge, coole Bastelaktionen, sportliche Herausforderungen oder knifflige Forscheraufgaben \u2013 hier ist f\u00fcr jeden etwas dabei! Auch beim Kochen, Malen und Experimentieren gibt\u2019s jede Menge zu entdecken. Am Montag, 4. August k\u00f6nnt ihr etwa Kaleidoskope herstellen.<\/p>\n<p class=\"fp-paragraph\">Alle Veranstaltungen sind hier zu finden:\u202f<a href=\"https:\/\/eur01.safelinks.protection.outlook.com\/?url=http%3A%2F%2Fwww.quedlinburg.de%2Fferienkalender&amp;data=05%7C02%7Credaktion.termine%40mz.de%7C2bddd5a3e2394ab6203108ddb884d294%7C0e79f3f34eeb48ed815e2876c379e863%7C0%7C0%7C638869605222991400%7CUnknown%7CTWFpbGZsb3d8eyJFbXB0eU1hcGkiOnRydWUsIlYiOiIwLjAuMDAwMCIsIlAiOiJXaW4zMiIsIkFOIjoiTWFpbCIsIldUIjoyfQ%3D%3D%7C0%7C%7C%7C&amp;sdata=NfGdGgZ97jyJag49vhomVj8HVvvYpCwt7xL5WzD7UGA%3D&amp;reserved=0\" target=\"_blank\" rel=\"noreferrer noopener nofollow\">www.quedlinburg.de\/ferienkalender<\/a><\/p>\n<p><img decoding=\"async\" class=\"fp-lazyload lazyload\" src=\"https:\/\/www.europesays.com\/de\/wp-content\/uploads\/2025\/08\/1754329457_750_086b88f3-41ab-4a3e-af3e-e69a7479a005.jpeg\"  data- style=\"display: block; width: 100%;\" loading=\"lazy\" alt=\"In Quedlingburg ist in den Ferien eine Menge los.\"\/>In Quedlingburg ist in den Ferien eine Menge los.<\/p>\n<p> (Plakat: Welterbestadt Quedlinburg)<\/p>\n<p><strong>Lichterzauber und Genuss in Bad Harzburg<\/strong><\/p>\n<p class=\"fp-paragraph\">Wenn Lichter durch die Stra\u00dfen tanzen und Musik die Stadt erf\u00fcllt, ist wieder Salz- und Lichterfest in Bad Harzburg. Am 23. und 24. August 2025 verwandelt sich die Innenstadt in ein atmosph\u00e4risches Lichtermeer mit kulinarischen Angeboten, Live-Musik und einem abwechslungsreichen Programm f\u00fcr Gro\u00df und Klein. Ein Fest, das zum Bummeln, Genie\u00dfen und Staunen einl\u00e4dt \u2013 perfekt f\u00fcr einen sommerlichen Familienausflug mit besonderem Flair.<\/p>\n<p class=\"fp-paragraph\"><strong>Datum: Samstag, 23. und Sonntag, 24. August 2025, ganzt\u00e4gig, <a rel=\"noopener nofollow\" target=\"_new\" href=\"https:\/\/www.salz-und-lichterfest.de\/\">Bad Harzburg \u2013 Innenstadt<\/a><\/strong><\/p>\n<p>Familienerlebnis an der Rappbodetalsperre<\/p>\n<p class=\"fp-paragraph\">Das <a href=\"https:\/\/www.mz.de\/mitteldeutschland\/harzdrenalin-wie-maik-berke-und-sein-bruder-den-harz-zum-abenteuerort-machen-4074113\" rel=\"nofollow noopener\" target=\"_blank\">Erlebnisareal an der Rappbodetalsperre bietet f\u00fcr Gro\u00df und Klein spannende Abenteuer und Erholung zugleich<\/a>. Actionfans erleben Nervenkitzel beim Megazipline-Fliegen, Gigaswing-Pendelsprung, Wallrunning oder dem Katapulterlebnis Ultrashot. Wer es gem\u00fctlicher mag, genie\u00dft den Spaziergang \u00fcber die H\u00e4ngebr\u00fccke TITAN RT, besucht das 5D-Kino oder bewundert die Aussicht vom Solitair-Turm. F\u00fcr die Kleinsten gibt es einen Indoorspielplatz, w\u00e4hrend sich alle anderen im Typisch Harz Regioshop und an den Picknickinseln entspannen k\u00f6nnen. Ein perfekter Tagesausflug f\u00fcr die ganze Familie!<\/p>\n<p class=\"fp-paragraph\"><strong>Erlebnisareal Rappbodetalsperre, <a href=\"https:\/\/harzdrenalin.de\/\" rel=\"nofollow noopener\" target=\"_blank\">Rappbodetalsperre<\/a>\u00a0und Erlebniswelt<\/strong><\/p>\n<p>Kreativer M\u00fcnz-Workshop im Museum Alte M\u00fcnze in Stolberg<\/p>\n<p class=\"fp-paragraph\">Am Samstag, 9. August, l\u00e4dt die K\u00fcnstlerin Josefine Cyranka ab 15 Uhr Kinder ab 6 Jahren ins Museum Alte M\u00fcnze in Stolberg ein. Gemeinsam entdecken die Kinder spannende Tiermotive auf M\u00fcnzen und pr\u00e4gen eigene kleine Skulpturen aus Metallfolie, die auf Holz befestigt werden \u2013 \u00e4hnlich Troph\u00e4en. Der Workshop ist Teil der Sonderausstellung \u201eEine Pr\u00e4gung f\u00fcr M\u00fcntzer\u201c im Rahmen der Landesausstellung zum 500. Jubil\u00e4um des Bauernkriegs.<\/p>\n<p class=\"fp-paragraph\"><strong>Datum:\u00a09. August, ab 15 Uhr<br \/>Museum Alte M\u00fcnze, Markt 1, 06536 Stolberg<\/strong><br \/>Anmeldung: <a href=\"https:\/\/www.mz.de\/cdn-cgi\/l\/email-protection\" class=\"__cf_email__\" data-cfemail=\"0d7d7f6267686679684d6678637e797e79646b7978636a207e6c6e657e6863206c63656c6179236968\" rel=\"nofollow noopener\" target=\"_blank\">[email\u00a0protected]<\/a><\/p>\n<p>DER S\u00dcDEN SACHSEN-ANHALTS<\/p>\n<p>Verirren im Maislabyrinth am Petersberg bei Halle<\/p>\n<p class=\"fp-paragraph\">Seit 18. Juli hat das gro\u00dfe <a href=\"https:\/\/www.mz.de\/lokal\/halle-saale\/besucher-konnen-sich-auf-highlight-im-maislabyrinth-bei-halle-freuen-4085130\" rel=\"nofollow noopener\" target=\"_blank\">Maislabyrinth bei Halle<\/a> ge\u00f6ffnet. Auf 35.000 Quadratmetern warten Irrwege, ein cooles Landwirtschafts-Motiv und jede Menge Spa\u00df f\u00fcr Familien. Hunde d\u00fcrfen mit, wenn sie angeleint sind.\u00a0Das Beste: Die Einnahmen kommen gemeinn\u00fctzigen Projekten in der Region zugute.<\/p>\n<p class=\"fp-paragraph\"><strong>\u00d6ffnungszeiten: Dienstag bis Sonntag von 10 bis 18 Uhr, <br \/>Adresse: Blonsberger Stra\u00dfe, 06193 Petersberg<\/strong><\/p>\n<p><img decoding=\"async\" class=\"fp-lazyload lazyload\" src=\"https:\/\/www.europesays.com\/de\/wp-content\/uploads\/2025\/08\/1754329457_276_5b12ea5a-54e3-4607-9e5b-fc8b87751150.jpeg\"  data- style=\"display: block; width: 100%;\" loading=\"lazy\" alt=\"Im Maislabyrinth am Petersberg bei Halle kann man sich wunderbar verirren.\"\/>Im Maislabyrinth am Petersberg bei Halle kann man sich wunderbar verirren.<\/p>\n<p> (Foto: AGRAR-DIENST-NAUENDORF GmbH)<\/p>\n<p>Familiennachmittag im Kunstmuseum Moritzburg in Halle<\/p>\n<p class=\"fp-paragraph\">Am Donnerstag, den 7. August, l\u00e4dt das Kunstmuseum Moritzburg Halle von 14 bis 18 Uhr zu einem kreativen Nachmittag f\u00fcr Familien ein. In der Sonderausstellung \u201ePlanetarische Bauern\u201c geht ihr mit einem Mitmach-Heft auf Entdeckungstour (Startzeiten: 14, 15 und 16 Uhr), lernt das neue Maskottchen kennen, gestaltet fantasievolle Zukunftsmaschinen und Pflanzenkugeln \u2013 oder tauscht bei der Pflanzentauschb\u00f6rse eure gr\u00fcnen Sch\u00e4tze. F\u00fcr Kinder von 5 bis 12 Jahren empfohlen. Eintritt f\u00fcr Kinder und begleitende Erwachsene frei!<\/p>\n<p class=\"fp-paragraph\"><strong>Datum: 7. August, 14\u201318 Uhr, Ort: <a target=\"_blank\" href=\"https:\/\/kurzlinks.de\/cklx\" rel=\"nofollow noopener\">Kunstmuseum Moritzburg Halle<\/a>\u00a0<br \/>Anmeldung: <a href=\"https:\/\/www.mz.de\/cdn-cgi\/l\/email-protection\" class=\"__cf_email__\" data-cfemail=\"c8a3bda6bbbcbeadbaa5a1bcbca4bda6af88a3bda4bcbdbabbbca1aebcbda6afe5bbbce6acad\" rel=\"nofollow noopener\" target=\"_blank\">[email\u00a0protected]<\/a><\/strong><\/p>\n<p>Der Indoorspiel im BWG Erlebnishaus in Halle \u00f6ffnet wieder<\/p>\n<p class=\"fp-paragraph\">Nach f\u00fcnf Wochen Umbaupause hat das BWG Erlebnishaus in Halle wieder ge\u00f6ffnet \u2013 mit neuen Attraktionen f\u00fcr Kinder, Familien und Schulgruppen. Neu dabei: ein Trampolinpark, ein modernisierter Kletterparcours sowie digitale Schlie\u00dff\u00e4cher und ein Kassensystem, das bequeme Bestellungen direkt vom Tisch aus erlaubt. Ein Besuch lohnt sich.<\/p>\n<p class=\"fp-paragraph\"><strong>Adresse:\u00a0<\/strong>BWG Erlebnishaus, Holzplatz 10, 06110 Halle (Saale),\u00a0\u00d6ffnungszeiten: Di\u2013Fr 14\u201319 Uhr, Sa\/So &amp; Ferien 10\u201319 Uhr, Mo Ruhetag,\u00a0Mehr Infos: <a href=\"https:\/\/bwg-erlebnishaus.de\" rel=\"nofollow noopener\" target=\"_blank\">bwg-erlebnishaus.de<\/a><\/p>\n<p><img decoding=\"async\" class=\"fp-lazyload lazyload\" src=\"https:\/\/www.europesays.com\/de\/wp-content\/uploads\/2025\/08\/1754329458_92_8dfd6023-941c-4f47-8eec-766bcce75bcd.jpeg\"  data- style=\"display: block; width: 100%;\" loading=\"lazy\" alt=\"In Schale geworfen: Das BWG-Erlebnishaus in Halle \u00f6ffnet nach einer Sanierung wieder seine Pforten.\"\/>In Schale geworfen: Das BWG-Erlebnishaus in Halle \u00f6ffnet nach einer Sanierung wieder seine Pforten.<\/p>\n<p> (Foto: BWG)<\/p>\n<p>Spielen wie Oma und Opa im Museum Petersberg<\/p>\n<p class=\"fp-paragraph\">Die Sonderausstellung \u201eDeutsch-deutsche Spielzeugwelten\u201c im\u202f<a href=\"https:\/\/www.museum-petersberg.de\/\" target=\"_blank\" rel=\"noreferrer noopener nofollow\">Museum Petersberg<\/a>\u202f(Saalekreis) l\u00e4dt bis zum 10. August die ganze Familie mit Oma und Opa und Enkeln ein, Kinderspielzeug aus den ehemals getrennten deutschen Staaten DDR und BRD zu entdecken. In einer Spielecke k\u00f6nnen sich kleine Besucher austoben, w\u00e4hrend gro\u00dfe in Erinnerungen schwelgen. Gemeinsam wird dann das Suchspiel gel\u00f6st und mit etwas Gl\u00fcck gibt es Freikarten f\u00fcr den Tierpark.<\/p>\n<p class=\"fp-paragraph\"><strong>Datum: Bis zum 10. August, Dienstag bis Sonntag 10 bis 17 Uhr<\/strong><\/p>\n<p>&#8222;Nils Holgersson&#8220; in der Volksb\u00fchne am Kaulenberg in Halle<\/p>\n<p class=\"fp-paragraph\">Die Volksb\u00fchne am Kaulenberg in Halle bringt Selma Lagerl\u00f6fs Klassiker neu auf die B\u00fchne \u2013 fantasievoll und ganz reduziert inszeniert. Gemeinsam mit Nils und den Wildg\u00e4nsen geht\u2019s auf eine spannende Reise durch Schweden.\u00a0Mit dabei ist etwa Matthias Brenner, die Musik stammt von Scotti Gottwald.<\/p>\n<p><strong>Datum: 21. August (19.30 Uhr), 22. August (18 Uhr), Kaulenberg 1, 06108 Halle<\/strong><\/p>\n<p><img decoding=\"async\" class=\"fp-lazyload lazyload\" src=\"https:\/\/www.europesays.com\/de\/wp-content\/uploads\/2025\/08\/1754329459_302_1e84ecfc-cdd1-4aae-9de6-fc9471a5e0fd.jpeg\"  data- style=\"display: block; width: 100%;\" loading=\"lazy\" alt=\"Das Theaterst\u00fcck &quot;Nils Holgersson&quot; wird an der Volksb\u00fchne in Halle gespielt.\"\/>Das Theaterst\u00fcck &#8222;Nils Holgersson&#8220; wird an der Volksb\u00fchne in Halle gespielt.<\/p>\n<p> (Foto: Volksb\u00fchne)<\/p>\n<p>Kletterpark und Adventure-Golf am Markkleeberger See erweitert die \u00d6ffnungszeiten<\/p>\n<p class=\"fp-paragraph\">Mit den Sommerferien gibt\u2019s auch im <a target=\"_blank\" href=\"https:\/\/www.adventuregolf-markkleeberg.de\/\" rel=\"nofollow noopener\">Kletterpark und auf der Adventure-Golf-Anlage am Markkleeberger See<\/a> bei Leipzig mehr Zeit zum Spielen und Spa\u00df haben. Ihr k\u00f6nnt dort von Dienstag bis Freitag von 11 bis 19 Uhr klettern, und am Wochenende sogar schon ab 10 Uhr bis 19 Uhr. Beim Adventure-Golf geht\u2019s von Dienstag bis Freitag von 11 bis 18 Uhr rund, samstags von 10 bis 19 Uhr und sonntags von 10 bis 18 Uhr. Also: Raus an die frische Luft und jede Menge Abenteuer erleben!<\/p>\n<p class=\"fp-paragraph\"><strong>Adresse: Markkleeberger See oberhalb der Auenhainer Bucht im Kletterpark \u2013 Paddelsteg 2 \u2013 04416 Markkleeberg \/ OT Auenhain<\/strong><\/p>\n<p><img decoding=\"async\" class=\"fp-lazyload lazyload\" src=\"https:\/\/www.europesays.com\/de\/wp-content\/uploads\/2025\/08\/1754329459_493_c7cc591a-0454-47f4-a503-aca61b8f97ef.jpeg\"  data- style=\"display: block; width: 100%;\" loading=\"lazy\" alt=\"In Markkleeberg l\u00e4sst es wunderbar klettern - und nicht nur das ...\"\/>In Markkleeberg l\u00e4sst es wunderbar klettern &#8211; und nicht nur das &#8230;<\/p>\n<p> (Foto: Adventure- und Golfpark Markkleeberg)<\/p>\n<p>Musical und Feldbahnfahrt in Karls Erlebnis-Dorf in D\u00f6beln<\/p>\n<p class=\"fp-paragraph\">Noch bis zum 7. September wird <a href=\"https:\/\/www.mz.de\/mitteldeutschland\/karls-doebeln-erlebnisdorf-erdbeerhof-freizeitpark-a14-attraktionen-eintritt-oeffnungszeiten-3792710\" rel=\"nofollow noopener\" target=\"_blank\">Karls Erlebnis-Dorf in D\u00f6beln<\/a> in Sachsen zu einem magischen Ort. Das neue Familien-Musical \u201eKarlchen und die magische Fee\u201c l\u00e4uft t\u00e4glich viermal \u2013 mit tanzenden Traktoren, singenden Radios und einer verzauberten Fee.Au\u00dferdem startet ab dem 28. Juni die historische Feldbahn \u201eLPG Rote R\u00fcbe\u201c. Die Fahrt zeigt euch das ganze Dorf und all die tollen Attraktionen, die ihr nicht verpassen solltet.<\/p>\n<p class=\"fp-paragraph\"><strong>Datum: bis 7. September, Karls Erlebnis-Dorf in D\u00f6beln<\/strong><\/p>\n<p><img decoding=\"async\" class=\"fp-lazyload lazyload\" src=\"https:\/\/www.europesays.com\/de\/wp-content\/uploads\/2025\/08\/1754329460_253_bbce8eca-7a0f-4d19-bbcf-5f758021496c.jpeg\"  data- style=\"display: block; width: 100%;\" loading=\"lazy\" alt=\"Karlchen wartet in Karls Erlebnis-Dorf auf seine Fee.\"\/>Karlchen wartet in Karls Erlebnis-Dorf auf seine Fee.<\/p>\n<p> (Foto: IMAGO\/EHL Media)<\/p>\n<p><strong>Zeitreise mit Pinsel und Farben: Familienf\u00fchrungen im Panometer Leipzig<\/strong><\/p>\n<p class=\"fp-paragraph\">Ein Spaziergang durch eine franz\u00f6sische Kleinstadt vor 150 Jahren, mittendrin ber\u00fchmte K\u00fcnstler wie Monet oder van Gogh \u2013 das bietet die aktuelle 360\u00b0-Panoramaausstellung \u201eDie Kathedrale von Monet\u201c von Yadegar Asisi im Panometer Leipzig. Mit Lichtwechsel, Ger\u00e4uschkulisse und detailreichen Szenen entsteht eine beeindruckende Illusion vergangener Zeiten. Besonders f\u00fcr Familien gibt es jeden Samstag spezielle F\u00fchrungen wie \u201eMalerei mit allen Sinnen\u201c oder die R\u00e4tsel-Tour \u201eWahr oder Falsch?\u201c. In den Sommerferien finden werktags zus\u00e4tzliche Themenf\u00fchrungen f\u00fcr Kinder statt \u2013 ein kreatives Erlebnis f\u00fcr die ganze Familie!<\/p>\n<p class=\"fp-paragraph\"><strong>Datum: Ausstellung bis 7. Januar 2026, Familienf\u00fchrungen jeden Samstag um 10.30 Uhr, Ferienf\u00fchrungen Montag bis Freitag um 11 Uhr, Panometer Leipzig<\/strong><\/p>\n<p><img decoding=\"async\" class=\"fp-lazyload lazyload\" src=\"https:\/\/www.europesays.com\/de\/wp-content\/uploads\/2025\/08\/1754329460_337_8b44ca5f-803b-4514-904f-19603b498be8.jpeg\"  data- style=\"display: block; width: 100%;\" loading=\"lazy\" alt=\"Einen gef\u00fchrten Rundgang durch die Panoramaausstellung DIE KATHEDRALE VON MONET\u00a0 gibt es auch speziell f\u00fcr Familien.\"\/>Einen gef\u00fchrten Rundgang durch die Panoramaausstellung DIE KATHEDRALE VON MONET\u00a0 gibt es auch speziell f\u00fcr Familien.<\/p>\n<p> (Foto: Tom Schulze \u00a9 Panometer)<\/p>\n<p>Kindertheater &#8222;Das Traumbild vom Sonnenberg&#8220; an der Wasserburg Ro\u00dflau<\/p>\n<p class=\"fp-paragraph\">In einem fernen Land webt eine Mutter drei Jahre lang ein Tuch \u2013 voller Tr\u00e4ume, Hoffnung und Liebe. Doch kaum ist es fertig, tr\u00e4gt der Wind es davon. Ihre drei Kinder machen sich nacheinander auf die Suche. W\u00e4hrend die Mutter schw\u00e4cher wird, erlebt besonders das j\u00fcngste Kind auf dem Weg zum geheimnisvollen Feenberg gro\u00dfe Abenteuer. Der Eintritt ist\u00a0 frei!<\/p>\n<p class=\"fp-paragraph\"><strong>Auff\u00fchrungen:<\/strong>\u00a09., 10., 16., und 17. August jeweils 15 Uhr auf den Streuobstwiesen neben der Wasserburg Ro\u00dflau<\/p>\n<p><strong>Was fressen Eulen eigentlich? Ferienfinale im Schloss K\u00f6then<\/strong><\/p>\n<p class=\"fp-paragraph\">Am Dienstag, den 5. August, geht das Ferienprogramm im Schloss K\u00f6then in die letzte Runde: Kinder ab 7 Jahren k\u00f6nnen um 14 Uhr im Marstall spannende Gew\u00f6lle untersuchen \u2013 das sind die unverdaulichen Reste von Eulenmahlzeiten. Unter dem Mikroskop entdecken sie, was die Nachtv\u00f6gel gefressen haben. Mit dabei ist Bernhard Just vom Naumann-Museum.<\/p>\n<p class=\"fp-paragraph\"><strong>Datum:\u00a05. August, 14 Uhr, Marstall Schloss K\u00f6then<\/strong><\/p>\n<p><img decoding=\"async\" class=\"fp-lazyload lazyload\" src=\"https:\/\/www.europesays.com\/de\/wp-content\/uploads\/2025\/08\/eda4d0d3-048a-48fb-aa80-c2c683aa0b06.jpeg\"  data- style=\"display: block; width: 100%;\" loading=\"lazy\" alt=\"Was f\u00fcr kleine Forscher: Zum letzten Ferienworkshop in K\u00f6then k\u00f6nnen Kinder Gew\u00f6lle unter die Lupe nehmen.\"\/>Was f\u00fcr kleine Forscher: Zum letzten Ferienworkshop in K\u00f6then k\u00f6nnen Kinder Gew\u00f6lle unter die Lupe nehmen.<\/p>\n<p> (Foto: Schloss K\u00f6then)<\/p>\n<p>Ferienprogramm in den Luthermuseen in Wittenberg und Eisleben<\/p>\n<p class=\"fp-paragraph\">In den Sommerferien bieten die LutherMuseen in Wittenberg coole Workshops rund um Martin Luther an \u2013 mit der Kinderausstellung \u201eDer M\u00f6nch war\u2019s!\u201c und dem Escape-Spiel \u201eTat(w)ort 1522\u201c.\u00a0<\/p>\n<p class=\"fp-paragraph\"><strong>Lutherhof Wittenberg, Collegienstra\u00dfe 54, 06886 Lutherstadt Wittenberg<\/strong><br \/>Anmeldung: <a href=\"https:\/\/www.mz.de\/cdn-cgi\/l\/email-protection\" class=\"__cf_email__\" data-cfemail=\"680a01040c1d060f461f011c1c0d060a0d1a0f28041d1c000d1a051d1b0d0d06460c0d\" rel=\"nofollow noopener\" target=\"_blank\">[email\u00a0protected]<\/a><\/p>\n<p class=\"fp-paragraph\"><strong>Anmeldung per E-Mail an <a href=\"https:\/\/www.mz.de\/cdn-cgi\/l\/email-protection\" class=\"__cf_email__\" data-cfemail=\"c6a4afaaa2b3a8a1e8b1afb2b2a3a8a4a3b4a186aab3b2aea3b4abb3b5a3a3a8e8a2a3\" rel=\"nofollow noopener\" target=\"_blank\">[email\u00a0protected]<\/a>.<\/strong><\/p>\n<p class=\"fp-paragraph\">Ein spannendes Angebot wartet in den Sommerferien auf Kinder und Jugendliche in Eisleben:\u00a0Am Dienstag, 5. August, geht es in Luthers Sterbehaus ums Weben. Im kostenlosen Workshop \u201eElsa webt\u201c lernen 8- bis 17-J\u00e4hrige zwischen 11 und 15 Uhr kreative Techniken kennen und d\u00fcrfen selbst aktiv werden.<\/p>\n<p class=\"fp-paragraph\"><strong>Datum: 5. August, 11\u201315 Uhr,\u00a0<br \/>Luthers Sterbehaus, Andreaskirchplatz 7, 06295 Eisleben<\/strong><br \/>Anmeldung: <a href=\"https:\/\/www.mz.de\/cdn-cgi\/l\/email-protection\" class=\"__cf_email__\" data-cfemail=\"aad9cfd8dcc3c9cfeac6dfdec2cfd8c7dfd9cfcfc484cecf\" rel=\"nofollow noopener\" target=\"_blank\">[email\u00a0protected]<\/a> oder Tel. 03491\/4203171<\/p>\n<p>Ufo in der Arche Nebra<\/p>\n<p><img decoding=\"async\" class=\"fp-lazyload lazyload\" src=\"https:\/\/www.europesays.com\/de\/wp-content\/uploads\/2025\/08\/1754329462_640_1cebdc75-f7a2-44d9-8a36-b565ffbce10d.jpeg\"  data- style=\"display: block; width: 100%;\" loading=\"lazy\" alt=\"Kinder spielen im Innenraum des multifunktionalen Bau \u00abOuter Space\u00bb, der mit einem Cockpit eines Raumschiffes ausgestattet ist.\"\/>Kinder spielen im Innenraum des multifunktionalen Bau \u00abOuter Space\u00bb, der mit einem Cockpit eines Raumschiffes ausgestattet ist.<\/p>\n<p> (Foto: dpa)<\/p>\n<p class=\"fp-paragraph\"><a href=\"https:\/\/www.mz.de\/mitteldeutschland\/sachsen-anhalt\/griff-nach-den-sternen-was-man-in-der-arche-nebra-uber-die-himmelscheibe-lernt-4085064\" rel=\"nofollow noopener\" target=\"_blank\">In der Arche Nebra im Burgenlandkreis dreht sich alles um die Himmelsscheibe<\/a>. Die Ausstellung und das Planetarium laden zum Staunen ein \u2013 ein Spaziergang zur Fundstelle mit Aussicht lohnt sich! Seit neustem gibt es mit dem \u201eOuter Space\u201c einen Spielplatz in Form eines Raumschiffes, kostenlos und immer ge\u00f6ffnet!<\/p>\n<p class=\"fp-paragraph\"><strong>\u00d6ffnungszeiten: t\u00e4glich von 10 bis 18 Uhr<\/strong><\/p>\n<p>Ferienprogramm im Welterbe-Dom in Naumburg<\/p>\n<p class=\"fp-paragraph\">In der KinderDomBauh\u00fctte des Naumburger Doms entdecken Kinder in den Sommerferien die Welt der mittelalterlichen Handwerkskunst. Immer donnerstags um 14 Uhr gibt es Kinderf\u00fchrungen durch den Dom \u2013 mit spannenden Geschichten aus dem Sp\u00e4tmittelalter.<\/p>\n<p class=\"fp-paragraph\"><strong>Adresse: Naumburger Dom, Domplatz 16\/17, 06618 Naumburg (Saale)<\/strong><br \/>Anmeldung: \u00fcber den Besucherservice, www.naumburger-dom.de oder Tel. 03445\/230110<\/p>\n<p>Musikspa\u00df f\u00fcr die ganze Familie im Domgarten Naumburg!<\/p>\n<p class=\"fp-paragraph\">Am Sonntag, dem 17. August, hei\u00dft es B\u00fchne frei f\u00fcr Richards Kindermusikladen! Ab 15 Uhr bringt das Trio auf der Sommerb\u00fchne im Naumburger Domgarten mit groovigen Rhythmen, witzigen Texten und jeder Menge Mitmach-Spa\u00df kleine und gro\u00dfe Musikfans in Bewegung. Ob chaotische Familienabenteuer, freche Spinnereien oder kunterbunte Alltagsgeschichten \u2013 hier wird Musik zum Erlebnis f\u00fcr Kinder ab f\u00fcnf Jahren und ihre Familien.\u00a0<\/p>\n<p class=\"fp-paragraph\"><strong>Datum:\u00a017. August 2025, Adresse:\u00a0Sommerb\u00fchne im Domgarten, Naumburg<\/strong><\/p>\n<p><img decoding=\"async\" class=\"fp-lazyload lazyload\" src=\"https:\/\/www.europesays.com\/de\/wp-content\/uploads\/2025\/08\/d20b0bce-449f-45b7-adba-b5f3a9b961a7.jpeg\"  data- style=\"display: block; width: 100%;\" loading=\"lazy\" alt=\"Haaaaloooo! Richards Kindermusikladen macht in Naumburg garantiert Stimmung.\"\/>Haaaaloooo! Richards Kindermusikladen macht in Naumburg garantiert Stimmung.<\/p>\n<p> (Foto: Inna Hauke)<\/p>\n<p>M\u00e4rchenhaftes Wochenende im Erlebnispark Memleben<\/p>\n<p class=\"fp-paragraph\"><strong\/><br \/>Am 23. und 24. August verwandelt sich der Erlebnispark Memleben in eine fantastische M\u00e4rchenwelt! Trefft eure Lieblingshelden, h\u00f6rt spannenden Geschichten vom M\u00e4rchenerz\u00e4hler und erlebt m\u00e4rchenhafte Abenteuer \u2013 alles im regul\u00e4ren Eintrittspreis enthalten. Dazu erwarten euch wie immer tolle Shows, familienfreundliche Attraktionen und jede Menge Spa\u00df f\u00fcr Gro\u00df und Klein.<\/p>\n<p class=\"fp-paragraph\"><strong>Datum:\u00a023. und 24. August,\u00a010\u201317 Uhr (Einlass bis 15 Uhr),\u00a0Erlebnispark Memleben<\/strong><\/p>\n<p>Auf Schatzsuche im Kloster Memleben<\/p>\n<p class=\"fp-paragraph\">Beim Ferienangebot \u201eVersteckte Ermittlungen\u201c am Dienstag, 5. August, um 14.30 Uhr begeben sich Kinder auf eine spannende Spurensuche durch das Kloster Memleben. In einer kindgerechten F\u00fchrung lernen sie etwas \u00fcber das Leben von K\u00f6nigen, Kaisern und M\u00f6nchen vor 1.000 Jahren \u2013 und d\u00fcrfen bei einer Erlebnisgrabung selbst als kleine Arch\u00e4ologen auf Schatzsuche gehen.<\/p>\n<p class=\"fp-paragraph\"><strong>Datum:\u00a05. August, 14.30 Uhr (Dauer: ca. 1,5 Stunden)<br \/>Kloster und Kaiserpfalz Memleben, Lindenstra\u00dfe 34, 06642 Kaiserpfalz<\/strong><br \/>Anmeldung bis 4. August, 17 Uhr unter Tel. 03672\/60274 oder <a href=\"https:\/\/www.mz.de\/cdn-cgi\/l\/email-protection\" class=\"__cf_email__\" data-cfemail=\"c0a9aea6af80abacafb3b4a5b2edada5adaca5a2a5aeeea4a5\" rel=\"nofollow noopener\" target=\"_blank\">[email\u00a0protected]<\/a><\/p>\n<p>DER NORDEN SACHSEN-ANHALTS<\/p>\n<p><strong>Abend-Safari im Zoo Magdeburg \u2013 Tierische Momente bei Sonnenuntergang<\/strong><\/p>\n<p class=\"fp-paragraph\">Wenn die meisten Besucher schon gehen, erwacht der Zoo Magdeburg zu einem besonderen Leben: Schimpansen bauen ihr Nachtlager, nachtaktive Tiere starten ihre Aktivit\u00e4ten. Bei der spannenden Abend-Safari erleben Familien eine faszinierende Welt zwischen Tagesende und Nachtbeginn und erfahren Wissenswertes \u00fcber das Verhalten der Tiere in dieser magischen \u00dcbergangszeit.<\/p>\n<p class=\"fp-paragraph\"><strong>Datum: Freitag, 15. August 2025, Beginn 18 Uhr am Haupteingang<\/strong><\/p>\n<p><img decoding=\"async\" class=\"fp-lazyload lazyload\" src=\"https:\/\/www.europesays.com\/de\/wp-content\/uploads\/2025\/08\/1754329464_118_a801912e-e352-4340-9cd5-ea125b7f2a26.jpeg\"  data- style=\"display: block; width: 100%;\" loading=\"lazy\" alt=\"Wie niedlich! Gleich vier Tigerbabys stolpern jetzt durchs Freigehe im Zoo Magdeburg! Tigermutter \u00abStormi\u00bb bleibt ganz entspannt und sorgt daf\u00fcr, dass ihr Nachwuchs &quot;gewaschen&quot; ist.\u00a0\"\/>Wie niedlich! Gleich vier Tigerbabys stolpern jetzt durchs Freigehe im Zoo Magdeburg! Tigermutter \u00abStormi\u00bb bleibt ganz entspannt und sorgt daf\u00fcr, dass ihr Nachwuchs &#8222;gewaschen&#8220; ist.\u00a0<\/p>\n<p> (Foto: dpa)<\/p>\n<p><strong>Zauber im M\u00e4rchenpark und Duftgarten bei Salzwedel<\/strong><\/p>\n<p class=\"fp-paragraph\">Ein tolles Ziel f\u00fcrs Wochenende ist der <a href=\"https:\/\/www.volksstimme.de\/sachsen-anhalt\/wo-konige-und-tiger-wohnen-4086582\" rel=\"nofollow noopener\" target=\"_blank\">M\u00e4rchenpark und Duftgarten bei Salzwedel<\/a>. Zwischen bunten Blumen und liebevoll gestalteten M\u00e4rchenfiguren k\u00f6nnen Familien in 35 H\u00e4uschen, einem Schloss und einer Burg in fantasievolle Geschichten eintauchen. Kinder toben auf Spielpl\u00e4tzen und in der Spielscheune \u2013 und im \u201eIrrgarten des Lebens\u201c wird gerannt, gelacht und gestaunt.<\/p>\n<p class=\"fp-paragraph\"><strong>Datum: t\u00e4glich von 10 bis 19 Uhr ge\u00f6ffnet. Der Eintritt kostet f\u00fcr Kinder von drei bis 14 Jahren sieben Euro, f\u00fcr Erwachsene 8,50 Euro. Adresse: An der Warthe 5, 29410 Salzwedel<\/strong><\/p>\n<p><img decoding=\"async\" class=\"fp-lazyload lazyload\" src=\"https:\/\/www.europesays.com\/de\/wp-content\/uploads\/2025\/08\/1754329464_713_153d8d95-5c52-43b3-bf59-22cbd8236a1e.jpeg\"  data- style=\"display: block; width: 100%;\" loading=\"lazy\" alt=\"Der Park lockt mit liebevoll gestalteten Figuren aus bekannten M\u00e4rchen.\"\/>Der Park lockt mit liebevoll gestalteten Figuren aus bekannten M\u00e4rchen.<\/p>\n<p> (Foto: M\u00e4rchenpark und Duftgarten Salzwedel)<\/p>\n<p>Dem K\u00f6rper auf der Spur \u2013 im Jahrtausendturm Magdeburg<\/p>\n<p class=\"fp-paragraph\">In der Ausstellung \u201eFaszination Mensch\u201c im Jahrtausendturm geht\u2019s auf eine spannende Reise durch den menschlichen K\u00f6rper. An \u00fcber 30 Mitmach-Stationen k\u00f6nnen Kinder (und Erwachsene!) selbst ausprobieren, staunen und lernen: Wie funktionieren Muskeln und Sinne? Wie klingt mein Herzschlag? Spannende Experimente und viele Aha-Momente warten auf neugierige Entdecker!<\/p>\n<p><img decoding=\"async\" class=\"fp-lazyload lazyload\" src=\"https:\/\/www.europesays.com\/de\/wp-content\/uploads\/2025\/08\/1754329465_295_ea117c89-1628-41fc-9057-da8deb20c643.jpeg\"  data- style=\"display: block; width: 100%;\" loading=\"lazy\" alt=\"Uwe Fr\u00f6mert betreut seit nunmehr 25 Jahren das Schmetterlingshaus im Magdeburger Elbauenpark.\"\/>Uwe Fr\u00f6mert betreut seit nunmehr 25 Jahren das Schmetterlingshaus im Magdeburger Elbauenpark.<\/p>\n<p> (Foto: Uli L\u00fccke)<\/p>\n<p class=\"fp-paragraph\">Wenn man schon mal da ist: Der <a href=\"https:\/\/www.volksstimme.de\/lokal\/magdeburg\/video-25-jahre-schmetterlingshaus-elbauenpark-besuch-4079730\" rel=\"nofollow noopener\" target=\"_blank\">Elbauenpark<\/a> rund um den Jahrtausendturm l\u00e4dt zum Weiterentdecken ein \u2013 mit gro\u00dfen Spielpl\u00e4tzen, einer Sommerrodelbahn, bunten G\u00e4rten und viel Platz zum Toben, Picknicken und Entspannen. Perfekt f\u00fcr einen ganzen Tag voller Abenteuer!<\/p>\n<p class=\"fp-paragraph\"><strong>Datum: <a target=\"_blank\" href=\"https:\/\/www.elbauenpark.de\/de\/besucherinfos\/oeffnungszeiten\/\" rel=\"nofollow noopener\">t\u00e4glich von 9 bis 19 Uhr ge\u00f6ffnet<\/a>, Ausstellung im Jahrtausendturm: 16. Juli bis 31. Oktober<\/strong><\/p>\n<p class=\"fp-paragraph\"><a href=\"https:\/\/www.mz.de\/leben\/familie\/kostenfreier-newsletter-fuer-familien-in-sachsen-anhalt-themen-tipps-und-termine-in-dieser-e-mail-ist-alles-drin-3693627\" rel=\"nofollow noopener\" target=\"_blank\">Immer noch nichts passendes gefunden? In unserem kostenfreien Newsletter f\u00fcr Familien geben wir noch viele weitere Ausflugstipps und jede Menge Tricks und Anregungen. Jetzt kostenlos abonnieren!<\/a><\/p>\n<p class=\"fp-paragraph\">Mit unserem Familien-Newsletter wissen Eltern immer, wohin sich ein Ausflug mit den Kids lohnt oder was in Kita, Schule, Erziehung sonst noch wichtig ist.<\/p>\n","protected":false},"excerpt":{"rendered":"Magdeburg\/Halle (Saale). Die letzten Ferientage stehen vor der T\u00fcr \u2013 h\u00f6chste Zeit f\u00fcr einen Familienausflug! Ob Natur, Nervenkitzel&hellip;\n","protected":false},"author":2,"featured_media":318892,"comment_status":"","ping_status":"","sticky":false,"template":"","format":"standard","meta":{"footnotes":""},"categories":[1860],"tags":[3903,3364,29,548,663,3934,5431,30,4062,17332,13,1114,14,15,17331,860,12,1467,4749],"class_list":{"0":"post-318891","1":"post","2":"type-post","3":"status-publish","4":"format-standard","5":"has-post-thumbnail","7":"category-halle-saale","8":"tag-ausflug","9":"tag-de","10":"tag-deutschland","11":"tag-eu","12":"tag-europa","13":"tag-europe","14":"tag-familien","15":"tag-germany","16":"tag-halle","17":"tag-halle-saale","18":"tag-headlines","19":"tag-kinder","20":"tag-nachrichten","21":"tag-news","22":"tag-saale","23":"tag-sachsen-anhalt","24":"tag-schlagzeilen","25":"tag-tipps","26":"tag-wochenende"},"share_on_mastodon":{"url":"https:\/\/pubeurope.com\/@de\/114971743093858322","error":""},"_links":{"self":[{"href":"https:\/\/www.europesays.com\/de\/wp-json\/wp\/v2\/posts\/318891","targetHints":{"allow":["GET"]}}],"collection":[{"href":"https:\/\/www.europesays.com\/de\/wp-json\/wp\/v2\/posts"}],"about":[{"href":"https:\/\/www.europesays.com\/de\/wp-json\/wp\/v2\/types\/post"}],"author":[{"embeddable":true,"href":"https:\/\/www.europesays.com\/de\/wp-json\/wp\/v2\/users\/2"}],"replies":[{"embeddable":true,"href":"https:\/\/www.europesays.com\/de\/wp-json\/wp\/v2\/comments?post=318891"}],"version-history":[{"count":0,"href":"https:\/\/www.europesays.com\/de\/wp-json\/wp\/v2\/posts\/318891\/revisions"}],"wp:featuredmedia":[{"embeddable":true,"href":"https:\/\/www.europesays.com\/de\/wp-json\/wp\/v2\/media\/318892"}],"wp:attachment":[{"href":"https:\/\/www.europesays.com\/de\/wp-json\/wp\/v2\/media?parent=318891"}],"wp:term":[{"taxonomy":"category","embeddable":true,"href":"https:\/\/www.europesays.com\/de\/wp-json\/wp\/v2\/categories?post=318891"},{"taxonomy":"post_tag","embeddable":true,"href":"https:\/\/www.europesays.com\/de\/wp-json\/wp\/v2\/tags?post=318891"}],"curies":[{"name":"wp","href":"https:\/\/api.w.org\/{rel}","templated":true}]}}