{"id":318956,"date":"2025-08-04T18:20:13","date_gmt":"2025-08-04T18:20:13","guid":{"rendered":"https:\/\/www.europesays.com\/de\/318956\/"},"modified":"2025-08-04T18:20:13","modified_gmt":"2025-08-04T18:20:13","slug":"fcn-hoffnung-in-der-nuernberg-abwehr-lichtblick-lochoshvili-sport","status":"publish","type":"post","link":"https:\/\/www.europesays.com\/de\/318956\/","title":{"rendered":"FCN &#8211; Hoffnung in der N\u00fcrnberg-Abwehr: Lichtblick Lochoshvili | Sport"},"content":{"rendered":"<p><b>Er f\u00fcgte sich gleich ordentlich ein.<\/b><\/p>\n<p>Abwehr-Zugang Luka Lochoshvili (27\/kam f\u00fcr eine Mio. aus Cremonese) z\u00e4hlte bei seinem Zweitliga-Einstand in Elversberg (0:1) zu den Besten beim <a href=\"https:\/\/www.bild.de\/sport\/fussball\/1-fc-nuernberg\/startseite-1-fc-nuernberg-31074426.bild.html\" class=\"text-link\" target=\"_blank\" rel=\"noopener\">Club<\/a>. Der georgische Nationalspieler gewann 11 von 17 Zweik\u00e4mpfen (Quote 64,7), brachte starke 90,3 Prozent seiner P\u00e4sse zum Mitspieler.<\/p>\n<p>Wie einst Oliver Kahn: Titan-Parade von Timo Horn<a href=\"https:\/\/www.bild.de\/sport\/fussball\/zweite-bundesliga-titan-parade-von-bochum-torwart-timo-horn-688e3064641e0d7e2a6b4b30\" class=\"anchor\" target=\"_blank\" rel=\"noopener\"><img decoding=\"async\" width=\"992\" height=\"558\" alt=\"Zweite Bundesliga: Titan-Parade von Bochum Torwart Timo Horn\" src=\"https:\/\/www.europesays.com\/de\/wp-content\/uploads\/2025\/08\/175f014916f4583877057fb62682ecd8-landscape,f24c7d9d\"   class=\"landscape teaser__image\" loading=\"lazy\"\/><\/a><\/p>\n<p>Quelle: DFL04.08.2025<\/p>\n<p>Dabei sieht sich Lochoshvili selbst (wechselte erst Mitte Juli zum FCN) l\u00e4ngst noch nicht bei 100 Prozent: \u201eIch kam aus dem Urlaub hierher und hatte nicht mit der Mannschaft trainiert. Es waren f\u00fcr mich die ersten 90 Minuten nach zwei Monaten. Es war okay, aber mein k\u00f6rperlicher Zustand wird sich nach und nach verbessern.\u201c<\/p>\n<p>Auf eine Steigerung hofft der linke Innenverteidiger auch bei seiner neuen Mannschaft. Der Club zeigte sich in Elversberg zwar besser als in den Testspielen, konnte aber trotzdem nicht \u00fcberzeugen. Lochoshvili: \u201eEs war unser erstes Spiel, wir haben viele gute Dinge versucht. Das stimmt mich positiv. Aber wir k\u00f6nnen es noch besser machen. Wir d\u00fcrfen nicht so viele Fehler machen.\u201c<\/p>\n<p>Weitere FCN-News<\/p>\n<p><b>Soares-Meilenstein<\/b><\/p>\n<p>Linksverteidiger Danilo Soares (33) absolvierte in Elversberg (0:1) sein 200. Zweitliga-Spiel! Der Brasilianer hatte im Unterhaus 117 Eins\u00e4tze f\u00fcr den VfL Bochum, dazu kommen 59 f\u00fcr den FC Ingolstadt und bislang 24 f\u00fcr den Club.<\/p>\n<p>Mehr zum Thema<\/p>\n<p><b>Jander-Marke<\/b><\/p>\n<p>Laut transfermarkt.de (geh\u00f6rt wie BILD zu Axel Springer) ist Caspar Jander (22) zur neuen Saison mit einem Marktwert von sieben Mio. Euro wertvollster Zweitliga-Spieler. Platz zwei teilen sich das Schalke-Duo Bulut und Sylla sowie Bochums Sissoko (alle sechs Mio.). Gut: Am Sonntag war Wechserkandidat Jander (Knieprobleme) wieder beim Spielersatztraining dabei.<\/p>\n<p><b>Doppelschicht<\/b><\/p>\n<p>Die Profis trainieren am Dienstag um 10.30 und 16 Uhr. Beide Einheiten sind \u00f6ffentlich.<\/p>\n<p><a href=\"https:\/\/whatsapp.com\/channel\/0029VaCNEDF0G0XYb9A71c2u\" target=\"_blank\" rel=\"noopener\" class=\"text-link--external text-link\">+++ BILD ist auch auf WhatsApp \u2013 hier k\u00f6nnen Sie den Kanal ausprobieren +++<\/a><\/p>\n","protected":false},"excerpt":{"rendered":"Er f\u00fcgte sich gleich ordentlich ein. Abwehr-Zugang Luka Lochoshvili (27\/kam f\u00fcr eine Mio. aus Cremonese) z\u00e4hlte bei seinem&hellip;\n","protected":false},"author":2,"featured_media":318957,"comment_status":"","ping_status":"","sticky":false,"template":"","format":"standard","meta":{"footnotes":""},"categories":[1837],"tags":[783,621,772,3364,29,347,30,786,81950,3783,1470,45,784],"class_list":{"0":"post-318956","1":"post","2":"type-post","3":"status-publish","4":"format-standard","5":"has-post-thumbnail","7":"category-nuernberg","8":"tag-1-fc-nuernberg","9":"tag-2-bundesliga","10":"tag-bayern","11":"tag-de","12":"tag-deutschland","13":"tag-fussball","14":"tag-germany","15":"tag-klose-miroslav","16":"tag-lochoshvili-luka","17":"tag-nuernberg","18":"tag-sport-leuchtturm-muenchen","19":"tag-texttospeech","20":"tag-zweite-bundesliga"},"share_on_mastodon":{"url":"https:\/\/pubeurope.com\/@de\/114971883915822659","error":""},"_links":{"self":[{"href":"https:\/\/www.europesays.com\/de\/wp-json\/wp\/v2\/posts\/318956","targetHints":{"allow":["GET"]}}],"collection":[{"href":"https:\/\/www.europesays.com\/de\/wp-json\/wp\/v2\/posts"}],"about":[{"href":"https:\/\/www.europesays.com\/de\/wp-json\/wp\/v2\/types\/post"}],"author":[{"embeddable":true,"href":"https:\/\/www.europesays.com\/de\/wp-json\/wp\/v2\/users\/2"}],"replies":[{"embeddable":true,"href":"https:\/\/www.europesays.com\/de\/wp-json\/wp\/v2\/comments?post=318956"}],"version-history":[{"count":0,"href":"https:\/\/www.europesays.com\/de\/wp-json\/wp\/v2\/posts\/318956\/revisions"}],"wp:featuredmedia":[{"embeddable":true,"href":"https:\/\/www.europesays.com\/de\/wp-json\/wp\/v2\/media\/318957"}],"wp:attachment":[{"href":"https:\/\/www.europesays.com\/de\/wp-json\/wp\/v2\/media?parent=318956"}],"wp:term":[{"taxonomy":"category","embeddable":true,"href":"https:\/\/www.europesays.com\/de\/wp-json\/wp\/v2\/categories?post=318956"},{"taxonomy":"post_tag","embeddable":true,"href":"https:\/\/www.europesays.com\/de\/wp-json\/wp\/v2\/tags?post=318956"}],"curies":[{"name":"wp","href":"https:\/\/api.w.org\/{rel}","templated":true}]}}