{"id":319081,"date":"2025-08-04T19:27:10","date_gmt":"2025-08-04T19:27:10","guid":{"rendered":"https:\/\/www.europesays.com\/de\/319081\/"},"modified":"2025-08-04T19:27:10","modified_gmt":"2025-08-04T19:27:10","slug":"timothy-garton-ash-das-liberale-amerika-hat-trump-den-weg-geebnet-kultur","status":"publish","type":"post","link":"https:\/\/www.europesays.com\/de\/319081\/","title":{"rendered":"Timothy Garton Ash: Das liberale Amerika hat Trump den Weg geebnet &#8211; Kultur"},"content":{"rendered":"<p data-manual=\"teaserText\" data-schema-org-speakable=\"true\">Wenn Journalisten und das demokratische Establishment ihren Job gemacht h\u00e4tten, w\u00e4re Donald Trump wom\u00f6glich nicht noch einmal Pr\u00e4sident geworden.<\/p>\n<p data-manual=\"paragraph\" data-schema-org-speakable=\"true\" class=\"css-st2g6x\">Nichts ist unertr\u00e4glicher, als wenn jemand sagt: \u201eIch hab\u2019s euch ja gesagt.\u201c Also verzeihen Sie mir meine Unertr\u00e4glichkeit. Aber am 29. September 2023, nach ein paar Monaten in den <a href=\"https:\/\/www.sueddeutsche.de\/thema\/USA\" rel=\"nofollow noopener\" target=\"_blank\">USA<\/a>, habe ich eine Kolumne ver\u00f6ffentlicht, die in ihrer \u00dcberschrift im Guardian gut zusammengefasst wurde: \u201eWenn <a href=\"https:\/\/www.sueddeutsche.de\/thema\/Joe_Biden\" rel=\"nofollow noopener\" target=\"_blank\">Joe Biden<\/a> nicht zur\u00fccktritt, muss sich die Welt auf Pr\u00e4sident Trump 2.0 vorbereiten.\u201c<\/p>\n","protected":false},"excerpt":{"rendered":"Wenn Journalisten und das demokratische Establishment ihren Job gemacht h\u00e4tten, w\u00e4re Donald Trump wom\u00f6glich nicht noch einmal Pr\u00e4sident&hellip;\n","protected":false},"author":2,"featured_media":319082,"comment_status":"","ping_status":"","sticky":false,"template":"","format":"standard","meta":{"footnotes":""},"categories":[3977],"tags":[331,332,147,7373,106,13,6555,7101,80,62,14,453,15,12,149,4017,4018,4016,91004,64,4019,4020,320],"class_list":{"0":"post-319081","1":"post","2":"type-post","3":"status-publish","4":"format-standard","5":"has-post-thumbnail","7":"category-usa","8":"tag-aktuelle-nachrichten","9":"tag-aktuelle-news","10":"tag-ausland","11":"tag-cnn","12":"tag-donald-trump","13":"tag-headlines","14":"tag-joe-biden","15":"tag-kamala-harris","16":"tag-kultur","17":"tag-medien","18":"tag-nachrichten","19":"tag-new-york-times","20":"tag-news","21":"tag-schlagzeilen","22":"tag-sueddeutsche-zeitung","23":"tag-united-states","24":"tag-united-states-of-america","25":"tag-us","26":"tag-us-medien","27":"tag-usa","28":"tag-vereinigte-staaten","29":"tag-vereinigte-staaten-von-amerika","30":"tag-washington"},"share_on_mastodon":{"url":"https:\/\/pubeurope.com\/@de\/114972147205327941","error":""},"_links":{"self":[{"href":"https:\/\/www.europesays.com\/de\/wp-json\/wp\/v2\/posts\/319081","targetHints":{"allow":["GET"]}}],"collection":[{"href":"https:\/\/www.europesays.com\/de\/wp-json\/wp\/v2\/posts"}],"about":[{"href":"https:\/\/www.europesays.com\/de\/wp-json\/wp\/v2\/types\/post"}],"author":[{"embeddable":true,"href":"https:\/\/www.europesays.com\/de\/wp-json\/wp\/v2\/users\/2"}],"replies":[{"embeddable":true,"href":"https:\/\/www.europesays.com\/de\/wp-json\/wp\/v2\/comments?post=319081"}],"version-history":[{"count":0,"href":"https:\/\/www.europesays.com\/de\/wp-json\/wp\/v2\/posts\/319081\/revisions"}],"wp:featuredmedia":[{"embeddable":true,"href":"https:\/\/www.europesays.com\/de\/wp-json\/wp\/v2\/media\/319082"}],"wp:attachment":[{"href":"https:\/\/www.europesays.com\/de\/wp-json\/wp\/v2\/media?parent=319081"}],"wp:term":[{"taxonomy":"category","embeddable":true,"href":"https:\/\/www.europesays.com\/de\/wp-json\/wp\/v2\/categories?post=319081"},{"taxonomy":"post_tag","embeddable":true,"href":"https:\/\/www.europesays.com\/de\/wp-json\/wp\/v2\/tags?post=319081"}],"curies":[{"name":"wp","href":"https:\/\/api.w.org\/{rel}","templated":true}]}}