{"id":319163,"date":"2025-08-04T20:14:10","date_gmt":"2025-08-04T20:14:10","guid":{"rendered":"https:\/\/www.europesays.com\/de\/319163\/"},"modified":"2025-08-04T20:14:10","modified_gmt":"2025-08-04T20:14:10","slug":"galerie-im-suhler-ccs-es-gab-nie-einen-plan-b-suhl-zella-mehlis","status":"publish","type":"post","link":"https:\/\/www.europesays.com\/de\/319163\/","title":{"rendered":"Galerie im Suhler CCS: \u201eEs gab nie einen Plan B\u201c &#8211; Suhl\/Zella-Mehlis"},"content":{"rendered":"<p>Im Juni hat der geb\u00fcrtige Suhler K\u00fcnstler Gerhard Heinrich seinen 85. Geburtstag gefeiert. Obwohl f\u00fcr sein Schaffen weit \u00fcber <a href=\"https:\/\/www.insuedthueringen.de\/thema\/Suhl\" title=\"Suhl\" class=\"art_thema\" rel=\"nofollow noopener\" target=\"_blank\">Suhl<\/a> hinaus bekannt, zu ehemaligen <a href=\"https:\/\/www.insuedthueringen.de\/thema\/DDR\" title=\"DDR\" class=\"art_thema\" rel=\"nofollow noopener\" target=\"_blank\">DDR<\/a>-Zeiten war Heinrich Mitglied im Verband Bildender K\u00fcnstler, war es erst die vierte gro\u00dfe Ausstellung f\u00fcr Heinrich in Suhl. Dass er sich dabei den Platz in der Galerie im CCS mit dem bereits verstorbenen Kurt R\u00f6mhild, ebenfalls Suhler, ebenfalls <a href=\"https:\/\/www.insuedthueringen.de\/thema\/Maler\" title=\"Maler\" class=\"art_thema\" rel=\"nofollow noopener\" target=\"_blank\">Maler<\/a> und Grafiker, der in diesem Jahr 100 geworden w\u00e4re, teilt, passt irgendwie zum ambivalenten Verh\u00e4ltnis Heinrichs zu Suhl.<\/p>\n","protected":false},"excerpt":{"rendered":"Im Juni hat der geb\u00fcrtige Suhler K\u00fcnstler Gerhard Heinrich seinen 85. Geburtstag gefeiert. Obwohl f\u00fcr sein Schaffen weit&hellip;\n","protected":false},"author":2,"featured_media":319164,"comment_status":"","ping_status":"","sticky":false,"template":"","format":"standard","meta":{"footnotes":""},"categories":[1775],"tags":[1793,129,29,91019,214,91018,30,51982,2075,1794,91020,91022,26715,215,83797,91021],"class_list":{"0":"post-319163","1":"post","2":"type-post","3":"status-publish","4":"format-standard","5":"has-post-thumbnail","7":"category-kunst-und-design","8":"tag-art-and-design","9":"tag-ddr","10":"tag-deutschland","11":"tag-elfriede-raphael","12":"tag-entertainment","13":"tag-gerhard-heinrich","14":"tag-germany","15":"tag-heinrichs","16":"tag-kunst","17":"tag-kunst-und-design","18":"tag-kurt-roemhild","19":"tag-otto-bruchholz","20":"tag-suhl","21":"tag-unterhaltung","22":"tag-vbk","23":"tag-verband-bildender-kuenste"},"share_on_mastodon":{"url":"https:\/\/pubeurope.com\/@de\/114972332563344175","error":""},"_links":{"self":[{"href":"https:\/\/www.europesays.com\/de\/wp-json\/wp\/v2\/posts\/319163","targetHints":{"allow":["GET"]}}],"collection":[{"href":"https:\/\/www.europesays.com\/de\/wp-json\/wp\/v2\/posts"}],"about":[{"href":"https:\/\/www.europesays.com\/de\/wp-json\/wp\/v2\/types\/post"}],"author":[{"embeddable":true,"href":"https:\/\/www.europesays.com\/de\/wp-json\/wp\/v2\/users\/2"}],"replies":[{"embeddable":true,"href":"https:\/\/www.europesays.com\/de\/wp-json\/wp\/v2\/comments?post=319163"}],"version-history":[{"count":0,"href":"https:\/\/www.europesays.com\/de\/wp-json\/wp\/v2\/posts\/319163\/revisions"}],"wp:featuredmedia":[{"embeddable":true,"href":"https:\/\/www.europesays.com\/de\/wp-json\/wp\/v2\/media\/319164"}],"wp:attachment":[{"href":"https:\/\/www.europesays.com\/de\/wp-json\/wp\/v2\/media?parent=319163"}],"wp:term":[{"taxonomy":"category","embeddable":true,"href":"https:\/\/www.europesays.com\/de\/wp-json\/wp\/v2\/categories?post=319163"},{"taxonomy":"post_tag","embeddable":true,"href":"https:\/\/www.europesays.com\/de\/wp-json\/wp\/v2\/tags?post=319163"}],"curies":[{"name":"wp","href":"https:\/\/api.w.org\/{rel}","templated":true}]}}