{"id":319193,"date":"2025-08-04T20:30:17","date_gmt":"2025-08-04T20:30:17","guid":{"rendered":"https:\/\/www.europesays.com\/de\/319193\/"},"modified":"2025-08-04T20:30:17","modified_gmt":"2025-08-04T20:30:17","slug":"mehr-sicherheit-fuer-schueler-im-chemnitzer-sueden","status":"publish","type":"post","link":"https:\/\/www.europesays.com\/de\/319193\/","title":{"rendered":"Mehr Sicherheit f\u00fcr Sch\u00fcler im Chemnitzer S\u00fcden"},"content":{"rendered":"<p class=\"bold\">\n\t\t\t\t\t\t\t\t\t\tAb dem neuen Schuljahr gibt es im Liniennetz der CVAG \u00c4nderungen. Davon profitieren sollen die Sch\u00fclerinnen und Sch\u00fcler vor allem eines Gymnasiums.\t\t\t\t<\/p>\n<p>\t\t\t\t F\u00fcr Sch\u00fclerinnen und Sch\u00fcler im S\u00fcden von Chemnitz gibt es gute Nachrichten: Zum Schuljahresbeginn soll f\u00fcr viele von ihnen die Fahrt zur Schule einfacher, sicherer und wieder etwas verl\u00e4sslicher werden. Dazu nimmt die Chemnitzer Verkehrs-AG ab kommendem Montag eine Reihe von \u00c4nderungen vor.<\/p>\n<p>\t\t<img decoding=\"async\" class=\"fp-plus-logo\" src=\"https:\/\/www.freiepresse.de\/img\/fpplus.svg\" alt=\"Freie Presse plus Logo\"\/><\/p>\n<p>Registrieren und testen.<\/p>\n<p>Jetzt mit Ihrer Registrierung 1 Monat gratis testen und alle Beitr\u00e4ge lesen.<\/p>\n<p>Schon Abonnent? Melden Sie sich mit ihren Zugangsdaten an.<\/p>\n","protected":false},"excerpt":{"rendered":"Ab dem neuen Schuljahr gibt es im Liniennetz der CVAG \u00c4nderungen. Davon profitieren sollen die Sch\u00fclerinnen und Sch\u00fcler&hellip;\n","protected":false},"author":2,"featured_media":319194,"comment_status":"","ping_status":"","sticky":false,"template":"","format":"standard","meta":{"footnotes":""},"categories":[1851],"tags":[2770,3364,29,548,663,3934,30,13,14,4186,15,859,12],"class_list":{"0":"post-319193","1":"post","2":"type-post","3":"status-publish","4":"format-standard","5":"has-post-thumbnail","7":"category-chemnitz","8":"tag-chemnitz","9":"tag-de","10":"tag-deutschland","11":"tag-eu","12":"tag-europa","13":"tag-europe","14":"tag-germany","15":"tag-headlines","16":"tag-nachrichten","17":"tag-nahverkehr","18":"tag-news","19":"tag-sachsen","20":"tag-schlagzeilen"},"share_on_mastodon":{"url":"https:\/\/pubeurope.com\/@de\/114972395129097751","error":""},"_links":{"self":[{"href":"https:\/\/www.europesays.com\/de\/wp-json\/wp\/v2\/posts\/319193","targetHints":{"allow":["GET"]}}],"collection":[{"href":"https:\/\/www.europesays.com\/de\/wp-json\/wp\/v2\/posts"}],"about":[{"href":"https:\/\/www.europesays.com\/de\/wp-json\/wp\/v2\/types\/post"}],"author":[{"embeddable":true,"href":"https:\/\/www.europesays.com\/de\/wp-json\/wp\/v2\/users\/2"}],"replies":[{"embeddable":true,"href":"https:\/\/www.europesays.com\/de\/wp-json\/wp\/v2\/comments?post=319193"}],"version-history":[{"count":0,"href":"https:\/\/www.europesays.com\/de\/wp-json\/wp\/v2\/posts\/319193\/revisions"}],"wp:featuredmedia":[{"embeddable":true,"href":"https:\/\/www.europesays.com\/de\/wp-json\/wp\/v2\/media\/319194"}],"wp:attachment":[{"href":"https:\/\/www.europesays.com\/de\/wp-json\/wp\/v2\/media?parent=319193"}],"wp:term":[{"taxonomy":"category","embeddable":true,"href":"https:\/\/www.europesays.com\/de\/wp-json\/wp\/v2\/categories?post=319193"},{"taxonomy":"post_tag","embeddable":true,"href":"https:\/\/www.europesays.com\/de\/wp-json\/wp\/v2\/tags?post=319193"}],"curies":[{"name":"wp","href":"https:\/\/api.w.org\/{rel}","templated":true}]}}