{"id":319226,"date":"2025-08-04T20:48:18","date_gmt":"2025-08-04T20:48:18","guid":{"rendered":"https:\/\/www.europesays.com\/de\/319226\/"},"modified":"2025-08-04T20:48:18","modified_gmt":"2025-08-04T20:48:18","slug":"militaerhilfe-fuer-die-ukraine-niederlande-zahlen-500-millionen-euro-in-neuen-fonds","status":"publish","type":"post","link":"https:\/\/www.europesays.com\/de\/319226\/","title":{"rendered":"Milit\u00e4rhilfe f\u00fcr die Ukraine &#8211; Niederlande zahlen 500 Millionen Euro in neuen Fonds"},"content":{"rendered":"<p>                    <img decoding=\"async\" loading=\"lazy\" class=\"internal-image\" title=\"Ukrainische Soldaten feuern eine Rakete ab.\" alt=\"Ukrainische Soldaten feuern eine Rakete ab.\" src=\"https:\/\/www.europesays.com\/de\/wp-content\/uploads\/2025\/08\/ukraine-waffeneinsatz-100-1920x1080.jpg\" \/><\/p>\n<p>                  Die Ukraine ist zur Abwehr der russischen Angriffe auf westliche Waffensysteme angewiesen &#8211; die Niederlande sind nun das erste Land, das in einen neuen Finanzierungsmechanismus einzahlt. (IMAGO \/ Ukrinform \/ Dmytro Smolienko)<\/p>\n<p>Das Land werde 500 Millionen Euro f\u00fcr ein Milit\u00e4rhilfepaket zahlen, teilte das niederl\u00e4ndische Verteidigungsministerium mit. \u00dcber den neuen Fonds soll die Beschaffung von Waffen finanziert werden, mit denen sich die Ukraine gegen den Aggressor Russland verteidigt. US-Pr\u00e4sident Trump hatte im vergangenen Monat erkl\u00e4rt, die USA seien bereit, Waffen an die Ukraine zu liefern, bezahlen m\u00fcssten diese jedoch die Europ\u00e4er.<\/p>\n<p>Diese Nachricht wurde am 04.08.2025 im Programm Deutschlandfunk gesendet.<\/p>\n","protected":false},"excerpt":{"rendered":"Die Ukraine ist zur Abwehr der russischen Angriffe auf westliche Waffensysteme angewiesen &#8211; die Niederlande sind nun das&hellip;\n","protected":false},"author":2,"featured_media":319227,"comment_status":"","ping_status":"","sticky":false,"template":"","format":"standard","meta":{"footnotes":""},"categories":[4012],"tags":[331,332,13,14,15,12,317],"class_list":{"0":"post-319226","1":"post","2":"type-post","3":"status-publish","4":"format-standard","5":"has-post-thumbnail","7":"category-ukraine","8":"tag-aktuelle-nachrichten","9":"tag-aktuelle-news","10":"tag-headlines","11":"tag-nachrichten","12":"tag-news","13":"tag-schlagzeilen","14":"tag-ukraine"},"share_on_mastodon":{"url":"https:\/\/pubeurope.com\/@de\/114972465912011190","error":""},"_links":{"self":[{"href":"https:\/\/www.europesays.com\/de\/wp-json\/wp\/v2\/posts\/319226","targetHints":{"allow":["GET"]}}],"collection":[{"href":"https:\/\/www.europesays.com\/de\/wp-json\/wp\/v2\/posts"}],"about":[{"href":"https:\/\/www.europesays.com\/de\/wp-json\/wp\/v2\/types\/post"}],"author":[{"embeddable":true,"href":"https:\/\/www.europesays.com\/de\/wp-json\/wp\/v2\/users\/2"}],"replies":[{"embeddable":true,"href":"https:\/\/www.europesays.com\/de\/wp-json\/wp\/v2\/comments?post=319226"}],"version-history":[{"count":0,"href":"https:\/\/www.europesays.com\/de\/wp-json\/wp\/v2\/posts\/319226\/revisions"}],"wp:featuredmedia":[{"embeddable":true,"href":"https:\/\/www.europesays.com\/de\/wp-json\/wp\/v2\/media\/319227"}],"wp:attachment":[{"href":"https:\/\/www.europesays.com\/de\/wp-json\/wp\/v2\/media?parent=319226"}],"wp:term":[{"taxonomy":"category","embeddable":true,"href":"https:\/\/www.europesays.com\/de\/wp-json\/wp\/v2\/categories?post=319226"},{"taxonomy":"post_tag","embeddable":true,"href":"https:\/\/www.europesays.com\/de\/wp-json\/wp\/v2\/tags?post=319226"}],"curies":[{"name":"wp","href":"https:\/\/api.w.org\/{rel}","templated":true}]}}