{"id":319250,"date":"2025-08-04T21:02:10","date_gmt":"2025-08-04T21:02:10","guid":{"rendered":"https:\/\/www.europesays.com\/de\/319250\/"},"modified":"2025-08-04T21:02:10","modified_gmt":"2025-08-04T21:02:10","slug":"pol-mfr-783-versammlungsgeschehen-in-der-nuernberger-innenstadt-am-04-08-2025","status":"publish","type":"post","link":"https:\/\/www.europesays.com\/de\/319250\/","title":{"rendered":"POL-MFR: (783) Versammlungsgeschehen in der N\u00fcrnberger Innenstadt am 04.08.2025"},"content":{"rendered":"<p class=\"date\">04.08.2025 \u2013 22:01<\/p>\n<p class=\"customer\">\n                        <a class=\"story-customer\" title=\"weiter zum newsroom von Polizeipr\u00e4sidium Mittelfranken\" href=\"https:\/\/www.presseportal.de\/blaulicht\/nr\/6013\" target=\"_blank\" rel=\"noopener\">Polizeipr\u00e4sidium Mittelfranken<\/a>\n                    <\/p>\n<p><a data-category=\"citylink-story-view\" data-action=\"click\" data-label=\"Citylink in Meldungsansicht\" class=\"story-city event-trigger\" href=\"https:\/\/www.presseportal.de\/regional\/N%FCrnberg\" title=\"News aus N\u00fcrnberg \" target=\"_blank\" rel=\"noopener\">N\u00fcrnberg<\/a> (ots)<\/p>\n<p>Am Montagabend (04.08.2025) betreute die Polizei in der N\u00fcrnberger Innenstadt eine politische Versammlung und drei Gegenkundgebungen. Die Einsatzkr\u00e4fte konnten ein unmittelbares Aufeinandertreffen der unterschiedlichen politischen Lager verhindern.<\/p>\n<p>Zur Kundgebung mit dem Titel &#8222;FJS-Gedenkmarsch &#8211; Narrenschiff Utopia &#8211; Es reicht!&#8220; sammelten sich ab 18:40 Uhr rund 70 Teilnehmer auf der \u00f6stlichen Seite des Hallplatzes. Zeitgleich formierten sich auf der Westseite drei Gegenproteste (&#8222;N\u00fcrnberg Nazifrei&#8220;, &#8222;Mahnwache gegen die Montagsdemo vom Team Menschenrechte&#8220;, &#8222;Musiker*innen gegen Nazis&#8220;) an denen in der Spitze rund 300 Personen teilnahmen.<\/p>\n<p>Gegen 19:20 Uhr formierten sich die Teilnehmer der erstgenannten Versammlung zu einem Demonstrationszug, welcher sich auf der festgelegten Wegstrecke durch die N\u00fcrnberger Innenstadt bewegte. Die Gegendemonstranten beteiligten sich ebenfalls an einem Aufzug mit alternativer Route.<\/p>\n<p>An \u00d6rtlichkeiten entlang der Wegstrecke lie\u00dfen sich Teilnehmer des Gegenprotests zu Sitzblockaden nieder, wobei der Demonstrationszug durch die Einsatzkr\u00e4fte an den Blockaden vorbeigeleitet werden konnte. In der Bleichstra\u00dfe war ein Passieren nicht m\u00f6glich, sodass die Blockade durch die Einsatzleitung als Versammlung gewertet und den Teilnehmern eine Versammlungsfl\u00e4che zugewiesen wurde. Da sich Personen trotz mehrmaliger Ansprache nicht auf die Versammlungsfl\u00e4che begaben, mussten diese durch Einsatzkr\u00e4fte weggetragen werden.<\/p>\n<p>Im Gesamtverlauf musste vereinzelt unmittelbarer Zwang angewandt werden.<\/p>\n<p>Im Ergebnis leiteten die Beamten gegen Versammlungsteilnehmer Ermittlungsverfahren wegen Beleidigung, sowie wegen Ordnungswidrigkeiten gegen das Bayerische Versammlungsgesetz ein.<\/p>\n<p>Das Demonstrationsgeschehen war gegen 21:00 Uhr beendet.<\/p>\n<p>Unter Leitung der Polizeiinspektion N\u00fcrnberg-Mitte waren zahlreiche Einsatzkr\u00e4fte der Bayerischen Bereitschaftspolizei, der N\u00fcrnberger Verkehrspolizei sowie der Kriminalpolizei N\u00fcrnberg im Einsatz.<\/p>\n<p>Erstellt durch: Janine Mendel<\/p>\n<p class=\"contact-headline\">R\u00fcckfragen bitte an:<\/p>\n<p class=\"contact-text\">Polizeipr\u00e4sidium Mittelfranken<br \/>Pr\u00e4sidialb\u00fcro &#8211; Pressestelle<br \/>Richard-Wagner-Platz 1<br \/>D-90443 N\u00fcrnberg<br \/>E-Mail: <a href=\"https:\/\/www.presseportal.de\/blaulicht\/pm\/6013\/mailto: pp-mfr.pressestelle@polizei.bayern.de\" class=\"uri-mailto\" target=\"_blank\" rel=\"noopener\"> pp-mfr.pressestelle@polizei.bayern.de<\/a><\/p>\n<p>Erreichbarkeiten:<br \/>Montag bis Donnerstag<br \/>07:00 bis 16:00 Uhr<br \/>Freitag<br \/>07:00 bis 15:00 Uhr<br \/>Sonntag<br \/>11:00 bis 14:00 Uhr<\/p>\n<p>Telefon: +49 (0)911 2112 1030<\/p>\n<p>Au\u00dferhalb der B\u00fcrozeiten:<\/p>\n<p>Telefon: +49 (0)911 2112 1553<\/p>\n<p>Die Pressestelle des Polizeipr\u00e4sidiums Mittelfranken im Internet:<br \/><a target=\"_blank\" class=\"uri-ext outbound\" rel=\"noopener\" href=\"http:\/\/ots.de\/P4TQ8h\">http:\/\/ots.de\/P4TQ8h<\/a><\/p>\n<p class=\"originator\">Original-Content von: Polizeipr\u00e4sidium Mittelfranken, \u00fcbermittelt durch news aktuell<\/p>\n","protected":false},"excerpt":{"rendered":"04.08.2025 \u2013 22:01 Polizeipr\u00e4sidium Mittelfranken N\u00fcrnberg (ots) Am Montagabend (04.08.2025) betreute die Polizei in der N\u00fcrnberger Innenstadt eine&hellip;\n","protected":false},"author":2,"featured_media":108,"comment_status":"","ping_status":"","sticky":false,"template":"","format":"standard","meta":{"footnotes":""},"categories":[1837],"tags":[772,2918,3364,29,30,177,3783,121,178,180,179,181],"class_list":{"0":"post-319250","1":"post","2":"type-post","3":"status-publish","4":"format-standard","5":"has-post-thumbnail","7":"category-nuernberg","8":"tag-bayern","9":"tag-by","10":"tag-de","11":"tag-deutschland","12":"tag-germany","13":"tag-kriminalitt","14":"tag-nuernberg","15":"tag-polizei","16":"tag-presse","17":"tag-pressemeldung","18":"tag-pressemitteilung","19":"tag-pressemitteilungen"},"share_on_mastodon":{"url":"https:\/\/pubeurope.com\/@de\/114972520998226865","error":""},"_links":{"self":[{"href":"https:\/\/www.europesays.com\/de\/wp-json\/wp\/v2\/posts\/319250","targetHints":{"allow":["GET"]}}],"collection":[{"href":"https:\/\/www.europesays.com\/de\/wp-json\/wp\/v2\/posts"}],"about":[{"href":"https:\/\/www.europesays.com\/de\/wp-json\/wp\/v2\/types\/post"}],"author":[{"embeddable":true,"href":"https:\/\/www.europesays.com\/de\/wp-json\/wp\/v2\/users\/2"}],"replies":[{"embeddable":true,"href":"https:\/\/www.europesays.com\/de\/wp-json\/wp\/v2\/comments?post=319250"}],"version-history":[{"count":0,"href":"https:\/\/www.europesays.com\/de\/wp-json\/wp\/v2\/posts\/319250\/revisions"}],"wp:featuredmedia":[{"embeddable":true,"href":"https:\/\/www.europesays.com\/de\/wp-json\/wp\/v2\/media\/108"}],"wp:attachment":[{"href":"https:\/\/www.europesays.com\/de\/wp-json\/wp\/v2\/media?parent=319250"}],"wp:term":[{"taxonomy":"category","embeddable":true,"href":"https:\/\/www.europesays.com\/de\/wp-json\/wp\/v2\/categories?post=319250"},{"taxonomy":"post_tag","embeddable":true,"href":"https:\/\/www.europesays.com\/de\/wp-json\/wp\/v2\/tags?post=319250"}],"curies":[{"name":"wp","href":"https:\/\/api.w.org\/{rel}","templated":true}]}}