{"id":319251,"date":"2025-08-04T21:03:13","date_gmt":"2025-08-04T21:03:13","guid":{"rendered":"https:\/\/www.europesays.com\/de\/319251\/"},"modified":"2025-08-04T21:03:13","modified_gmt":"2025-08-04T21:03:13","slug":"nuernberg-morddrohungen-nach-affen-drama-gegen-zoo-direktor-regional","status":"publish","type":"post","link":"https:\/\/www.europesays.com\/de\/319251\/","title":{"rendered":"N\u00fcrnberg: Morddrohungen nach Affen-Drama gegen Zoo-Direktor | Regional"},"content":{"rendered":"<p>N\u00fcrnberg (Bayern) \u2013 <b>Die Proteste rund um das Affen-Drama nehmen jetzt unappetitliche Z\u00fcge an: Dag Encke (60), renommierter Zoologe und Chef des Tiergartens in N\u00fcrnberg, erh\u00e4lt nach der T\u00f6tung von Pavianen Morddrohungen.<\/b><\/p>\n<p>Seit M\u00e4rz vergangenen Jahres ist Encke Opfer \u00f6ffentlicher Beschimpfungen. Damals hatten die Kaulitz-Zwillinge in ihrem<a href=\"https:\/\/www.bild.de\/regional\/nuernberg\/nuernberg-news\/pavian-toetung-in-nuernberg-bill-kaulitz-kuendigt-blockade-vor-zoo-an-87541102.bild.html\" class=\"text-link\" target=\"_blank\" rel=\"noopener\"> Podcast ihn einen \u201eVollidioten\u201c<\/a> genannt. Damals reagierte der <a href=\"https:\/\/www.bild.de\/themen\/orte\/zoo-alle-infos-und-news-D1jAVGvg42RSzgplG6ni\" class=\"text-link\" target=\"_blank\" rel=\"noopener\">Zoo-<\/a>Chef noch gelassen, sagte zu BILD: \u201eDas Vokabular f\u00e4llt auf sie zur\u00fcck.\u201c<\/p>\n<p>\u201eMan sollte Sie auch erschie\u00dfen\u201c<\/p>\n<p>Jetzt, nach der T\u00f6tung von 12 Pavianen wegen Platzmangels im Gehege, hagelt es laut BR24 sogar Morddrohungen. <\/p>\n<p><img decoding=\"async\" width=\"992\" height=\"558\" alt=\"Durch die \u00dcberbelegung in dem Gehege wurden immer mehr blutige K\u00e4mpfe unter den Pavianen ausgetragen\" src=\"https:\/\/www.europesays.com\/de\/wp-content\/uploads\/2025\/08\/c2b54cc8cf072f044eb5532574658126,fc8c885c\"   class=\"landscape\" loading=\"lazy\"\/><\/p>\n<p class=\"fig__caption__text\">Durch die \u00dcberbelegung in dem Gehege wurden immer mehr blutige K\u00e4mpfe unter den Pavianen ausgetragen<\/p>\n<p>Foto: Karina Palzer<\/p>\n<p>\u201eMan sollte Sie auch erschie\u00dfen und Ihren K\u00f6rper den Geiern und L\u00f6wen zum Fra\u00df hinwerfen\u201c, soll auf einem handgeschriebenen Hass-Brief stehen. <\/p>\n<p>Statement im Video: Hier erkl\u00e4rt der Tiergarten die Pavian-T\u00f6tung<a href=\"https:\/\/www.bild.de\/news\/inland\/statement-im-video-hier-erklaert-der-tiergarten-die-pavian-toetung-6888fb1670c93f60da13aaac\" class=\"anchor\" target=\"_blank\" rel=\"noopener\"><img decoding=\"async\" width=\"992\" height=\"558\" alt=\"Im Video: Hier erkl\u00e4rt der Tiergarten N\u00fcrnberg die T\u00f6tung der Paviane\" src=\"https:\/\/www.europesays.com\/de\/wp-content\/uploads\/2025\/08\/de5aa170c52e5fdbf3580e7af06d41a8,2b3932d4\"   class=\"landscape teaser__image\" loading=\"lazy\"\/><\/a><\/p>\n<p>Quelle: News531.07.2025<\/p>\n<p><b>Vor allem in den sozialen Medien entgleitet die Diskussion v\u00f6llig und setzt sogar die T\u00f6tung der Affen mit der Schoah (V\u00f6lkermord an den Juden durch die Nazis) gleich. <\/b><\/p>\n<p>Zoo-Direktor mit SS-M\u00f6rdern gleichgesetzt<\/p>\n<p>Entsetzlich: Auf X (vormals Twitter) wird Encke mit SS-Lagerarzt Josef Mengele verglichen, der in Auschwitz mordete und unmenschliche Experimente an den Lagerinsassen ver\u00fcbte. <\/p>\n<p>In diesem und in neun weiteren F\u00e4llen erstattete der 59-J\u00e4hrige jetzt Strafanzeige.<\/p>\n<p><img decoding=\"async\" width=\"992\" height=\"558\" alt=\"Tiersch\u00fctzer hatten vor dem N\u00fcrnberger Zoo mit Sitzblockaden gegen die T\u00f6tung der Paviane protestiert\" src=\"https:\/\/www.europesays.com\/de\/wp-content\/uploads\/2025\/08\/a6e18bea03309a96e2d7270759fb3ff3,63208a15\"   class=\"landscape\" loading=\"lazy\"\/><\/p>\n<p class=\"fig__caption__text\">Tiersch\u00fctzer hatten vor dem N\u00fcrnberger Zoo mit Sitzblockaden gegen die T\u00f6tung der Paviane protestiert<\/p>\n<p>Foto: vifogra<\/p>\n<p>Dabei hatte der Zoo-Direktor aus <a href=\"https:\/\/www.bild.de\/regional\/nuernberg\/nuernberg-regional\/home-51164870.bild.html\" class=\"text-link\" target=\"_blank\" rel=\"noopener\">N\u00fcrnberg<\/a> sogar von vielen Fachleuten Zuspruch erhalten. Wenn die Affen-Gruppen zu gro\u00df werden, m\u00fcsse man Tiere entnehmen, sprangen ihm Kollegen, wie u. a. der Direktor des Stuttgarter Tiergartens Wilhelma, bei.<\/p>\n<p>Paviane konnten nicht vermittelt werden<\/p>\n<p><b>Das Fachwissen des promovierten Biologen ist unbestritten. Erst im Juni w\u00e4hlte der Verband der Zoologischen G\u00e4rten Encke zu seinem Pr\u00e4sidenten. Der Zoodirektor hatte \u00fcber Monate versucht, <\/b><a href=\"https:\/\/www.bild.de\/themen\/specials\/tiere\/news-fotos-videos-alles-zum-thema-17019684.bild.html\" class=\"text-link\" target=\"_blank\" rel=\"noopener\"><b>Tiere<\/b><\/a><b> an andere Zoos zu vermitteln. Erfolglos. <\/b><\/p>\n<p>Mehr zum Thema<\/p>\n<p>Zuletzt lebten in dem auf 25 Tiere ausgelegten Pavian-Gehege 43 Affen. Die Enge habe zu K\u00e4mpfen unter den Primaten gef\u00fchrt. Auch eine Verh\u00fctung brachte nicht die gew\u00fcnschten Erfolge.<\/p>\n","protected":false},"excerpt":{"rendered":"N\u00fcrnberg (Bayern) \u2013 Die Proteste rund um das Affen-Drama nehmen jetzt unappetitliche Z\u00fcge an: Dag Encke (60), renommierter&hellip;\n","protected":false},"author":2,"featured_media":319252,"comment_status":"","ping_status":"","sticky":false,"template":"","format":"standard","meta":{"footnotes":""},"categories":[1837],"tags":[6497,772,3364,29,30,5035,4577,3783,121,13502,45,3367,79712,11177,6500],"class_list":{"0":"post-319251","1":"post","2":"type-post","3":"status-publish","4":"format-standard","5":"has-post-thumbnail","7":"category-nuernberg","8":"tag-affen","9":"tag-bayern","10":"tag-de","11":"tag-deutschland","12":"tag-germany","13":"tag-kohlmaier-hannes","14":"tag-kriminalpolizei","15":"tag-nuernberg","16":"tag-polizei","17":"tag-strafanzeige","18":"tag-texttospeech","19":"tag-tierschutz","20":"tag-tierschutzorganisationen","21":"tag-vorsaetzliche-toetung","22":"tag-zoo"},"share_on_mastodon":{"url":"https:\/\/pubeurope.com\/@de\/114972524816405904","error":""},"_links":{"self":[{"href":"https:\/\/www.europesays.com\/de\/wp-json\/wp\/v2\/posts\/319251","targetHints":{"allow":["GET"]}}],"collection":[{"href":"https:\/\/www.europesays.com\/de\/wp-json\/wp\/v2\/posts"}],"about":[{"href":"https:\/\/www.europesays.com\/de\/wp-json\/wp\/v2\/types\/post"}],"author":[{"embeddable":true,"href":"https:\/\/www.europesays.com\/de\/wp-json\/wp\/v2\/users\/2"}],"replies":[{"embeddable":true,"href":"https:\/\/www.europesays.com\/de\/wp-json\/wp\/v2\/comments?post=319251"}],"version-history":[{"count":0,"href":"https:\/\/www.europesays.com\/de\/wp-json\/wp\/v2\/posts\/319251\/revisions"}],"wp:featuredmedia":[{"embeddable":true,"href":"https:\/\/www.europesays.com\/de\/wp-json\/wp\/v2\/media\/319252"}],"wp:attachment":[{"href":"https:\/\/www.europesays.com\/de\/wp-json\/wp\/v2\/media?parent=319251"}],"wp:term":[{"taxonomy":"category","embeddable":true,"href":"https:\/\/www.europesays.com\/de\/wp-json\/wp\/v2\/categories?post=319251"},{"taxonomy":"post_tag","embeddable":true,"href":"https:\/\/www.europesays.com\/de\/wp-json\/wp\/v2\/tags?post=319251"}],"curies":[{"name":"wp","href":"https:\/\/api.w.org\/{rel}","templated":true}]}}