{"id":319279,"date":"2025-08-04T21:17:16","date_gmt":"2025-08-04T21:17:16","guid":{"rendered":"https:\/\/www.europesays.com\/de\/319279\/"},"modified":"2025-08-04T21:17:16","modified_gmt":"2025-08-04T21:17:16","slug":"nordrhein-westfalen-duesseldorf-bereitet-badeverbot-im-rhein-vor","status":"publish","type":"post","link":"https:\/\/www.europesays.com\/de\/319279\/","title":{"rendered":"Nordrhein-Westfalen: D\u00fcsseldorf bereitet Badeverbot im Rhein vor"},"content":{"rendered":"<p class=\"metatextline\">Stand: 04.08.2025 21:41 Uhr<\/p>\n<p class=\"textabsatz columns twelve  m-ten  m-offset-one l-eight l-offset-two\">\n        <strong><strong>Die Stadt erarbeitet derzeit eine entsprechende Verordnung, die es laut Innenministerium nun selbst verh\u00e4ngen kann. Verst\u00f6\u00dfen gegen das Badeverbot sollen k\u00fcnftig sp\u00fcrbare Bu\u00dfgelder folgen.<\/strong><\/strong>\n    <\/p>\n<p class=\"textabsatz m-ten m-offset-one l-eight l-offset-two columns twelve\">\nNach mehreren t\u00f6dlichen Badeunf\u00e4llen in den vergangenen Wochen bereitet die Stadt <a href=\"https:\/\/www1.wdr.de\/uebersicht-duesseldorf-100.html\" title=\"D\u00fcsseldorf\" class=\"textlink--extern\" target=\"_blank\" rel=\"noopener nofollow\">D\u00fcsseldorf<\/a> jetzt ein Badeverbot im Rhein vor.<\/p>\n<p class=\"textabsatz m-ten m-offset-one l-eight l-offset-two columns twelve\">\nDie Verwaltung erarbeite derzeit eine sogenannte ordnungsbeh\u00f6rdliche Verordnung dazu, teilte Oberb\u00fcrgermeister Stephan Keller (CDU) dem WDR exklusiv am Montagabend mit.<\/p>\n<p>    Stadt kann Verbot eigenst\u00e4ndig verh\u00e4ngen<\/p>\n<p class=\"absatzbild__info__text\">\n                        Badende im Rhein bei D\u00fcsseldorf\n                    <\/p>\n<p class=\"textabsatz m-ten m-offset-one l-eight l-offset-two columns twelve\">\nIn der Debatte \u00fcber ein Badeverbot war in den vergangenen Wochen unklar, welche Beh\u00f6rde ein solches Verbot \u00fcberhaupt verh\u00e4ngen kann. Laut D\u00fcsseldorfs OB Keller hat das NRW-Innenministerium nun best\u00e4tigt, dass die Stadt das eigenst\u00e4ndig f\u00fcr ihr Stadtgebiet aussprechen kann. Das Ministerium vertrete die Auffassung, dass das Bundesrecht einem kommunalen Badeverbot nicht entgegenstehe, erg\u00e4nzte ein Stadtsprecher.<\/p>\n<p class=\"textabsatz m-ten m-offset-one l-eight l-offset-two columns twelve\">\nDas Bu\u00dfgeld f\u00fcr unerlaubtes Baden werde eine sp\u00fcrbare und nachhaltige Wirkung zeigen, betont Keller. Einzelheiten w\u00fcrden derzeit noch abgestimmt. Die Stadt hofft dabei auch auf Unterst\u00fctzung des Innenministeriums. Wie hoch das Bu\u00dfgeld ausfallen und ab wann ein Badeverbot gelten, ist bisher nicht bekannt.<\/p>\n<p>    Verbot mit Signalwirkung?<\/p>\n<p class=\"textabsatz m-ten m-offset-one l-eight l-offset-two columns twelve\">\nEin Badeverbot im Rhein in D\u00fcsseldorf k\u00f6nnte Signalwirkung f\u00fcr weitere St\u00e4dte haben \u2013 auch die Stadt K\u00f6ln macht sich f\u00fcr ein generelles Badeverbot stark.<\/p>\n<p class=\"textabsatz m-ten m-offset-one l-eight l-offset-two columns twelve\">\nNach mehreren t\u00f6dlichen Badeunf\u00e4llen hatte die Stadt D\u00fcsseldorf vor einigen Wochen zus\u00e4tzliche Warnschilder an beliebten Rheinabschnitten aufgestellt und verst\u00e4rkte Kontrollen angek\u00fcndigt &#8211; gemeinsam mit der DLRG und der Wasserwacht.<\/p>\n<p>    Unsere Quelle:<\/p>\n<ul class=\"buttongroup buttongroup--copytext\">\n<li class=\"buttongroup__item\">\n<p>    <a class=\"btn btn--text btn--standard-secondary btn--fullwidth\" href=\"https:\/\/www1.wdr.de\/nachrichten\/rheinland\/rhein-duesseldorf-badeverbot-denkbar-100.html\" rel=\"nofollow noopener\" target=\"_blank\"><br \/>\n        Nach Vorfall: So stehen die D\u00fcsseldorfer zum Badeverbot im Rhein<br \/>\n        Pfeil rechts<\/p>\n<p>    <\/a>\n<\/li>\n<li class=\"buttongroup__item\">\n<p>    <a class=\"btn btn--text btn--standard-secondary btn--fullwidth\" href=\"https:\/\/www1.wdr.de\/nachrichten\/badetote-verbot-schwimmen-fluesse-100.html\" rel=\"nofollow noopener\" target=\"_blank\"><br \/>\n        Nach D\u00fcsseldorf will auch K\u00f6ln ein Badeverbot f\u00fcr den Rhein<br \/>\n        Pfeil rechts<\/p>\n<p>    <\/a>\n<\/li>\n<\/ul>\n<p>                                        <a class=\"backlink__link\" href=\"https:\/\/www1.wdr.de\/nachrichten\/rheinland\/duesseldorf-bereitet-badeverbot-im-rhein-vor-100.html\" rel=\"nofollow noopener\" target=\"_blank\"><\/p>\n<p>                                                <img decoding=\"async\" src=\"https:\/\/images.tagesschau.de\/image\/9ef70e2e-6dd6-4b18-afd2-7063c40e8939\/AAABlap_yqU\/AAABmFUWGAQ\/original\/lra-wdr-logo-100.svg\" alt=\"Westdeutscher Rundfunk\"\/><\/p>\n<p>                                        <\/a><\/p>\n","protected":false},"excerpt":{"rendered":"Stand: 04.08.2025 21:41 Uhr Die Stadt erarbeitet derzeit eine entsprechende Verordnung, die es laut Innenministerium nun selbst verh\u00e4ngen&hellip;\n","protected":false},"author":2,"featured_media":319280,"comment_status":"","ping_status":"","sticky":false,"template":"","format":"standard","meta":{"footnotes":""},"categories":[1831],"tags":[3364,29,3405,30,1209,225],"class_list":{"0":"post-319279","1":"post","2":"type-post","3":"status-publish","4":"format-standard","5":"has-post-thumbnail","7":"category-duesseldorf","8":"tag-de","9":"tag-deutschland","10":"tag-duesseldorf","11":"tag-germany","12":"tag-nordrhein-westfalen","13":"tag-wdr"},"share_on_mastodon":{"url":"https:\/\/pubeurope.com\/@de\/114972579920236693","error":""},"_links":{"self":[{"href":"https:\/\/www.europesays.com\/de\/wp-json\/wp\/v2\/posts\/319279","targetHints":{"allow":["GET"]}}],"collection":[{"href":"https:\/\/www.europesays.com\/de\/wp-json\/wp\/v2\/posts"}],"about":[{"href":"https:\/\/www.europesays.com\/de\/wp-json\/wp\/v2\/types\/post"}],"author":[{"embeddable":true,"href":"https:\/\/www.europesays.com\/de\/wp-json\/wp\/v2\/users\/2"}],"replies":[{"embeddable":true,"href":"https:\/\/www.europesays.com\/de\/wp-json\/wp\/v2\/comments?post=319279"}],"version-history":[{"count":0,"href":"https:\/\/www.europesays.com\/de\/wp-json\/wp\/v2\/posts\/319279\/revisions"}],"wp:featuredmedia":[{"embeddable":true,"href":"https:\/\/www.europesays.com\/de\/wp-json\/wp\/v2\/media\/319280"}],"wp:attachment":[{"href":"https:\/\/www.europesays.com\/de\/wp-json\/wp\/v2\/media?parent=319279"}],"wp:term":[{"taxonomy":"category","embeddable":true,"href":"https:\/\/www.europesays.com\/de\/wp-json\/wp\/v2\/categories?post=319279"},{"taxonomy":"post_tag","embeddable":true,"href":"https:\/\/www.europesays.com\/de\/wp-json\/wp\/v2\/tags?post=319279"}],"curies":[{"name":"wp","href":"https:\/\/api.w.org\/{rel}","templated":true}]}}