{"id":319321,"date":"2025-08-04T21:38:18","date_gmt":"2025-08-04T21:38:18","guid":{"rendered":"https:\/\/www.europesays.com\/de\/319321\/"},"modified":"2025-08-04T21:38:18","modified_gmt":"2025-08-04T21:38:18","slug":"wuerzburg-arbeiten-am-sanderrasen-voruebergehend","status":"publish","type":"post","link":"https:\/\/www.europesays.com\/de\/319321\/","title":{"rendered":"W\u00fcrzburg: Arbeiten am Sanderrasen vor\u00fcbergehend\u2026"},"content":{"rendered":"<p>Bereits seit Juni wird der Sportplatz Sanderrasen in W\u00fcrzburg modernisiert \u2013 nun sind die Arbeiten vor\u00fcbergehend eingestellt worden. Grund daf\u00fcr ist die Ferienfreizeit dort, wie die Stadt mitteilt.<\/p>\n<p>Damit stehen den Kindern und allen Hobbysportlern die Laufbahn und Teile des Rasenplatzes zur Verf\u00fcgung. Teile der Innenlaufbahn bleiben aber weiterhin gesperrt. Dort wird ab Anfang September ein neuer Kunststoffbelag aufgebracht.<\/p>\n<p>Die Hartpl\u00e4tze im oberen Bereich, die Kugelsto\u00dfanlage und die Body-Weight-Station k\u00f6nnen weiterhin genutzt werden.<\/p>\n<p>Im August ist der Sportplatz f\u00fcr Freizeitsportler von Montag bis Freitag ab 17 Uhr ge\u00f6ffnet, an den Wochenenden ganzt\u00e4gig.<\/p>\n<p><a href=\"https:\/\/www.radiogong.com\/aktuelles\/news\/wuerzburg-sportplatz-sanderrasen-teilweise-gesperrt\" target=\"_blank\" rel=\"noreferrer noopener nofollow\">Die Sportanlage am Sanderrasen wird aktuell umfassend saniert und erweitert.<\/a> Beispielsweise wird der Belag der Tartanbahn erneuert, auch die Volleyball- und Badmintonfelder werden saniert. Au\u00dferdem werden ein Beachvolleyballfeld und neue Weitsprunganlagen gebaut.<\/p>\n","protected":false},"excerpt":{"rendered":"Bereits seit Juni wird der Sportplatz Sanderrasen in W\u00fcrzburg modernisiert \u2013 nun sind die Arbeiten vor\u00fcbergehend eingestellt worden.&hellip;\n","protected":false},"author":2,"featured_media":319322,"comment_status":"","ping_status":"","sticky":false,"template":"","format":"standard","meta":{"footnotes":""},"categories":[1772],"tags":[29,214,30,1779,810,2506,215],"class_list":{"0":"post-319321","1":"post","2":"type-post","3":"status-publish","4":"format-standard","5":"has-post-thumbnail","7":"category-musik","8":"tag-deutschland","9":"tag-entertainment","10":"tag-germany","11":"tag-music","12":"tag-musik","13":"tag-radio-radio-gong-wuerzburg-heimvorteil-musik","14":"tag-unterhaltung"},"share_on_mastodon":{"url":"https:\/\/pubeurope.com\/@de\/114972662678132149","error":""},"_links":{"self":[{"href":"https:\/\/www.europesays.com\/de\/wp-json\/wp\/v2\/posts\/319321","targetHints":{"allow":["GET"]}}],"collection":[{"href":"https:\/\/www.europesays.com\/de\/wp-json\/wp\/v2\/posts"}],"about":[{"href":"https:\/\/www.europesays.com\/de\/wp-json\/wp\/v2\/types\/post"}],"author":[{"embeddable":true,"href":"https:\/\/www.europesays.com\/de\/wp-json\/wp\/v2\/users\/2"}],"replies":[{"embeddable":true,"href":"https:\/\/www.europesays.com\/de\/wp-json\/wp\/v2\/comments?post=319321"}],"version-history":[{"count":0,"href":"https:\/\/www.europesays.com\/de\/wp-json\/wp\/v2\/posts\/319321\/revisions"}],"wp:featuredmedia":[{"embeddable":true,"href":"https:\/\/www.europesays.com\/de\/wp-json\/wp\/v2\/media\/319322"}],"wp:attachment":[{"href":"https:\/\/www.europesays.com\/de\/wp-json\/wp\/v2\/media?parent=319321"}],"wp:term":[{"taxonomy":"category","embeddable":true,"href":"https:\/\/www.europesays.com\/de\/wp-json\/wp\/v2\/categories?post=319321"},{"taxonomy":"post_tag","embeddable":true,"href":"https:\/\/www.europesays.com\/de\/wp-json\/wp\/v2\/tags?post=319321"}],"curies":[{"name":"wp","href":"https:\/\/api.w.org\/{rel}","templated":true}]}}