{"id":319350,"date":"2025-08-04T21:53:18","date_gmt":"2025-08-04T21:53:18","guid":{"rendered":"https:\/\/www.europesays.com\/de\/319350\/"},"modified":"2025-08-04T21:53:18","modified_gmt":"2025-08-04T21:53:18","slug":"pol-vie-ferienreiseverkehr-verkehrsdienst-schickt-niederlaendische-familie-nach-hause","status":"publish","type":"post","link":"https:\/\/www.europesays.com\/de\/319350\/","title":{"rendered":"POL-VIE: Ferienreiseverkehr &#8211; Verkehrsdienst schickt Niederl\u00e4ndische Familie nach Hause"},"content":{"rendered":"<p class=\"date\">04.08.2025 \u2013 14:59<\/p>\n<p class=\"customer\">\n                        <a class=\"story-customer\" title=\"weiter zum newsroom von Kreispolizeibeh\u00f6rde Viersen\" href=\"https:\/\/www.presseportal.de\/blaulicht\/nr\/65857\" rel=\"nofollow noopener\" target=\"_blank\">Kreispolizeibeh\u00f6rde Viersen<\/a>\n                    <\/p>\n<p><a data-category=\"citylink-story-view\" data-action=\"click\" data-label=\"Citylink in Meldungsansicht\" class=\"story-city event-trigger\" href=\"https:\/\/www.presseportal.de\/regional\/Kreis%20Viersen\" title=\"News aus Kreis Viersen \" rel=\"nofollow noopener\" target=\"_blank\">Kreis Viersen<\/a> (ots)<\/p>\n<p>Am Freitag, 01.08.2025, in der Zeit von 08:00 bis 16:00 Uhr, f\u00fchrte der Verkehrsdienst mit insgesamt sechs Einsatzkr\u00e4ften eine Sonderkontrolle des Ferienreiseverkehrs im Kreisgebiet Viersen durch.<br \/>\nKontrolliert wurden insbesondere Wohnwagengespanne und Wohnmobile im Hinblick auf die Ladungssicherung sowie die Einhaltung der zul\u00e4ssigen Gesamtgewichte. Insgesamt wurden 21 Fahrzeuge \u00fcberpr\u00fcft. Mehr als die H\u00e4lfte der kontrollierten Fahrzeuge wiesen M\u00e4ngel auf. Es wurden zwei Ordnungswidrigkeitenanzeigen und neun Verwarngelder wegen \u00dcberladung sowie zwei weitere Verwarngelder wegen unzureichender Ladungssicherung verh\u00e4ngt. In einem Fall musste eine niederl\u00e4ndische Familie ihre Urlaubsreise abbrechen, da der Wohnwagen um mehr als 40 Prozent \u00fcberladen war. Zus\u00e4tzlich wurde ein Bu\u00dfgeld in H\u00f6he von 265 Euro f\u00e4llig. Statt zum Urlaubsziel Italien ging es f\u00fcr die Familie zun\u00e4chst zur\u00fcck in die Niederlande, um rund 400 Kilogramm an Gep\u00e4ck zu entladen. \/ab (757)<\/p>\n<p class=\"contact-headline\">R\u00fcckfragen bitte an:<\/p>\n<p class=\"contact-text\">Pressestelle Kreispolizeibeh\u00f6rde Viersen<\/p>\n<p>Telefon: 02162\/377-1191<br \/><a href=\"https:\/\/www.presseportal.de\/blaulicht\/pm\/65857\/mailto: pressestelle.viersen@polizei.nrw.de\" class=\"uri-mailto\" rel=\"nofollow noopener\" target=\"_blank\"> pressestelle.viersen@polizei.nrw.de<\/a><\/p>\n<p class=\"originator\">Original-Content von: Kreispolizeibeh\u00f6rde Viersen, \u00fcbermittelt durch news aktuell<\/p>\n","protected":false},"excerpt":{"rendered":"04.08.2025 \u2013 14:59 Kreispolizeibeh\u00f6rde Viersen Kreis Viersen (ots) Am Freitag, 01.08.2025, in der Zeit von 08:00 bis 16:00&hellip;\n","protected":false},"author":2,"featured_media":108,"comment_status":"","ping_status":"","sticky":false,"template":"","format":"standard","meta":{"footnotes":""},"categories":[1849],"tags":[3364,29,548,663,3934,30,13,177,4455,14,15,1209,176,121,178,180,179,181,12],"class_list":{"0":"post-319350","1":"post","2":"type-post","3":"status-publish","4":"format-standard","5":"has-post-thumbnail","7":"category-moenchengladbach","8":"tag-de","9":"tag-deutschland","10":"tag-eu","11":"tag-europa","12":"tag-europe","13":"tag-germany","14":"tag-headlines","15":"tag-kriminalitt","16":"tag-moenchengladbach","17":"tag-nachrichten","18":"tag-news","19":"tag-nordrhein-westfalen","20":"tag-nrw","21":"tag-polizei","22":"tag-presse","23":"tag-pressemeldung","24":"tag-pressemitteilung","25":"tag-pressemitteilungen","26":"tag-schlagzeilen"},"share_on_mastodon":{"url":"https:\/\/pubeurope.com\/@de\/114972721485508298","error":""},"_links":{"self":[{"href":"https:\/\/www.europesays.com\/de\/wp-json\/wp\/v2\/posts\/319350","targetHints":{"allow":["GET"]}}],"collection":[{"href":"https:\/\/www.europesays.com\/de\/wp-json\/wp\/v2\/posts"}],"about":[{"href":"https:\/\/www.europesays.com\/de\/wp-json\/wp\/v2\/types\/post"}],"author":[{"embeddable":true,"href":"https:\/\/www.europesays.com\/de\/wp-json\/wp\/v2\/users\/2"}],"replies":[{"embeddable":true,"href":"https:\/\/www.europesays.com\/de\/wp-json\/wp\/v2\/comments?post=319350"}],"version-history":[{"count":0,"href":"https:\/\/www.europesays.com\/de\/wp-json\/wp\/v2\/posts\/319350\/revisions"}],"wp:featuredmedia":[{"embeddable":true,"href":"https:\/\/www.europesays.com\/de\/wp-json\/wp\/v2\/media\/108"}],"wp:attachment":[{"href":"https:\/\/www.europesays.com\/de\/wp-json\/wp\/v2\/media?parent=319350"}],"wp:term":[{"taxonomy":"category","embeddable":true,"href":"https:\/\/www.europesays.com\/de\/wp-json\/wp\/v2\/categories?post=319350"},{"taxonomy":"post_tag","embeddable":true,"href":"https:\/\/www.europesays.com\/de\/wp-json\/wp\/v2\/tags?post=319350"}],"curies":[{"name":"wp","href":"https:\/\/api.w.org\/{rel}","templated":true}]}}