{"id":319391,"date":"2025-08-04T22:16:14","date_gmt":"2025-08-04T22:16:14","guid":{"rendered":"https:\/\/www.europesays.com\/de\/319391\/"},"modified":"2025-08-04T22:16:14","modified_gmt":"2025-08-04T22:16:14","slug":"hummels-freundin-modelt-fuer-bundesliga-klub-neues-sondertrikot-sport","status":"publish","type":"post","link":"https:\/\/www.europesays.com\/de\/319391\/","title":{"rendered":"Hummels-Freundin modelt f\u00fcr Bundesliga-Klub \u2013 Neues Sondertrikot | Sport"},"content":{"rendered":"<p><b>Neues Trikot f\u00fcr den Klub von Trainer Sandro Wagner (37)!<\/b><\/p>\n<p>Auch in diesem Jahr bringt der <a href=\"https:\/\/www.bild.de\/sport\/fussball\/fc-augsburg\/startseite-fc-augsburg-31074424.bild.html\" class=\"text-link\" target=\"_blank\" rel=\"noopener\">FC Augsburg<\/a> wieder ein Sondertrikot auf den Markt. Am Montagabend stellte der Bundesligist das schwarze Trikot vor.<\/p>\n<p><b>Eines der Models f\u00fcr das Ausweichtrikot ist Nicola Cavanis (26) \u2013\u00a0die Freundin von Weltmeister Mats Hummels (36, Dortmund, Bayern, zuletzt AS Rom).<\/b><\/p>\n<p>In epischem Video: Hummels-Freundin pr\u00e4sentiert neues Kult-Trikot<a href=\"https:\/\/www.bild.de\/sport\/fussball\/fc-augsburg-freundin-von-mats-hummels-praesentiert-neues-roemertrikot-6890f3d781bf471df5f948c8\" class=\"anchor\" target=\"_blank\" rel=\"noopener\"><img decoding=\"async\" width=\"992\" height=\"558\" alt=\"FC Augsburg: Freundin von Mats Hummels pr\u00e4sentiert neues R\u00f6mertrikot\" src=\"https:\/\/www.europesays.com\/de\/wp-content\/uploads\/2025\/08\/79a37ce720472310ae82600e37fa9f29,d89a7d50\"   class=\"landscape teaser__image\" loading=\"lazy\"\/><\/a><\/p>\n<p>Quelle: FC Augsburg04.08.2025<\/p>\n<p><b>Die geb\u00fcrtige M\u00fcnchnerin ist Model und Influencerin. Auf Instagram folgen der jungen Frau zwei Millionen Fans. Die Verbindung zum Wagner-Klub ist allerdings kein Zufall. Cavanis ist gro\u00dfer Fan des Vereins und trat schon im vergangenen Jahr als Trikot-Model auf. <\/b><\/p>\n<p>Das neue Augsburg-Trikot ist ab Freitag, 9 Uhr verf\u00fcgbar und kostet 89,95 Euro. Der Erscheinungstag wurde extra so gew\u00e4hlt: Zum einen wird in Augsburg am Freitag das hohe Friedensfest gefeiert, zum anderen wurde der FC Augsburg am 8. August 1907 unter dem Namen FC Allemania gegr\u00fcndet. <\/p>\n<p>Mehr zum Thema<\/p>\n<p><b>Das Trikot selbst soll an die Wurzeln der antiken Stadt Augusta Vindelicum (lateinischer Name Augsburgs) erinnern. Deshalb ist das Design an Relikten aus der R\u00f6merzeit orientiert, die heute noch in Augsburg zu sehen sind. <\/b><\/p>\n<p>W\u00e4hrend die Hauptfarbe des Trikots Schwarz ist, wurden das FCA-Wappen sowie das Logo des Trikotsponsors WWK Versicherung und Ausr\u00fcsters Mizuno in Gold gehalten. <\/p>\n<p><img decoding=\"async\" width=\"992\" height=\"680\" alt=\"Nicola Cavanis (m.) mit den FCA-Profis Phillip Tietz (l.) und Mert K\u00f6m\u00fcr beim Shooting f\u00fcr das neue Trikot\" src=\"https:\/\/www.europesays.com\/de\/wp-content\/uploads\/2025\/08\/e2ee4a663b9eb268d1a05d32bf8601e3,26e5a316\"   class=\"dynamic\" loading=\"lazy\"\/><\/p>\n<p class=\"fig__caption__text\">Nicola Cavanis (m.) mit den FCA-Profis Phillip Tietz (l.) und Mert K\u00f6m\u00fcr beim Shooting f\u00fcr das neue Trikot<\/p>\n<p>Foto: FC Augsburg<br \/>\nFu\u00dfballma\u0301nnschaft\n<\/p>\n<p>Das Shooting mit Nicola Cavanis, FCA-Trainer Sandro Wagner, Phillip Tietz, Mert K\u00f6m\u00fcr, Marius Wolf, Cedric Zesiger und Elias Saad fand an einem Parkplatz neben der WWK Arena statt, an dem w\u00e4hrend des Stadionbaus Fundst\u00fccke aus r\u00f6mischer Zeit entdeckt wurden.<\/p>\n<p>\u201eUm ein authentisches Setting zu schaffen, wurde dort mit Bodenaushub und einer Rundbogenhalle eine arch\u00e4ologische Ausgrabungsst\u00e4tte detailgetreu nachgebildet\u201c, teilte der FCA mit. <\/p>\n<p><img decoding=\"async\" width=\"992\" height=\"1323\" alt=\"FCA-Trainer Sandro Wagner (37) als Model f\u00fcr die neue Augusta Vindelicum-Kollektion, die ebenfalls am Freitag erscheint\" src=\"https:\/\/www.europesays.com\/de\/wp-content\/uploads\/2025\/08\/ffe43eca8ed2f615e00606340d8232b0,9d1e7419\"   class=\"dynamic\" loading=\"lazy\"\/><\/p>\n<p class=\"fig__caption__text\">FCA-Trainer Sandro Wagner (37) als Model f\u00fcr die neue Augusta-Vindelicum-Kollektion<\/p>\n<p>Foto: FC Augsburg<br \/>\nFu\u00dfballma\u0301nnschaft\n<\/p>\n<p>FCA-Gesch\u00e4ftsf\u00fchrer Michael Str\u00f6ll (41): \u201eNachdem das R\u00f6mertrikot auf so gro\u00dfe Begeisterung gesto\u00dfen ist, haben wir gemeinsam mit unserem Ausr\u00fcster Mizuno intensiv daran gearbeitet, auch zur kommenden Saison ein besonderes Ausweichtrikot zu entwickeln. Das Ergebnis ist ein rundum gelungenes Design in Schwarz und Gold, das neue Akzente setzt und erneut an die r\u00f6mischen Wurzeln unserer Stadt erinnert.\u201c<\/p>\n<p>Haben Sie DEN auf dem Zettel?: Bayern-Juwel schie\u00dft 96 zum Sieg!<a href=\"https:\/\/www.bild.de\/sport\/fussball\/2-bundesliga-fc-bayern-juwel-noel-aseko-schiesst-hannover-96-zum-sieg-688f82288c8eec4efca1c956\" class=\"anchor\" target=\"_blank\" rel=\"noopener\"><img decoding=\"async\" width=\"992\" height=\"558\" alt=\"2. Bundesliga: FC Bayern-Juwel Noel Aseko schie\u00dft Hannover 96 zum Sieg\" src=\"https:\/\/www.europesays.com\/de\/wp-content\/uploads\/2025\/08\/72777a925f0b43f89fab796039279046-landscape,6ff300e4\"   class=\"landscape teaser__image\" loading=\"lazy\"\/><\/a><\/p>\n<p>Quelle: BILD \/ DFL04.08.2025<\/p>\n<p><b>Schon am Freitag beim geheimen Test gegen Pisa sowie am Samstag bei der Generalprobe in der WWK Arena gegen Premier-League-Klub AFC Sunderland soll die Mannschaft von Sandro Wagner im neuen R\u00f6mer-Trikot auflaufen. <\/b><\/p>\n","protected":false},"excerpt":{"rendered":"Neues Trikot f\u00fcr den Klub von Trainer Sandro Wagner (37)! Auch in diesem Jahr bringt der FC Augsburg&hellip;\n","protected":false},"author":2,"featured_media":319392,"comment_status":"","ping_status":"","sticky":false,"template":"","format":"standard","meta":{"footnotes":""},"categories":[5],"tags":[331,332,3364,29,538,49571,30,13,9205,152,14,15,12,91042,1470,45],"class_list":{"0":"post-319391","1":"post","2":"type-post","3":"status-publish","4":"format-standard","5":"has-post-thumbnail","7":"category-nachrichten","8":"tag-aktuelle-nachrichten","9":"tag-aktuelle-news","10":"tag-de","11":"tag-deutschland","12":"tag-erste-bundesliga","13":"tag-fc-augsburg-1907","14":"tag-germany","15":"tag-headlines","16":"tag-hummels-mats","17":"tag-instagram","18":"tag-nachrichten","19":"tag-news","20":"tag-schlagzeilen","21":"tag-spielerfrauen","22":"tag-sport-leuchtturm-muenchen","23":"tag-texttospeech"},"share_on_mastodon":{"url":"https:\/\/pubeurope.com\/@de\/114972811879240924","error":""},"_links":{"self":[{"href":"https:\/\/www.europesays.com\/de\/wp-json\/wp\/v2\/posts\/319391","targetHints":{"allow":["GET"]}}],"collection":[{"href":"https:\/\/www.europesays.com\/de\/wp-json\/wp\/v2\/posts"}],"about":[{"href":"https:\/\/www.europesays.com\/de\/wp-json\/wp\/v2\/types\/post"}],"author":[{"embeddable":true,"href":"https:\/\/www.europesays.com\/de\/wp-json\/wp\/v2\/users\/2"}],"replies":[{"embeddable":true,"href":"https:\/\/www.europesays.com\/de\/wp-json\/wp\/v2\/comments?post=319391"}],"version-history":[{"count":0,"href":"https:\/\/www.europesays.com\/de\/wp-json\/wp\/v2\/posts\/319391\/revisions"}],"wp:featuredmedia":[{"embeddable":true,"href":"https:\/\/www.europesays.com\/de\/wp-json\/wp\/v2\/media\/319392"}],"wp:attachment":[{"href":"https:\/\/www.europesays.com\/de\/wp-json\/wp\/v2\/media?parent=319391"}],"wp:term":[{"taxonomy":"category","embeddable":true,"href":"https:\/\/www.europesays.com\/de\/wp-json\/wp\/v2\/categories?post=319391"},{"taxonomy":"post_tag","embeddable":true,"href":"https:\/\/www.europesays.com\/de\/wp-json\/wp\/v2\/tags?post=319391"}],"curies":[{"name":"wp","href":"https:\/\/api.w.org\/{rel}","templated":true}]}}