{"id":319505,"date":"2025-08-04T23:17:20","date_gmt":"2025-08-04T23:17:20","guid":{"rendered":"https:\/\/www.europesays.com\/de\/319505\/"},"modified":"2025-08-04T23:17:20","modified_gmt":"2025-08-04T23:17:20","slug":"mit-schwarz-und-gold-zum-naechsten-hype","status":"publish","type":"post","link":"https:\/\/www.europesays.com\/de\/319505\/","title":{"rendered":"Mit Schwarz und Gold zum n\u00e4chsten Hype?"},"content":{"rendered":"<p class=\"mb-6 text-xs md:text-m lg:text-l font-serif group-[.font-sans]:font-sans \">\n    Es war in der vergangenen Saison die zeitweise hei\u00dfeste W\u00e4hrung in <a href=\"https:\/\/www.augsburger-allgemeine.de\/augsburg\/\" target=\"_self\" class=\"underline \" rel=\"nofollow noopener\">Augsburg<\/a>: <a href=\"https:\/\/www.augsburger-allgemeine.de\/sport\/fc-augsburg\/fca-roemertrikot-nachfrage-bricht-interne-rekorde-102966231\" target=\"_self\" class=\"underline \" rel=\"nofollow noopener\">das rote R\u00f6mertrikot. Jeder wollte es, l\u00e4ngst nicht jeder bekam eines.<\/a> Der <a href=\"https:\/\/augsburger-allgemeine.de\/sport\/fc-augsburg\/\" target=\"_self\" class=\"underline \" rel=\"nofollow noopener\">FC Augsburg<\/a> wurde vom Hype auf das Trikot \u00fcberrannt: <a href=\"https:\/\/www.augsburger-allgemeine.de\/sport\/fc-augsburg\/fc-augsburg-enthuellt-einzigartiges-roemertrikot-am-historischen-tag-102952944\" target=\"_self\" class=\"underline \" rel=\"nofollow noopener\">Die erste Tranche war schnell ausverkauft, ebenso wie eine Nachbestellung.<\/a> Am Ende stand ein Verkaufsrekord f\u00fcr den FCA: \u00dcber 30.000 Trikots verkaufte der Bundesligist in der vergangenen Spielzeit, so viel wie nie zuvor. Mehr als jedes zweite verkaufte Shirt war dabei ein R\u00f6mertrikot. Nun legt der FCA nach: Nach dem von den Fans designten Heimtrikot, das schon zum Abschluss der vergangenen Saison zum Einsatz gekommen war und dem roten \u201eSchwabentrikot\u201c ist nun klar, wie das dritte Trikot aussieht. Es ist erneut ein R\u00f6mertrikot.\n  <\/p>\n<p class=\"mb-6 text-xs md:text-m lg:text-l font-serif group-[.font-sans]:font-sans \">\n    Diesmal allerdings eines in Schwarz und Gold: Unter dem Slogan \u201eAugusta Vindelicum\u201c wird erneut an die Geschichte der Stadt Augsburg erinnert. Erneut sind auf der Vorder- und R\u00fcckseite Fundst\u00fccke aus der r\u00f6mischen Antike, wie sie teilweise noch in Augsburg sichtbar sind, mit Wappen- sowie Zirbelnuss-Elementen kombiniert. Der Grundton des Shirts ist schwarz, sowohl das FCA-Wappen als auch die Ausr\u00fcster- und Partnerlogos sind in Gold gehalten. Pr\u00e4sentiert wird das Trikot wie schon im Vorjahr von <a href=\"https:\/\/www.augsburger-allgemeine.de\/sport\/fussball\/preisverleihung-mats-hummels-zeigt-sich-bei-ballon-d-or-mit-nicola-cavanis-103487456\" target=\"_self\" class=\"underline \" rel=\"nofollow noopener\">Nicola Cavanis. Das Model ist nicht nur als Lebensgef\u00e4hrtin von Ex-Kicker Mats Hummels<\/a> dem Fu\u00dfball verbunden, sondern auch ausgewiesener FCA-Fan und arbeitete einst f\u00fcr den Hauptsponsor, die WWK Versicherungen.\n  <\/p>\n<p class=\"mb-6 text-xs md:text-m lg:text-l font-serif group-[.font-sans]:font-sans \">\n    FCA-Gesch\u00e4ftsf\u00fchrer Michael Str\u00f6ll wird in der Mitteilung des Vereins zur neuen Arbeitskleidung wie folgt zitiert: \u201eNachdem das R\u00f6mertrikot auf so gro\u00dfe Begeisterung gesto\u00dfen ist, haben wir gemeinsam mit unserem Ausr\u00fcster Mizuno intensiv daran gearbeitet, auch zur kommenden Saison ein besonderes Ausweichtrikot zu entwickeln.\u201c Das Ergebnis sei ein gelungenes Design in Schwarz und Gold, \u201edas neue Akzente setzt und erneut an die r\u00f6mischen Wurzeln unserer Stadt erinnert\u201c.\n  <\/p>\n<p>            Diesmal hat der FC Augsburg etwas mehr Exemplare des Trikots geordert<\/p>\n<p class=\"mb-6 text-xs md:text-m lg:text-l font-serif group-[.font-sans]:font-sans \">\n    Das Jersey wird wohl zumindest nicht ganz so schnell wie das R\u00f6mertrikot ausverkauft sein. Die Bestellmengen, die schon etwa ein Jahr zuvor vonseiten des Vereins abgegeben werden m\u00fcssen, hat der FCA laut Anfrage unserer Redaktion signifikant erh\u00f6ht und nach oben angepasst. Erh\u00e4ltlich ist das Trikot zum Grundpreis von 89,95 Euro in den Erwachsenengr\u00f6\u00dfen ab dem 8. August, dem Gr\u00fcndungstag des FC Augsburg. Weil an diesem Tag in Augsburg das Friedensfest stattfindet, gibt es das Trikot vorerst nur im Onlineshop zu erwerben &#8211; ab 9 Uhr startet der Verkauf. Am Samstag, 9. August, ab 9 Uhr \u00f6ffnet der FCA-Store in der Maximilianstra\u00dfe seinen Betrieb. Ab 10 Uhr wird das Trikot auch in der Filiale der VR Bank in der Annastra\u00dfe erh\u00e4ltlich sein.\n  <\/p>\n<p class=\"mb-6 text-xs md:text-m lg:text-l font-serif group-[.font-sans]:font-sans \">\n    Den ersten Einsatz auf dem Fu\u00dfballplatz wird das Trikot in den FCA-Testspielen gegen Pisa am Freitag und bei der Generalprobe gegen den Premier-League-Aufsteiger Sunderland am Samstagnachmittag um 15 Uhr haben.\n  <\/p>\n<ul data-module-id=\"DragDropModule\" class=\"flex flex-wrap justify-start group-[.no-bookmarks]:hidden\">\n<li class=\"mb-3 mr-3\">\n    Florian Eisele<\/p>\n<p>      Icon Haken im Kreis gesetzt<\/p>\n<p>      Icon Plus im Kreis<\/p>\n<\/li>\n<li class=\"mb-3 mr-3\">\n    Augsburg Stadt<\/p>\n<p>      Icon Haken im Kreis gesetzt<\/p>\n<p>      Icon Plus im Kreis<\/p>\n<\/li>\n<li class=\"mb-3 mr-3\">\n    FC Augsburg<\/p>\n<p>      Icon Haken im Kreis gesetzt<\/p>\n<p>      Icon Plus im Kreis<\/p>\n<\/li>\n<\/ul>\n","protected":false},"excerpt":{"rendered":"Es war in der vergangenen Saison die zeitweise hei\u00dfeste W\u00e4hrung in Augsburg: das rote R\u00f6mertrikot. Jeder wollte es,&hellip;\n","protected":false},"author":2,"featured_media":319506,"comment_status":"","ping_status":"","sticky":false,"template":"","format":"standard","meta":{"footnotes":""},"categories":[1846],"tags":[680,772,3364,29,548,663,3934,30,13,14,15,12],"class_list":{"0":"post-319505","1":"post","2":"type-post","3":"status-publish","4":"format-standard","5":"has-post-thumbnail","7":"category-augsburg","8":"tag-augsburg","9":"tag-bayern","10":"tag-de","11":"tag-deutschland","12":"tag-eu","13":"tag-europa","14":"tag-europe","15":"tag-germany","16":"tag-headlines","17":"tag-nachrichten","18":"tag-news","19":"tag-schlagzeilen"},"share_on_mastodon":{"url":"https:\/\/pubeurope.com\/@de\/114973051674894200","error":""},"_links":{"self":[{"href":"https:\/\/www.europesays.com\/de\/wp-json\/wp\/v2\/posts\/319505","targetHints":{"allow":["GET"]}}],"collection":[{"href":"https:\/\/www.europesays.com\/de\/wp-json\/wp\/v2\/posts"}],"about":[{"href":"https:\/\/www.europesays.com\/de\/wp-json\/wp\/v2\/types\/post"}],"author":[{"embeddable":true,"href":"https:\/\/www.europesays.com\/de\/wp-json\/wp\/v2\/users\/2"}],"replies":[{"embeddable":true,"href":"https:\/\/www.europesays.com\/de\/wp-json\/wp\/v2\/comments?post=319505"}],"version-history":[{"count":0,"href":"https:\/\/www.europesays.com\/de\/wp-json\/wp\/v2\/posts\/319505\/revisions"}],"wp:featuredmedia":[{"embeddable":true,"href":"https:\/\/www.europesays.com\/de\/wp-json\/wp\/v2\/media\/319506"}],"wp:attachment":[{"href":"https:\/\/www.europesays.com\/de\/wp-json\/wp\/v2\/media?parent=319505"}],"wp:term":[{"taxonomy":"category","embeddable":true,"href":"https:\/\/www.europesays.com\/de\/wp-json\/wp\/v2\/categories?post=319505"},{"taxonomy":"post_tag","embeddable":true,"href":"https:\/\/www.europesays.com\/de\/wp-json\/wp\/v2\/tags?post=319505"}],"curies":[{"name":"wp","href":"https:\/\/api.w.org\/{rel}","templated":true}]}}