{"id":319524,"date":"2025-08-04T23:29:08","date_gmt":"2025-08-04T23:29:08","guid":{"rendered":"https:\/\/www.europesays.com\/de\/319524\/"},"modified":"2025-08-04T23:29:08","modified_gmt":"2025-08-04T23:29:08","slug":"2-bundesliga-overreactions-zum-saisonstart-funkel-jubelt-auf-s04-bank-vfl-bochum-erlebt-katastrophe","status":"publish","type":"post","link":"https:\/\/www.europesays.com\/de\/319524\/","title":{"rendered":"2. Bundesliga &#8211; Overreactions zum Saisonstart: Funkel jubelt auf S04-Bank, VfL Bochum erlebt Katastrophe"},"content":{"rendered":"<p class=\"css-1q8kfuz\">Der Auftakt in der 2. Bundesliga ist geschafft. H\u00f6chste Zeit, um in die Glaskugel zu schauen, wie die weitere Spielzeit verl\u00e4uft. <strong>ran<\/strong> zeigt (nicht ganz ernst gemeinte) Overreactions zum Saisonstart in der 2. Bundesliga.<\/p>\n<p class=\"css-1cmglxz\">Von <a data-li-document-ref=\"311444\" href=\"https:\/\/www.ran.de\/sports\/mehr\/news\/christoph-gailer-autor-311444\" target=\"_blank\" rel=\"noopener\">Christoph Gailer<\/a>\u00a0und Keenan Schieck<\/p>\n<p class=\"css-1cmglxz\">In der <a href=\"https:\/\/www.ran.de\/sports\/fussball\/2-bundesliga\" target=\"_blank\" rel=\"noopener\">2. Bundesliga<\/a> ist der Startschuss f\u00fcr die Saison 2025\/26 bereits gefallen. Die ersten 90 Minuten sind f\u00fcr die Mannschaften nun vor\u00fcber.<\/p>\n<p class=\"css-1cmglxz\">Somit k\u00f6nnen auch erste (klitzekleine) Erkenntnisse \u00fcber den weiteren Saisonverlauf in der zweith\u00f6chsten Spielklasse Deutschlands gewonnen werden.<\/p>\n<p class=\"css-1cmglxz\"><strong>ran<\/strong> zeigt (nicht ganz ernst gemeinte) Overreactions nach dem 1. Spieltag der 2. Bundesliga.<\/p>\n<p>N\u00e4chster Abstieg: Bochum ergeht es wie Luton Town<\/p>\n<p class=\"css-1cmglxz\">Der Bundesliga-Absteiger <a href=\"https:\/\/www.ran.de\/sports\/teams\/te2079\/kader?from=%2Fsports%2Ffussball%2F2-bundesliga%2Fteams\" target=\"_blank\" rel=\"noopener\">VfL Bochum<\/a> ging als einer der Favoriten auf den Aufstieg in die neue Saison &#8211; und hat bitter entt\u00e4uscht. Die Hecking-Elf verlor ausw\u00e4rts beim SV Darmstadt nach ganz schwacher Leistung mit 1:4.<\/p>\n<p class=\"css-1cmglxz\">Statt gleich zum Auftakt ein Statement in Richtung direkter R\u00fcckkehr ins Oberhaus zu setzen, sortiert sich der VfL in der Tabelle ganz weit unten ein &#8211; und wird dort auch bleiben. Die Bochumer machen es wie in England zuletzt Luton Town: Von der Bundesliga geht es in nur zwei Jahren direkt runter bis in die 3. Liga.<\/p>\n<p>Das Wichtigste zur 2. Bundesliga in K\u00fcrzeDieser Inhalt stammt von externen Anbietern wie Facebook, Instagram oder Youtube. Aktiviere bitte Personalisierte Anzeigen und Inhalte sowie Anbieter au\u00dferhalb des CMP Standards, um diese Inhalte anzuzeigen.Privatsph\u00e4re-EinstellungenDarmstadts Lidberg bricht den Hrubesch-Torrekord<\/p>\n<p class=\"css-1cmglxz\">W\u00e4hrend Bochum am ersten Spieltag zu den gro\u00dfen Verlierern z\u00e4hlte, startete <a href=\"https:\/\/www.ran.de\/sports\/teams\/te1852\/kader?from=%2Fsports%2Ffussball%2F2-bundesliga%2Ftabelle\" target=\"_blank\" rel=\"noopener\">Darmstadt<\/a> imposant in die neue Spielzeit der 2. Bundesliga. Beim 4:1-Sieg der &#8222;Lilien&#8220; gegen den VfL erzielte der Schwede Isac Lidberg\u00a0drei Treffer f\u00fcr die Gastgeber.<\/p>\n<p class=\"css-1cmglxz\">Sollte der 26-J\u00e4hrige nicht noch im verbleibenden Sommertransfer-Fenster wechseln, ist der Zweitliga-Rekord von Horst Hrubesch f\u00e4llig. In der Saison 1977\/78 erzielte Hrubsch in der damaligen 2. Bundesliga Nord 42 Treffer f\u00fcr Rot-Weiss Essen.<\/p>\n<p>Bundesliga-Transferger\u00fcchte: N\u00e4chster SGE-Verteidiger offenbar vor dem Abgang<img alt=\"&lt;em&gt;&lt;strong&gt;Aurele Amenda (Eintracht Frankfurt)&lt;\/strong&gt;&lt;br&gt;Nachdem Tuta die Eintracht bereits in Richtung Katar verlassen hat, droht nun wohl auch der Abgang von Aurele Amenda. Laut einem &quot;Bild&quot;-Bericht zeigt der FC Turin vermehrt Interesse an dem Verteidiger aus Frankfurt. Demnach sollen die Verhandlungen bereits weit fortgeschritten sein. Die Abl\u00f6se bel\u00e4uft sich wohl auf elf Millionen Euro. Der Transfer w\u00fcrde durchaus \u00fcberraschend kommen: Erst zum Vorbereitungsstart prophezeite Dino Toppm\u00f6ller dem Schweizer eine &quot;gr\u00f6\u00dfere Rolle&quot; in der neuen Saison.&lt;\/em&gt;\" loading=\"lazy\" decoding=\"async\" data-nimg=\"fill\" style=\"position:absolute;height:100%;width:100%;left:0;top:0;right:0;bottom:0;object-fit:contain;color:transparent\" src=\"https:\/\/www.europesays.com\/de\/wp-content\/uploads\/2025\/08\/profile:original\"\/>\u00a9 IMAGO\/osnapix<\/p>\n<p class=\"css-1cmglxz\"><strong>Aurele Amenda (Eintracht Frankfurt)<\/strong><br \/>Nachdem Tuta die Eintracht bereits in Richtung Katar verlassen hat, droht nun wohl auch der Abgang von Aurele Amenda. Laut einem &#8222;Bild&#8220;-Bericht zeigt der FC Turin vermehrt Interesse an dem Verteidiger aus Frankfurt. Demnach sollen die Verhandlungen bereits weit fortgeschritten sein. Die Abl\u00f6se bel\u00e4uft sich wohl auf elf Millionen Euro. Der Transfer w\u00fcrde durchaus \u00fcberraschend kommen: Erst zum Vorbereitungsstart prophezeite Dino Toppm\u00f6ller dem Schweizer eine &#8222;gr\u00f6\u00dfere Rolle&#8220; in der neuen Saison.<\/p>\n<p><img alt=\"&lt;strong&gt;Enzo Millot (VfB Stuttgart)&lt;\/strong&gt;&lt;br&gt;Beim VfB Stuttgart deutet sich der Abgang von Enzo Millot an. Laut Fabrizio Romano soll der Franzose nach Saudi-Arabien zu Al-Ahli wechseln. Zuletzt wurde Millot noch mit einem Abgang zu Atletico Madrid in Verbindung gebracht, nun geht es f\u00fcr ihn aber wohl zum amtierenden Champions-League-Sieger Asiens, der von Matthias Jaissle trainiert wird. Zwischen Millot und den Saudis soll bereits eine m\u00fcndliche Einigung erzielt worden sein.\" loading=\"lazy\" decoding=\"async\" data-nimg=\"fill\" style=\"position:absolute;height:100%;width:100%;left:0;top:0;right:0;bottom:0;object-fit:contain;color:transparent\" src=\"https:\/\/www.europesays.com\/de\/wp-content\/uploads\/2025\/08\/1754350095_208_profile:original\"\/>\u00a9 2025 Getty Images<\/p>\n<p class=\"css-1cmglxz\"><strong>Enzo Millot (VfB Stuttgart)<\/strong><br \/>Beim VfB Stuttgart deutet sich der Abgang von Enzo Millot an. Laut Fabrizio Romano soll der Franzose nach Saudi-Arabien zu Al-Ahli wechseln. Zuletzt wurde Millot noch mit einem Abgang zu Atletico Madrid in Verbindung gebracht, nun geht es f\u00fcr ihn aber wohl zum amtierenden Champions-League-Sieger Asiens, der von Matthias Jaissle trainiert wird. Zwischen Millot und den Saudis soll bereits eine m\u00fcndliche Einigung erzielt worden sein.<\/p>\n<p><img alt=\"&lt;strong&gt;Min-jae Kim (FC Bayern M\u00fcnchen)&lt;\/strong&gt;&lt;br&gt;Die Zukunft von Min-jae Kim bleibt wohl weiterhin ungewiss. Dem &quot;Kicker&quot; zufolge geh\u00f6rt der Innenverteidiger zu den Abgangskandidaten beim FC Bayern M\u00fcnchen. Ein Verkauf k\u00f6nnte sich aber als schwierig herausstellen, da das Gehalt des S\u00fcdkoreaners viele Interessenten abschrecken soll. Zudem fordern die M\u00fcnchner laut dem Bericht eine hohe Abl\u00f6se f\u00fcr Kim. Sollte der 28-J\u00e4hrige dennoch gehen, wird der deutsche Rekordmeister wohl selbst noch einmal auf dem Transfermarkt aktiv.\" loading=\"lazy\" decoding=\"async\" data-nimg=\"fill\" style=\"position:absolute;height:100%;width:100%;left:0;top:0;right:0;bottom:0;object-fit:contain;color:transparent\" src=\"https:\/\/www.europesays.com\/de\/wp-content\/uploads\/2025\/08\/1754350096_113_profile:original\"\/>\u00a9 IMAGO\/Ulmer\/Teamfoto<\/p>\n<p class=\"css-1cmglxz\"><strong>Min-jae Kim (FC Bayern M\u00fcnchen)<\/strong><br \/>Die Zukunft von Min-jae Kim bleibt wohl weiterhin ungewiss. Dem &#8222;Kicker&#8220; zufolge geh\u00f6rt der Innenverteidiger zu den Abgangskandidaten beim FC Bayern M\u00fcnchen. Ein Verkauf k\u00f6nnte sich aber als schwierig herausstellen, da das Gehalt des S\u00fcdkoreaners viele Interessenten abschrecken soll. Zudem fordern die M\u00fcnchner laut dem Bericht eine hohe Abl\u00f6se f\u00fcr Kim. Sollte der 28-J\u00e4hrige dennoch gehen, wird der deutsche Rekordmeister wohl selbst noch einmal auf dem Transfermarkt aktiv.<\/p>\n<p><img alt=\"&lt;strong&gt;Ransford K\u00f6nigsd\u00f6rffer (Hamburger SV)&lt;\/strong&gt;&lt;br&gt;Dem Hamburger SV droht ein weiterer herber Verlust - nach Davie Selke und Ludovit Reis steht nun wohl mit Ransford K\u00f6nigsd\u00f6rffer ein weiterer Aufstiegsheld vor dem Abgang. Laut einem Bericht von Fabrice Hawkins ist sich der St\u00fcrmer mit OGC Nizza einig. Dem Transferexperten zufolge steht er kurz vor einer Unterschrift bei dem Ligue-1-Klub. Zwischen den beiden Vereinen soll eine Einigung kurz vor dem Abschluss stehen. Die Abl\u00f6se f\u00fcr den 23-J\u00e4hrigen bel\u00e4uft sich wohl auf knapp sechs Millionen Euro.\" loading=\"lazy\" decoding=\"async\" data-nimg=\"fill\" style=\"position:absolute;height:100%;width:100%;left:0;top:0;right:0;bottom:0;object-fit:contain;color:transparent\" src=\"https:\/\/www.europesays.com\/de\/wp-content\/uploads\/2025\/08\/1754350096_353_profile:original\"\/>\u00a9 Getty Images<\/p>\n<p class=\"css-1cmglxz\"><strong>Ransford K\u00f6nigsd\u00f6rffer (Hamburger SV)<\/strong><br \/>Dem Hamburger SV droht ein weiterer herber Verlust &#8211; nach Davie Selke und Ludovit Reis steht nun wohl mit Ransford K\u00f6nigsd\u00f6rffer ein weiterer Aufstiegsheld vor dem Abgang. Laut einem Bericht von Fabrice Hawkins ist sich der St\u00fcrmer mit OGC Nizza einig. Dem Transferexperten zufolge steht er kurz vor einer Unterschrift bei dem Ligue-1-Klub. Zwischen den beiden Vereinen soll eine Einigung kurz vor dem Abschluss stehen. Die Abl\u00f6se f\u00fcr den 23-J\u00e4hrigen bel\u00e4uft sich wohl auf knapp sechs Millionen Euro.<\/p>\n<p><img alt=\"&lt;strong&gt;Benjamin Sesko (RB Leipzig)&lt;\/strong&gt;&lt;br&gt;Newcastle United soll bereit sein, 80 Millionen Euro f\u00fcr Benjamin Sesko auf den Tisch zu legen. Laut &quot;The Athletic&quot; umfasst das Angebot, das RB Leipzig erreicht habe, eine feste Abl\u00f6se von 75 Milionen Euro und Boni in H\u00f6he von f\u00fcnf Millionen Euro. Zuvor hatte Transferexperte Fabrizio Romano berichtet, dass auch Manchester United an das Lager des noch bis 2029 gebundenen St\u00fcrmers herangetreten sein soll.\" loading=\"lazy\" decoding=\"async\" data-nimg=\"fill\" style=\"position:absolute;height:100%;width:100%;left:0;top:0;right:0;bottom:0;object-fit:contain;color:transparent\" src=\"https:\/\/www.europesays.com\/de\/wp-content\/uploads\/2025\/08\/1754350097_270_profile:original\"\/>\u00a9 2025 Getty Images<\/p>\n<p class=\"css-1cmglxz\"><strong>Benjamin Sesko (RB Leipzig)<\/strong><br \/>Newcastle United soll bereit sein, 80 Millionen Euro f\u00fcr Benjamin Sesko auf den Tisch zu legen. Laut &#8222;The Athletic&#8220; umfasst das Angebot, das RB Leipzig erreicht habe, eine feste Abl\u00f6se von 75 Milionen Euro und Boni in H\u00f6he von f\u00fcnf Millionen Euro. Zuvor hatte Transferexperte Fabrizio Romano berichtet, dass auch Manchester United an das Lager des noch bis 2029 gebundenen St\u00fcrmers herangetreten sein soll.<\/p>\n<p><img alt=\"&lt;strong&gt;Sacha Boey (FC Bayern M\u00fcnchen)&lt;\/strong&gt;&lt;br&gt;In der Personalie Sacha Boey scheint es beim FC Bayern wohl zu einem Umdenken gekommen zu sein. Laut dem &quot;Kicker&quot; denkt man nun doch \u00fcber einen Verbleib des Rechtsverteidigers nach. Intern scheint es aber Uneinigkeiten zu geben. Demnach soll sich Vincent Kompany immer mehr mit dem Franzosen anfreunden. Max Eberl bezeichnete die Situation auf der Rechtsverteidiger-Position jedoch als Luxus. Zuletzt waren sowohl Galatasaray Istanbul als auch Olympique Marseille interessiert - mittlerweile ist die Lage aber ruhig.\" loading=\"lazy\" decoding=\"async\" data-nimg=\"fill\" style=\"position:absolute;height:100%;width:100%;left:0;top:0;right:0;bottom:0;object-fit:contain;color:transparent\" src=\"https:\/\/www.europesays.com\/de\/wp-content\/uploads\/2025\/08\/1754350098_190_profile:original\"\/>\u00a9 IMAGO\/Icon Sportswire<\/p>\n<p class=\"css-1cmglxz\"><strong>Sacha Boey (FC Bayern M\u00fcnchen)<\/strong><br \/>In der Personalie Sacha Boey scheint es beim FC Bayern wohl zu einem Umdenken gekommen zu sein. Laut dem &#8222;Kicker&#8220; denkt man nun doch \u00fcber einen Verbleib des Rechtsverteidigers nach. Intern scheint es aber Uneinigkeiten zu geben. Demnach soll sich Vincent Kompany immer mehr mit dem Franzosen anfreunden. Max Eberl bezeichnete die Situation auf der Rechtsverteidiger-Position jedoch als Luxus. Zuletzt waren sowohl Galatasaray Istanbul als auch Olympique Marseille interessiert &#8211; mittlerweile ist die Lage aber ruhig.<\/p>\n<p><img alt=\"&lt;strong&gt;Paul Wanner (FC Bayern M\u00fcnchen)&lt;\/strong&gt;&lt;br&gt;Die Zukunft von Paul Wanner bleibt weiterhin fraglich - sowohl eine Leihe als auch ein Verbleib in M\u00fcnchen sind m\u00f6glich. Eine Chance, die andere Vereine wittern - so offenbar auch Borussia M\u00f6nchengladbach. Laut &quot;Bild&quot; sollen sich die Fohlen um den Youngster bem\u00fchen. Demnach soll es bereits zu einem Treffen am Tegernsee zwischen Bayern-Sportvorstand Max Eberl und Gladbach-Sportchef Roland Virkus gekommen sein ...\" loading=\"lazy\" decoding=\"async\" data-nimg=\"fill\" style=\"position:absolute;height:100%;width:100%;left:0;top:0;right:0;bottom:0;object-fit:contain;color:transparent\" src=\"https:\/\/www.europesays.com\/de\/wp-content\/uploads\/2025\/07\/1753482926_469_profile:original\"\/>\u00a9 IMAGO\/Sportfoto Rudel<\/p>\n<p class=\"css-1cmglxz\"><strong>Paul Wanner (FC Bayern M\u00fcnchen)<\/strong><br \/>Die Zukunft von Paul Wanner bleibt weiterhin fraglich &#8211; sowohl eine Leihe als auch ein Verbleib in M\u00fcnchen sind m\u00f6glich. Eine Chance, die andere Vereine wittern &#8211; so offenbar auch Borussia M\u00f6nchengladbach. Laut &#8222;Bild&#8220; sollen sich die Fohlen um den Youngster bem\u00fchen. Demnach soll es bereits zu einem Treffen am Tegernsee zwischen Bayern-Sportvorstand Max Eberl und Gladbach-Sportchef Roland Virkus gekommen sein &#8230;<\/p>\n<p><img alt=\"&lt;strong&gt;Paul Wanner (FC Bayern M\u00fcnchen)&lt;\/strong&gt;&lt;br&gt;Nach der Verletzung von Jamal Musiala bleibt es jedoch fraglich, ob der deutsche Rekordmeister sein Talent verleiht. Falls ja, erwartet die Borussia eine ordentliche Konkurrenz - vor allem aus der Bundesliga. Neben Werder Bremen und dem VfB Stuttgart soll aber wohl auch die PSV Eindhoven ein Auge auf Wanner geworfen haben.\" loading=\"lazy\" decoding=\"async\" data-nimg=\"fill\" style=\"position:absolute;height:100%;width:100%;left:0;top:0;right:0;bottom:0;object-fit:contain;color:transparent\" src=\"https:\/\/www.europesays.com\/de\/wp-content\/uploads\/2025\/07\/1753482928_587_profile:original\"\/>\u00a9 IMAGO\/Revierfoto<\/p>\n<p class=\"css-1cmglxz\"><strong>Paul Wanner (FC Bayern M\u00fcnchen)<\/strong><br \/>Nach der Verletzung von Jamal Musiala bleibt es jedoch fraglich, ob der deutsche Rekordmeister sein Talent verleiht. Falls ja, erwartet die Borussia eine ordentliche Konkurrenz &#8211; vor allem aus der Bundesliga. Neben Werder Bremen und dem VfB Stuttgart soll aber wohl auch die PSV Eindhoven ein Auge auf Wanner geworfen haben.<\/p>\n<p><img alt=\"&lt;strong&gt;Lukas Hradecky (Bayer 04 Leverkusen)&lt;\/strong&gt;&lt;br&gt;Bayer Leverkusen droht der n\u00e4chste Abgang. Laut \u00fcbereinstimmenden Berichten von Fabrizio Romano und &quot;Sky&quot; wurde eine vollst\u00e4ndige Einigung zwischen Lukas Hradecky und der AS Monaco erzielt. Der finnische Torh\u00fcter m\u00f6chte den Werksklub wohl verlassen, um weiter als Nummer eins zu agieren. Bei Leverkusen soll Mark Flekken in diese Rolle schl\u00fcpfen. Auch die beiden Vereine stehen demnach bereits im Austausch.\" loading=\"lazy\" decoding=\"async\" data-nimg=\"fill\" style=\"position:absolute;height:100%;width:100%;left:0;top:0;right:0;bottom:0;object-fit:contain;color:transparent\" src=\"https:\/\/www.europesays.com\/de\/wp-content\/uploads\/2025\/07\/1753482929_397_profile:original\"\/>\u00a9 IMAGO\/Vitalii Kliuiev<\/p>\n<p class=\"css-1cmglxz\"><strong>Lukas Hradecky (Bayer 04 Leverkusen)<\/strong><br \/>Bayer Leverkusen droht der n\u00e4chste Abgang. Laut \u00fcbereinstimmenden Berichten von Fabrizio Romano und &#8222;Sky&#8220; wurde eine vollst\u00e4ndige Einigung zwischen Lukas Hradecky und der AS Monaco erzielt. Der finnische Torh\u00fcter m\u00f6chte den Werksklub wohl verlassen, um weiter als Nummer eins zu agieren. Bei Leverkusen soll Mark Flekken in diese Rolle schl\u00fcpfen. Auch die beiden Vereine stehen demnach bereits im Austausch.<\/p>\n<p><img alt=\"&lt;strong&gt;Rafael Leao (AC Mailand)&lt;\/strong&gt;&lt;br&gt;Lange wurde Rafael Leao mit dem FC Bayern in Verbindung gebracht, zuletzt gab es aber keine Diskussionen um den St\u00fcrmer-Star der AC Mailand beim Rekordmeister. Das best\u00e4tigte auch Uli Hoene\u00df Anfang Juli.\u00a0 Doch f\u00fcr Leao scheint das Thema noch nicht erledigt zu sein. Der St\u00fcrmer will einem &quot;Sportbild&quot;-Bericht zufolge weiterhin nach M\u00fcnchen. Ein Angebot aus Saudi-Arabien lehnte er ab, da er weiterhin auf h\u00f6chstem Niveau spielen will.\" loading=\"lazy\" decoding=\"async\" data-nimg=\"fill\" style=\"position:absolute;height:100%;width:100%;left:0;top:0;right:0;bottom:0;object-fit:contain;color:transparent\" src=\"https:\/\/www.europesays.com\/de\/wp-content\/uploads\/2025\/07\/1753482929_876_profile:original\"\/>\u00a9 IMAGO\/Buzzi<\/p>\n<p class=\"css-1cmglxz\"><strong>Rafael Leao (AC Mailand)<\/strong><br \/>Lange wurde Rafael Leao mit dem FC Bayern in Verbindung gebracht, zuletzt gab es aber keine Diskussionen um den St\u00fcrmer-Star der AC Mailand beim Rekordmeister. Das best\u00e4tigte auch Uli Hoene\u00df Anfang Juli.\u00a0 Doch f\u00fcr Leao scheint das Thema noch nicht erledigt zu sein. Der St\u00fcrmer will einem &#8222;Sportbild&#8220;-Bericht zufolge weiterhin nach M\u00fcnchen. Ein Angebot aus Saudi-Arabien lehnte er ab, da er weiterhin auf h\u00f6chstem Niveau spielen will.<\/p>\n<p><img alt=\"&lt;strong&gt;Diant Ramaj (Borussia Dortmund)&lt;\/strong&gt;&lt;br&gt;Diant Ramaj k\u00f6nnte laut &quot;Sky&quot; leihweise von Dortmund an Heidenheim abgegeben werden. Der Torh\u00fcter spielte bereits zwischen 2018 und 2021 in Heidenheim. Ramaj kam im Januar 2025 f\u00fcr f\u00fcnf Millionen Euro Abl\u00f6se von Ajax Amsterdam zum BVB (Vertrag bis 2029) und wechselte direkt per Leihe zum FC Kopenhagen. Eine erneute Ausleihe w\u00fcrde Sinn machen, weil Gregor Kobel in Dortmund bleibt.\" loading=\"lazy\" decoding=\"async\" data-nimg=\"fill\" style=\"position:absolute;height:100%;width:100%;left:0;top:0;right:0;bottom:0;object-fit:contain;color:transparent\" src=\"https:\/\/www.europesays.com\/de\/wp-content\/uploads\/2025\/07\/1753482930_290_profile:original\"\/>\u00a9 2024 Getty Images<\/p>\n<p class=\"css-1cmglxz\"><strong>Diant Ramaj (Borussia Dortmund)<\/strong><br \/>Diant Ramaj k\u00f6nnte laut &#8222;Sky&#8220; leihweise von Dortmund an Heidenheim abgegeben werden. Der Torh\u00fcter spielte bereits zwischen 2018 und 2021 in Heidenheim. Ramaj kam im Januar 2025 f\u00fcr f\u00fcnf Millionen Euro Abl\u00f6se von Ajax Amsterdam zum BVB (Vertrag bis 2029) und wechselte direkt per Leihe zum FC Kopenhagen. Eine erneute Ausleihe w\u00fcrde Sinn machen, weil Gregor Kobel in Dortmund bleibt.<\/p>\n<p><img alt=\"&lt;strong&gt;Kingsley Coman (FC Bayern M\u00fcnchen)&lt;\/strong&gt;&lt;br&gt;Auch in diesem Jahr tauchen Ger\u00fcchte \u00fcber einen Bayern-Abgang von Kingsley Coman wiederholt auf. Die hei\u00dfeste Spur soll dabei aktuell nach Istanbul f\u00fchren. Laut der spanischen Sportzeitung &quot;Mundo Deportivo&quot; hat Galatasary nach der Verpflichtung von Leroy Sane den n\u00e4chsten Bayern-Fl\u00fcgel ins Visier genommen. Der Franzose hat in M\u00fcnchen noch bis 2027 Vertrag - zuletzt pochte er laut &quot;Bild&quot; aber auf einen Verbleib. Das Bayern-&lt;a href=&quot;https:\/\/www.ran.de\/sports\/fussball\/bundesliga\/news\/fc-bayern-muenchen-versicherung-fuer-luiz-diaz-dieser-fluegelstar-soll-auf-der-bayern-liste-stehen-news-und-geruechte-509100&quot;&gt;Interesse an Malick Fofana&lt;\/a&gt; k\u00f6nnte einen Abgang jedoch noch einmal anheizen.\" loading=\"lazy\" decoding=\"async\" data-nimg=\"fill\" style=\"position:absolute;height:100%;width:100%;left:0;top:0;right:0;bottom:0;object-fit:contain;color:transparent\" src=\"https:\/\/www.europesays.com\/de\/wp-content\/uploads\/2025\/07\/1753482931_573_profile:original\"\/>\u00a9 IMAGO\/Icon Sportswire<\/p>\n<p class=\"css-1cmglxz\"><strong>Kingsley Coman (FC Bayern M\u00fcnchen)<\/strong><br \/>Auch in diesem Jahr tauchen Ger\u00fcchte \u00fcber einen Bayern-Abgang von Kingsley Coman wiederholt auf. Die hei\u00dfeste Spur soll dabei aktuell nach Istanbul f\u00fchren. Laut der spanischen Sportzeitung &#8222;Mundo Deportivo&#8220; hat Galatasary nach der Verpflichtung von Leroy Sane den n\u00e4chsten Bayern-Fl\u00fcgel ins Visier genommen. Der Franzose hat in M\u00fcnchen noch bis 2027 Vertrag &#8211; zuletzt pochte er laut &#8222;Bild&#8220; aber auf einen Verbleib. Das Bayern-<a href=\"https:\/\/www.ran.de\/sports\/fussball\/bundesliga\/news\/fc-bayern-muenchen-versicherung-fuer-luiz-diaz-dieser-fluegelstar-soll-auf-der-bayern-liste-stehen-news-und-geruechte-509100\" target=\"_blank\" rel=\"noopener\">Interesse an Malick Fofana<\/a> k\u00f6nnte einen Abgang jedoch noch einmal anheizen.<\/p>\n<p><img alt=\"&lt;strong&gt;Renato Veiga (FC Chelsea)&lt;\/strong&gt;&lt;br&gt;W\u00e4hrend die Bem\u00fchungen des FC Bayern um einen Spieler f\u00fcr die Offensive doch noch arg stottern, k\u00f6nnte sich in Sachen Innenverteidiger ein Deal anbahnen. Nach \u00fcbereinstimmenden Berichten sind die M\u00fcnchner stark am Portugiesen Renato Veiga vom FC Chelsea interessiert. Wie der italienische Transferexperte Nicolo Schira erfahren haben will, habe der 21-J\u00e4hrige bereits seine Wechselabsicht kundgetan ...\" loading=\"lazy\" decoding=\"async\" data-nimg=\"fill\" style=\"position:absolute;height:100%;width:100%;left:0;top:0;right:0;bottom:0;object-fit:contain;color:transparent\" src=\"https:\/\/www.europesays.com\/de\/wp-content\/uploads\/2025\/07\/1753482933_798_profile:original\"\/>\u00a9 Action Plus<\/p>\n<p class=\"css-1cmglxz\"><strong>Renato Veiga (FC Chelsea)<\/strong><br \/>W\u00e4hrend die Bem\u00fchungen des FC Bayern um einen Spieler f\u00fcr die Offensive doch noch arg stottern, k\u00f6nnte sich in Sachen Innenverteidiger ein Deal anbahnen. Nach \u00fcbereinstimmenden Berichten sind die M\u00fcnchner stark am Portugiesen Renato Veiga vom FC Chelsea interessiert. Wie der italienische Transferexperte Nicolo Schira erfahren haben will, habe der 21-J\u00e4hrige bereits seine Wechselabsicht kundgetan &#8230;<\/p>\n<p><img alt=\"&lt;strong&gt;Renato Veiga (FC Chelsea)&lt;\/strong&gt;&lt;br&gt;Demnach haben die Bayern-Bosse auch mit den Blues, die Veiga zuletzt an Juventus Turin ausgeliehen hatten, erste konkrete Gespr\u00e4che gef\u00fchrt. Wie Fabrizio Romano berichtet, sollen an dem 1,90-Meter-Mann auch Atletico Madrid und einige Premier-League-Klubs interessiert sein. F\u00fcr ein Gesamtpaket von 40 Millionen Euro w\u00e4re der variable Verteidiger, der auch als Linksverteidiger eingesetzt werden kann, demnach zu haben.\" loading=\"lazy\" decoding=\"async\" data-nimg=\"fill\" style=\"position:absolute;height:100%;width:100%;left:0;top:0;right:0;bottom:0;object-fit:contain;color:transparent\" src=\"https:\/\/www.europesays.com\/de\/wp-content\/uploads\/2025\/07\/1753482934_28_profile:original\"\/>\u00a9 2025 Getty Images<\/p>\n<p class=\"css-1cmglxz\"><strong>Renato Veiga (FC Chelsea)<\/strong><br \/>Demnach haben die Bayern-Bosse auch mit den Blues, die Veiga zuletzt an Juventus Turin ausgeliehen hatten, erste konkrete Gespr\u00e4che gef\u00fchrt. Wie Fabrizio Romano berichtet, sollen an dem 1,90-Meter-Mann auch Atletico Madrid und einige Premier-League-Klubs interessiert sein. F\u00fcr ein Gesamtpaket von 40 Millionen Euro w\u00e4re der variable Verteidiger, der auch als Linksverteidiger eingesetzt werden kann, demnach zu haben.<\/p>\n<p><img alt=\"&lt;strong&gt;Mikey Moore (Tottenham Hotspur)&lt;\/strong&gt;&lt;br&gt;Bereits im Mai brachte &quot;Sky&quot; Borussia Dortmund mit dem englischen Toptalent der Spurs in Verbindung, nun berichtet die &quot;Bild&quot;, dass der BVB auf der Suche nach Verst\u00e4rkung f\u00fcr die offensive Au\u00dfenbahn konkret ein Auge auf den 17-J\u00e4hrigen geworfen hat. Moore steht noch bis 2027 unter Vertrag. Dem Vernehmen nach w\u00e4re Tottenham h\u00f6chstens bereit, ihn per Leihe ohne Kaufoption abzugeben.\" loading=\"lazy\" decoding=\"async\" data-nimg=\"fill\" style=\"position:absolute;height:100%;width:100%;left:0;top:0;right:0;bottom:0;object-fit:contain;color:transparent\" src=\"https:\/\/www.europesays.com\/de\/wp-content\/uploads\/2025\/07\/1753482935_613_profile:original\"\/>\u00a9 IMAGO\/News Images<\/p>\n<p class=\"css-1cmglxz\"><strong>Mikey Moore (Tottenham Hotspur)<\/strong><br \/>Bereits im Mai brachte &#8222;Sky&#8220; Borussia Dortmund mit dem englischen Toptalent der Spurs in Verbindung, nun berichtet die &#8222;Bild&#8220;, dass der BVB auf der Suche nach Verst\u00e4rkung f\u00fcr die offensive Au\u00dfenbahn konkret ein Auge auf den 17-J\u00e4hrigen geworfen hat. Moore steht noch bis 2027 unter Vertrag. Dem Vernehmen nach w\u00e4re Tottenham h\u00f6chstens bereit, ihn per Leihe ohne Kaufoption abzugeben.<\/p>\n<p><img alt=\"&lt;strong&gt;Mikey Moore (Tottenham Hotspur)&lt;\/strong&gt;&lt;br&gt;In wenigen Wochen, nach dem 18. Geburtstag des Sportlers am 11. August, soll sein Kontrakt Berichten zufolge verl\u00e4ngert werden. Moore geh\u00f6rt mit einem Marktwert von 18 Millionen Euro zu den wertvollsten Spielern seines Alters, nur drei U18-Spieler weltweit werden derzeit h\u00f6her taxiert. Der Linksau\u00dfen, der von mehreren englischen Klubs beobachtet wird, hatte bereits 2024 in der h\u00f6chsten englischen Spielklasse deb\u00fctiert.\" loading=\"lazy\" decoding=\"async\" data-nimg=\"fill\" style=\"position:absolute;height:100%;width:100%;left:0;top:0;right:0;bottom:0;object-fit:contain;color:transparent\" src=\"https:\/\/www.europesays.com\/de\/wp-content\/uploads\/2025\/07\/1753482935_577_profile:original\"\/>\u00a9 IMAGO\/Pro Sports Images<\/p>\n<p class=\"css-1cmglxz\"><strong>Mikey Moore (Tottenham Hotspur)<\/strong><br \/>In wenigen Wochen, nach dem 18. Geburtstag des Sportlers am 11. August, soll sein Kontrakt Berichten zufolge verl\u00e4ngert werden. Moore geh\u00f6rt mit einem Marktwert von 18 Millionen Euro zu den wertvollsten Spielern seines Alters, nur drei U18-Spieler weltweit werden derzeit h\u00f6her taxiert. Der Linksau\u00dfen, der von mehreren englischen Klubs beobachtet wird, hatte bereits 2024 in der h\u00f6chsten englischen Spielklasse deb\u00fctiert.<\/p>\n<p><img alt=\"&lt;strong&gt;Adam Karabec (Sparta Prag)&lt;\/strong&gt;&lt;br&gt;Beim HSV k\u00f6nnte laut &quot;Bild&quot; bald ein alter Bekannter wieder im Kader stehen. Demnach arbeiten die Hanseaten an einer weiteren Leihe von Adam Karabec von Sparta Prag. Der 22-J\u00e4hrige verhalf dem HSV zuletzt zum Aufstieg, dennoch wurde die Kaufoption in angeblicher H\u00f6he von 4,2 Millionen Euro nicht gezogen. Dem Bericht nach k\u00f6nnte Karabec seinen Vertrag in Prag \u00fcber den Sommer 2026 hinaus verl\u00e4ngern und anschlie\u00dfend wieder zur Leihe an die Elbe wechseln.\" loading=\"lazy\" decoding=\"async\" data-nimg=\"fill\" style=\"position:absolute;height:100%;width:100%;left:0;top:0;right:0;bottom:0;object-fit:contain;color:transparent\" src=\"https:\/\/www.europesays.com\/de\/wp-content\/uploads\/2025\/07\/1753482936_210_profile:original\"\/>\u00a9 2025 Getty Images<\/p>\n<p class=\"css-1cmglxz\"><strong>Adam Karabec (Sparta Prag)<\/strong><br \/>Beim HSV k\u00f6nnte laut &#8222;Bild&#8220; bald ein alter Bekannter wieder im Kader stehen. Demnach arbeiten die Hanseaten an einer weiteren Leihe von Adam Karabec von Sparta Prag. Der 22-J\u00e4hrige verhalf dem HSV zuletzt zum Aufstieg, dennoch wurde die Kaufoption in angeblicher H\u00f6he von 4,2 Millionen Euro nicht gezogen. Dem Bericht nach k\u00f6nnte Karabec seinen Vertrag in Prag \u00fcber den Sommer 2026 hinaus verl\u00e4ngern und anschlie\u00dfend wieder zur Leihe an die Elbe wechseln.<\/p>\n<p><img alt=\"&lt;strong&gt;James McAtee (Manchester City)&lt;\/strong&gt;\u00a0&lt;br&gt;Der offensive Mittelfeldspieler James McAtee von Manchester City gilt als der gro\u00dfe Wunschspieler von Borussia Dortmund. Nun allerdings mischt auch Eintracht Frankfurt mit. Laut &quot;Sky&quot; ist der 22-J\u00e4hrige kommende Woche zu Gespr\u00e4chen in Frankfurt, wo er sich dar\u00fcber hinaus die Gegebenheiten vor Ort anschauen m\u00f6chte. Dies k\u00f6nnte eine &quot;Transfer-Rache&quot; werden, nachdem der BVB der Eintracht Jobe Bellingham weggeschnappt hatte.\" loading=\"lazy\" decoding=\"async\" data-nimg=\"fill\" style=\"position:absolute;height:100%;width:100%;left:0;top:0;right:0;bottom:0;object-fit:contain;color:transparent\" src=\"https:\/\/www.europesays.com\/de\/wp-content\/uploads\/2025\/07\/1753482947_197_profile:original\"\/>\u00a9 Visionhaus<\/p>\n<p class=\"css-1cmglxz\"><strong>James McAtee (Manchester City)<\/strong>\u00a0<br \/>Der offensive Mittelfeldspieler James McAtee von Manchester City gilt als der gro\u00dfe Wunschspieler von Borussia Dortmund. Nun allerdings mischt auch Eintracht Frankfurt mit. Laut &#8222;Sky&#8220; ist der 22-J\u00e4hrige kommende Woche zu Gespr\u00e4chen in Frankfurt, wo er sich dar\u00fcber hinaus die Gegebenheiten vor Ort anschauen m\u00f6chte. Dies k\u00f6nnte eine &#8222;Transfer-Rache&#8220; werden, nachdem der BVB der Eintracht Jobe Bellingham weggeschnappt hatte.<\/p>\n<p>Am 10. Spieltag: Funkel \u00fcbernimmt auf Schalke und sorgt f\u00fcr den Aufstieg<\/p>\n<p class=\"css-1cmglxz\">Beim <a href=\"https:\/\/www.ran.de\/sports\/fussball\/fc-schalke04\" target=\"_blank\" rel=\"noopener\">FC Schalke 04<\/a> ist der Saisonstart mit dem 2:1-Heimsieg gegen Hertha BSC gelungen und einige Fans tr\u00e4umen schon wieder vom Aufstieg der Gelsenkirchener. Und der gelingt in dieser Saison auch, allerdings typisch Schalke &#8211; \u00fcber Umwege.<\/p>\n<p class=\"css-1cmglxz\">Denn nicht der aktuelle Coach Miron Muslic f\u00fchrt die K\u00f6nigsblauen zur\u00fcck ins Oberhaus. Der \u00d6sterreicher muss schon nach wenigen Spielen wieder gehen, weil S04 den Hertha-Sieg nicht best\u00e4tigen kann. Am 10. Spieltag \u00fcbernimmt dann Urgestein Friedhelm Funkel f\u00fcr Muslic und dem 71-J\u00e4hrigen gelingt mit S04 tats\u00e4chlich ein Jahr nach jenem mit K\u00f6ln der n\u00e4chste Aufstieg.<\/p>\n<p>Horrorserie h\u00e4lt an: Hertha erneut nur Mittelma\u00df<\/p>\n<p class=\"css-1cmglxz\">Vor der neuen Saison waren die Erwartungen an <a href=\"https:\/\/www.ran.de\/sports\/fussball\/hertha-bsc-berlin\" target=\"_blank\" rel=\"noopener\">Hertha BSC<\/a> extrem hoch. &#8222;Unser aller Ziel ist es, aufzusteigen. Das werden wir angehen,&#8220; lautete die Ansage von Kapit\u00e4n Fabian Reese vor dem Saisonauftakt.<\/p>\n<p class=\"css-1cmglxz\">Daraufhin folgte die gro\u00dfe Ern\u00fcchterung: Auf Schalke setzte es eine 1:2-Niederlage. Zum Auftakt &#8211; das kennt man in Berlin bereits.<\/p>\n<p class=\"css-1cmglxz\">Denn damit setzt die alte Dame eine traurige Serie fort. Auch in der dritten Saison im deutschen Fu\u00dfball-Unterhaus ging man am ersten Spieltag als Verlierer vom Platz. Deswegen gilt auch in diesem Jahr: Die Hertha wird erneut entt\u00e4uschen und sich im Mittelma\u00df einordnen. Nix da mit Aufstieg.<\/p>\n<p>Hertha-Coach komplett bedient: &#8222;Sicherlich schei\u00dfe!&#8220;Trotzreaktion: Florian Neuhaus tr\u00e4gt D\u00fcsseldorf in die Bundesliga<\/p>\n<p class=\"css-1cmglxz\">Fortuna D\u00fcsseldorf ist am ersten Spieltag geh\u00f6rig unter die R\u00e4der geraten. Die Elf von Daniel Thioune blamierte sich beim Aufsteiger aus Bielefeld: Nach 90 Minuten hie\u00df es 5:1 f\u00fcr die Arminia. Damit erhielten die Aufstiegstr\u00e4ume der Fortuna erst einmal einen ordentlichen D\u00e4mpfer.<\/p>\n<p class=\"css-1cmglxz\">Dieser Horrorstart wird D\u00fcsseldorf jedoch die Augen \u00f6ffnen. Es braucht weitere Verst\u00e4rkungen f\u00fcr den Kader, um zur\u00fcck in die Bundesliga zu kommen. Schlie\u00dflich ist der Aufstieg das erkl\u00e4rte Ziel der Fortuna.<\/p>\n<p class=\"css-1cmglxz\">Deswegen wird Sport-Vorstand Klaus Allofs nun <a data-li-document-ref=\"572463\" href=\"https:\/\/www.ran.de\/sports\/fussball\/bundesliga\/news\/borussia-moenchengladbach-fluechtet-florian-neuhaus-vor-don-rollo-in-die2-bundesliga-die-optionen-572463\" target=\"_blank\" rel=\"noopener\">bei Florian Neuhaus anklopfen<\/a> und ihn davon \u00fcberzeugen, den Gang in die 2. Bundesliga anzutreten. Neuhaus findet bei seinem Ex-Klub zu alter Form zur\u00fcck und ist ma\u00dfgeblich an dem Aufstieg beteiligt. Was f\u00fcr ein Doppel-Comeback! Diese Geschichten schreibt bekanntlich nur der Fu\u00dfball.<\/p>\n<p>Hannover 96 kassiert die wenigsten Gegentore der Historie<\/p>\n<p class=\"css-1cmglxz\">Zum Start in die neue Saison pr\u00e4sentierte sich Hannover 96 vor allem defensiv sehr stark. Gegen Kaiserslautern konnte man die Null halten. F\u00fcr Torh\u00fcter Nahuel Noll verlief der Arbeitstag beim 1:0-Sieg gegen die Roten Teufel sehr entspannt. Nur sieben Torsch\u00fcsse gab der Gegner ab &#8211; kein anderes Team war am ersten Spieltag ungef\u00e4hrlicher.<\/p>\n<p class=\"css-1cmglxz\">Mit 20 Gegentoren stellte der 1. FC K\u00f6ln in der Saison 2013\/14 die beste Defensive der Liga-Geschichte. Aufstiegs-Mitfavorit Hannover wird diesen Rekord in der laufenden Spielzeit knacken und Noll wird h\u00f6chstens 19 Mal hinter sich greifen m\u00fcssen.<\/p>\n","protected":false},"excerpt":{"rendered":"Der Auftakt in der 2. Bundesliga ist geschafft. H\u00f6chste Zeit, um in die Glaskugel zu schauen, wie die&hellip;\n","protected":false},"author":2,"featured_media":319525,"comment_status":"","ping_status":"","sticky":false,"template":"","format":"standard","meta":{"footnotes":""},"categories":[1839],"tags":[621,7507,3364,29,52905,3132,36001,347,30,2366,1088,91070,1209,91069,91068,3377,16870,8173],"class_list":{"0":"post-319524","1":"post","2":"type-post","3":"status-publish","4":"format-standard","5":"has-post-thumbnail","7":"category-bochum","8":"tag-2-bundesliga","9":"tag-bochum","10":"tag-de","11":"tag-deutschland","12":"tag-florian-neuhaus","13":"tag-fortuna-duesseldorf","14":"tag-friedhelm-funkel","15":"tag-fussball","16":"tag-germany","17":"tag-hannover-96","18":"tag-hertha-bsc","19":"tag-isac-lidberg","20":"tag-nordrhein-westfalen","21":"tag-overractions","22":"tag-predictions","23":"tag-saisonstart","24":"tag-schalke-04","25":"tag-vfl-bochum"},"share_on_mastodon":{"url":"https:\/\/pubeurope.com\/@de\/114973099947226553","error":""},"_links":{"self":[{"href":"https:\/\/www.europesays.com\/de\/wp-json\/wp\/v2\/posts\/319524","targetHints":{"allow":["GET"]}}],"collection":[{"href":"https:\/\/www.europesays.com\/de\/wp-json\/wp\/v2\/posts"}],"about":[{"href":"https:\/\/www.europesays.com\/de\/wp-json\/wp\/v2\/types\/post"}],"author":[{"embeddable":true,"href":"https:\/\/www.europesays.com\/de\/wp-json\/wp\/v2\/users\/2"}],"replies":[{"embeddable":true,"href":"https:\/\/www.europesays.com\/de\/wp-json\/wp\/v2\/comments?post=319524"}],"version-history":[{"count":0,"href":"https:\/\/www.europesays.com\/de\/wp-json\/wp\/v2\/posts\/319524\/revisions"}],"wp:featuredmedia":[{"embeddable":true,"href":"https:\/\/www.europesays.com\/de\/wp-json\/wp\/v2\/media\/319525"}],"wp:attachment":[{"href":"https:\/\/www.europesays.com\/de\/wp-json\/wp\/v2\/media?parent=319524"}],"wp:term":[{"taxonomy":"category","embeddable":true,"href":"https:\/\/www.europesays.com\/de\/wp-json\/wp\/v2\/categories?post=319524"},{"taxonomy":"post_tag","embeddable":true,"href":"https:\/\/www.europesays.com\/de\/wp-json\/wp\/v2\/tags?post=319524"}],"curies":[{"name":"wp","href":"https:\/\/api.w.org\/{rel}","templated":true}]}}