{"id":319648,"date":"2025-08-05T00:40:22","date_gmt":"2025-08-05T00:40:22","guid":{"rendered":"https:\/\/www.europesays.com\/de\/319648\/"},"modified":"2025-08-05T00:40:22","modified_gmt":"2025-08-05T00:40:22","slug":"mannheim-mann-schlaegt-mit-tasse-auf-gleichaltrigen-ein-polizeiberichte-aus-rhein-neckar-odenwald","status":"publish","type":"post","link":"https:\/\/www.europesays.com\/de\/319648\/","title":{"rendered":"Mannheim: Mann schl\u00e4gt mit Tasse auf Gleichaltrigen ein &#8211; Polizeiberichte aus Rhein-Neckar-Odenwald"},"content":{"rendered":"<p>Mannheim. (pol\/msc) In den fr\u00fchen Morgenstunden des Sonntags geriet in der Neckarau zwei 35-J\u00e4hrige aneinander. Warum der Streit zwischen den beiden eskalierte, sei bisher unklar, so die Polizei weiter. Fest stehe bislang allein, dass einer der beiden leicht verletzt wurde.<\/p>\n<p>Ersten Ermittlungen zufolge schlug einer der Streith\u00e4hne auf den anderen mit einer Tasse ein. Der Gesch\u00e4digte musste vor Ort medizinisch versorgt werden und kam anschlie\u00dfend ins Krankenhaus.<\/p>\n","protected":false},"excerpt":{"rendered":"Mannheim. (pol\/msc) In den fr\u00fchen Morgenstunden des Sonntags geriet in der Neckarau zwei 35-J\u00e4hrige aneinander. Warum der Streit&hellip;\n","protected":false},"author":2,"featured_media":319649,"comment_status":"","ping_status":"","sticky":false,"template":"","format":"standard","meta":{"footnotes":""},"categories":[1845],"tags":[1634,3364,29,548,663,3934,30,13,2096,14,15,17343,12],"class_list":{"0":"post-319648","1":"post","2":"type-post","3":"status-publish","4":"format-standard","5":"has-post-thumbnail","7":"category-mannheim","8":"tag-baden-wuerttemberg","9":"tag-de","10":"tag-deutschland","11":"tag-eu","12":"tag-europa","13":"tag-europe","14":"tag-germany","15":"tag-headlines","16":"tag-mannheim","17":"tag-nachrichten","18":"tag-news","19":"tag-polizei-blaulicht-heidelberg-mannheim-rhein-neckar-metropolregion-sinsheim-kraichgau-neckarodenwald-odenwald-bauland-heilbronn","20":"tag-schlagzeilen"},"share_on_mastodon":{"url":"https:\/\/pubeurope.com\/@de\/114973378393793721","error":""},"_links":{"self":[{"href":"https:\/\/www.europesays.com\/de\/wp-json\/wp\/v2\/posts\/319648","targetHints":{"allow":["GET"]}}],"collection":[{"href":"https:\/\/www.europesays.com\/de\/wp-json\/wp\/v2\/posts"}],"about":[{"href":"https:\/\/www.europesays.com\/de\/wp-json\/wp\/v2\/types\/post"}],"author":[{"embeddable":true,"href":"https:\/\/www.europesays.com\/de\/wp-json\/wp\/v2\/users\/2"}],"replies":[{"embeddable":true,"href":"https:\/\/www.europesays.com\/de\/wp-json\/wp\/v2\/comments?post=319648"}],"version-history":[{"count":0,"href":"https:\/\/www.europesays.com\/de\/wp-json\/wp\/v2\/posts\/319648\/revisions"}],"wp:featuredmedia":[{"embeddable":true,"href":"https:\/\/www.europesays.com\/de\/wp-json\/wp\/v2\/media\/319649"}],"wp:attachment":[{"href":"https:\/\/www.europesays.com\/de\/wp-json\/wp\/v2\/media?parent=319648"}],"wp:term":[{"taxonomy":"category","embeddable":true,"href":"https:\/\/www.europesays.com\/de\/wp-json\/wp\/v2\/categories?post=319648"},{"taxonomy":"post_tag","embeddable":true,"href":"https:\/\/www.europesays.com\/de\/wp-json\/wp\/v2\/tags?post=319648"}],"curies":[{"name":"wp","href":"https:\/\/api.w.org\/{rel}","templated":true}]}}