{"id":319681,"date":"2025-08-05T00:59:16","date_gmt":"2025-08-05T00:59:16","guid":{"rendered":"https:\/\/www.europesays.com\/de\/319681\/"},"modified":"2025-08-05T00:59:16","modified_gmt":"2025-08-05T00:59:16","slug":"fuer-die-bergung-von-laura-dahlmeier-blieben-nur-noch-einige-tage","status":"publish","type":"post","link":"https:\/\/www.europesays.com\/de\/319681\/","title":{"rendered":"F\u00fcr die Bergung von Laura Dahlmeier blieben nur noch einige Tage"},"content":{"rendered":"<ol class=\"id-DonaldBreadcrumb lp_west_breadcrumb id-DonaldBreadcrumb--default\" data-k5a-pos=\"west_breadcrumb\">\n<li class=\"id-Breadcrumb-item\"><a href=\"https:\/\/www.merkur.de\/\" class=\"id-Breadcrumb-link\" data-id-ec=\"{\" shn=\"\" textlink=\"\" data-k5a-pos=\"1_startseite\" rel=\"nofollow noopener\" target=\"_blank\">Startseite<\/a><\/li>\n<li class=\"id-Breadcrumb-item\"><a href=\"https:\/\/www.merkur.de\/sport\/\" class=\"id-Breadcrumb-link\" data-id-ec=\"{\" shn=\"\" textlink=\"\" data-k5a-pos=\"2_sport\" rel=\"nofollow noopener\" target=\"_blank\">Sport<\/a><\/li>\n<li class=\"id-Breadcrumb-item\"><a href=\"https:\/\/www.merkur.de\/sport\/wintersport\/\" class=\"id-Breadcrumb-link\" data-id-ec=\"{\" shn=\"\" textlink=\"\" data-k5a-pos=\"3_wintersport\" rel=\"nofollow noopener\" target=\"_blank\">Wintersport<\/a><\/li>\n<\/ol>\n<p class=\"id-Story-timestamp id-Story-timestamp--default\">Stand: 04.08.2025, 19:02 Uhr<\/p>\n<p class=\"id-Story-authors id-Story-authors--default\">Von: <a class=\"id-Story-authors-link lp_west_author\" href=\"https:\/\/www.merkur.de\/autor\/benedict-hottner-qextd2sz.html\" title=\"Zur Autorenseite von Benedict Hottner\" data-id-ec=\"{\" shn=\"\" author-link=\"\" hottner=\"\" data-k5a-pos=\"west_author\" rel=\"nofollow noopener\" target=\"_blank\">Benedict Hottner<\/a><\/p>\n<p class=\"id-Story-interactionBar id-Story-interactionBar--default\">DruckenTeilen<\/p>\n<p class=\"id-StoryElement-leadText\">Nach dem traurigen Ungl\u00fcck von Laura Dahlmeier am Laila Peak stellen sich Fragen zur Bergung ihres Leichnams \u2013 doch die Beteiligten stehen unter Zeitdruck.<\/p>\n<p class=\"id-StoryElement-paragraph\">M\u00fcnchen \u2013 Nach dem t\u00f6dlichen <a href=\"https:\/\/www.merkur.de\/sport\/wintersport\/laura-dahlmeier-tot-tod-pakistan-berg-unglueck-ursache-ablauf-news-zr-93857569.html\" class=\"id-import-Link\" data-id-ec=\"{&quot;sht&quot;:&quot;Container&quot;,&quot;shn&quot;:&quot;Story&quot;,&quot;p&quot;:{&quot;containerType&quot;:&quot;Paragraph&quot;,&quot;displayType&quot;:&quot;Paragraph InlineLink&quot;,&quot;type&quot;:&quot;INLINE_LINK&quot;,&quot;value&quot;:&quot;Ungl&#xFC;ck der ehemaligen Biathlon-Olympiasiegerin Laura Dahlmeier&quot;,&quot;variant&quot;:&quot;standardLink&quot;,&quot;sponsored&quot;:false,&quot;linkHref&quot;:&quot;https:\/\/www.merkur.de\/sport\/wintersport\/laura-dahlmeier-tot-tod-pakistan-berg-unglueck-ursache-ablauf-news-zr-93857569.html&quot;,&quot;storyElementPosition&quot;:8,&quot;storyElementCount&quot;:19}}\" rel=\"nofollow noopener\" target=\"_blank\">Ungl\u00fcck der ehemaligen Biathlon-Olympiasiegerin Laura Dahlmeier<\/a> am <a href=\"https:\/\/www.merkur.de\/sport\/wintersport\/dahlmeiers-sehnsuchtsort-laila-peak-kletterfreund-verraet-letzten-traum-der-biathlon-legende-93863573.html\" class=\"id-import-Link\" data-id-ec=\"{&quot;sht&quot;:&quot;Container&quot;,&quot;shn&quot;:&quot;Story&quot;,&quot;p&quot;:{&quot;containerType&quot;:&quot;Paragraph&quot;,&quot;displayType&quot;:&quot;Paragraph InlineLink&quot;,&quot;type&quot;:&quot;INLINE_LINK&quot;,&quot;value&quot;:&quot;Laila Peak in Pakistan&quot;,&quot;variant&quot;:&quot;standardLink&quot;,&quot;sponsored&quot;:false,&quot;linkHref&quot;:&quot;https:\/\/www.merkur.de\/sport\/wintersport\/dahlmeiers-sehnsuchtsort-laila-peak-kletterfreund-verraet-letzten-traum-der-biathlon-legende-93863573.html&quot;,&quot;storyElementPosition&quot;:8,&quot;storyElementCount&quot;:19}}\" rel=\"nofollow noopener\" target=\"_blank\">Laila Peak in Pakistan<\/a> bleiben zentrale Fragen offen \u2013 vor allem, ob ihr Leichnam geborgen werden soll. Wie das Management der 31-J\u00e4hrigen mitteilte, habe sich Dahlmeier ausdr\u00fccklich gew\u00fcnscht, im Falle ihres Todes nicht geborgen zu werden. Sie wolle auf dem Berg bleiben, der ihr so viel bedeutet habe.<\/p>\n<p><img decoding=\"async\" class=\"id-RatioPlaceholder-element wv_story_el_image\" src=\"https:\/\/www.europesays.com\/de\/wp-content\/uploads\/2025\/08\/39182296-nach-dem-tragischen-unglueck-von-laura-dahlmeier-am-laila-peak-stellen-sich-fragen-zur-berg.jpeg\" loading=\"lazy\"   height=\"619\" width=\"1100\" alt=\"Nach dem tragischen Ungl&#xFC;ck von Laura Dahlmeier am Laila Peak stellen sich Fragen zur Bergung ihres Leichnams &#x2013; doch die Beteiligten stehen unter Zeitdruck.\"\/>Nach dem tragischen Ungl\u00fcck von Laura Dahlmeier am Laila Peak stellen sich Fragen zur Bergung ihres Leichnams \u2013 doch die Beteiligten stehen unter Zeitdruck. \u00a9\u00a0IMAGO \/ Sven Simon\/Pond5 Images<\/p>\n<p class=\"id-StoryElement-paragraph\">Zun\u00e4chst schien es, als w\u00fcrde diesem Wunsch entsprochen werden. Doch inzwischen gibt es gegens\u00e4tzliche Signale. W\u00e4hrend Faizullah Faraq, Sprecher der Region Gilgit-Baltistan, erkl\u00e4rte: \u201eUns wurde gesagt, dass es Laura Dahlmeiers Wunsch war, ihren K\u00f6rper nach ihrem Tod auf dem Berg zur\u00fcckzulassen\u201c, verk\u00fcndete der Alpine Club of Pakistan (ACP), man plane die Bergung \u2013 vorausgesetzt, das Wetter spiele mit.<\/p>\n<p>Letzter Wunsch von Laura Dahlmeier sorgt f\u00fcr Diskussionen<\/p>\n<p class=\"id-StoryElement-paragraph\">Bergungen im Hochgebirge <a href=\"https:\/\/www.merkur.de\/sport\/wintersport\/warum-laura-dahlmeiers-rettung-misslang-hubschrauber-probleme-politische-huerden-und-wetterextreme-93861124.html\" class=\"id-import-Link\" data-id-ec=\"{&quot;sht&quot;:&quot;Container&quot;,&quot;shn&quot;:&quot;Story&quot;,&quot;p&quot;:{&quot;containerType&quot;:&quot;Paragraph&quot;,&quot;displayType&quot;:&quot;Paragraph InlineLink&quot;,&quot;type&quot;:&quot;INLINE_LINK&quot;,&quot;value&quot;:&quot;gelten als extrem riskant&quot;,&quot;variant&quot;:&quot;standardLink&quot;,&quot;sponsored&quot;:false,&quot;linkHref&quot;:&quot;https:\/\/www.merkur.de\/sport\/wintersport\/warum-laura-dahlmeiers-rettung-misslang-hubschrauber-probleme-politische-huerden-und-wetterextreme-93861124.html&quot;,&quot;storyElementPosition&quot;:14,&quot;storyElementCount&quot;:19}}\" rel=\"nofollow noopener\" target=\"_blank\">gelten als extrem riskant<\/a>. Besonders in H\u00f6henlagen wie am Laila Peak, <a href=\"https:\/\/www.merkur.de\/sport\/wintersport\/laura-dahlmeier-am-laila-peak-toedlich-verunglueckt-diese-gefahren-birgt-der-berg-in-pakistan-93859629.html\" class=\"id-import-Link\" data-id-ec=\"{&quot;sht&quot;:&quot;Container&quot;,&quot;shn&quot;:&quot;Story&quot;,&quot;p&quot;:{&quot;containerType&quot;:&quot;Paragraph&quot;,&quot;displayType&quot;:&quot;Paragraph InlineLink&quot;,&quot;type&quot;:&quot;INLINE_LINK&quot;,&quot;value&quot;:&quot;der als besonders gef&#xE4;hrlich gilt&quot;,&quot;variant&quot;:&quot;standardLink&quot;,&quot;sponsored&quot;:false,&quot;linkHref&quot;:&quot;https:\/\/www.merkur.de\/sport\/wintersport\/laura-dahlmeier-am-laila-peak-toedlich-verunglueckt-diese-gefahren-birgt-der-berg-in-pakistan-93859629.html&quot;,&quot;storyElementPosition&quot;:14,&quot;storyElementCount&quot;:19}}\" rel=\"nofollow noopener\" target=\"_blank\">der als besonders gef\u00e4hrlich gilt<\/a>, sind Piloten und Rettungsteams auf perfekte Sicht und stabile Wetterverh\u00e4ltnisse angewiesen, wenn ein Einsatz mit dem Hubschrauber erfolgen soll. Jede \u00c4nderung im Wetter kann innerhalb k\u00fcrzester Zeit zur Gefahr werden.<\/p>\n<p class=\"id-StoryElement-paragraph\">Laut Informationen aus der Region spitzt sich die Lage jedoch zu. Die Wetterlage rund um den Laila Peak verschlechtert sich in der Regel ab Anfang August drastisch. Dann sind starke Schneef\u00e4lle zu erwarten \u2013 der Berg wird bald von einer dichten Schneedecke \u00fcberzogen sein. Bedingungen, die eine sichere Bergung unm\u00f6glich machen.<\/p>\n<p>Familie, Freunde und die Biathlon-Welt: Die wichtigsten Menschen im Leben von Laura Dahlmeier <img decoding=\"async\" class=\"id-RatioPlaceholder-element wv_story_el_interstitialImage\" src=\"https:\/\/www.europesays.com\/de\/wp-content\/uploads\/2025\/08\/1754207964_290_39145128-familie-freunde-und-die-biathlon-welt-die-engsten-wegbegleiter-von-biathlon-ikone-laura-dah.jpeg\" loading=\"lazy\"   height=\"1440\" width=\"2560\" alt=\"Familie, Freunde und die Biathlon-Welt: Die engsten Wegbegleiter von Biathlon-Ikone Laura Dahlmeier.\"\/><a href=\"https:\/\/www.merkur.de\/sport\/wintersport\/von-laura-dahlmeier-familie-ex-freund-biathlon-die-wichtigsten-menschen-im-leben-zr-93859246.html\" class=\"id-StoryElement-intestitialLink-link\" data-id-ec=\"{\" shn=\"\" ansehen=\"\" data-k5a-pos=\"west_story_16_photoGalleryLink\" title=\"Zur Fotostrecke: Familie, Freunde und die Biathlon-Welt: Die wichtigsten Menschen im Leben von Laura Dahlmeier \" rel=\"nofollow noopener\" target=\"_blank\">Fotostrecke ansehen<\/a>Zeitfenster f\u00fcr eine Bergung Dahlmeiers schlie\u00dft sich: N\u00e4chste Chance wom\u00f6glich erst 2026<\/p>\n<p class=\"id-StoryElement-paragraph\">Die kommenden Tage entscheiden dar\u00fcber, ob eine Bergung \u00fcberhaupt noch in diesem Jahr m\u00f6glich ist. Sollte das Wetter eine Mission in der kurzen verbleibenden Zeit nicht zulassen, k\u00f6nnte eine R\u00fcckholung fr\u00fchestens im Mai oder Juni des kommenden Jahres erfolgen. Ob die Entscheidung \u00fcber eine Bergung letztlich von den Beh\u00f6rden oder im Sinne Dahlmeiers getroffen wird, bleibt offen. Fest steht: Die Zeit l\u00e4uft davon. (BenHot)<\/p>\n","protected":false},"excerpt":{"rendered":"Startseite Sport Wintersport Stand: 04.08.2025, 19:02 Uhr Von: Benedict Hottner DruckenTeilen Nach dem traurigen Ungl\u00fcck von Laura Dahlmeier&hellip;\n","protected":false},"author":2,"featured_media":319682,"comment_status":"","ping_status":"","sticky":false,"template":"","format":"standard","meta":{"footnotes":""},"categories":[5],"tags":[331,332,3364,29,30,13,14,15,12],"class_list":{"0":"post-319681","1":"post","2":"type-post","3":"status-publish","4":"format-standard","5":"has-post-thumbnail","7":"category-nachrichten","8":"tag-aktuelle-nachrichten","9":"tag-aktuelle-news","10":"tag-de","11":"tag-deutschland","12":"tag-germany","13":"tag-headlines","14":"tag-nachrichten","15":"tag-news","16":"tag-schlagzeilen"},"share_on_mastodon":{"url":"https:\/\/pubeurope.com\/@de\/114973452985236604","error":""},"_links":{"self":[{"href":"https:\/\/www.europesays.com\/de\/wp-json\/wp\/v2\/posts\/319681","targetHints":{"allow":["GET"]}}],"collection":[{"href":"https:\/\/www.europesays.com\/de\/wp-json\/wp\/v2\/posts"}],"about":[{"href":"https:\/\/www.europesays.com\/de\/wp-json\/wp\/v2\/types\/post"}],"author":[{"embeddable":true,"href":"https:\/\/www.europesays.com\/de\/wp-json\/wp\/v2\/users\/2"}],"replies":[{"embeddable":true,"href":"https:\/\/www.europesays.com\/de\/wp-json\/wp\/v2\/comments?post=319681"}],"version-history":[{"count":0,"href":"https:\/\/www.europesays.com\/de\/wp-json\/wp\/v2\/posts\/319681\/revisions"}],"wp:featuredmedia":[{"embeddable":true,"href":"https:\/\/www.europesays.com\/de\/wp-json\/wp\/v2\/media\/319682"}],"wp:attachment":[{"href":"https:\/\/www.europesays.com\/de\/wp-json\/wp\/v2\/media?parent=319681"}],"wp:term":[{"taxonomy":"category","embeddable":true,"href":"https:\/\/www.europesays.com\/de\/wp-json\/wp\/v2\/categories?post=319681"},{"taxonomy":"post_tag","embeddable":true,"href":"https:\/\/www.europesays.com\/de\/wp-json\/wp\/v2\/tags?post=319681"}],"curies":[{"name":"wp","href":"https:\/\/api.w.org\/{rel}","templated":true}]}}