{"id":319687,"date":"2025-08-05T01:02:13","date_gmt":"2025-08-05T01:02:13","guid":{"rendered":"https:\/\/www.europesays.com\/de\/319687\/"},"modified":"2025-08-05T01:02:13","modified_gmt":"2025-08-05T01:02:13","slug":"challenger-bonn-erster-challenger-sieg-mackenzie-versetzt-center-court-in-ekstase-%c2%b7-tennisnet-com","status":"publish","type":"post","link":"https:\/\/www.europesays.com\/de\/319687\/","title":{"rendered":"Challenger Bonn: Erster Challenger-Sieg &#8211; Mackenzie versetzt Center Court in Ekstase \u00b7 tennisnet.com"},"content":{"rendered":"<p>Am zweiten Tag der Bonn Open 2025 nutzte <strong>Jamie Mackenzie<\/strong> die gro\u00dfe B\u00fchne des Center Courts und feierte den ersten Sieg seiner Karriere bei einem Challenger-Turnier.<\/p>\n<p>                            von Daniel Hofmann<\/p>\n<p>\n                                    zuletzt bearbeitet:<br \/>\n                                    04.08.2025, 21:49 Uhr\n                                <\/p>\n<p><img loading=\"lazy\" decoding=\"async\" alt=\"Jamie Mackenzie gelingt in Bonn ein gro\u00dfer Karrieremeilenstein.\" src=\"https:\/\/www.europesays.com\/de\/wp-content\/uploads\/2025\/08\/csm_Jamie_Mackenzie_of_Germany_and_Matheus_Pucinelli_de_Almeida_of_Brasil_Breakpoint_Images-04697_3f.jpeg\" width=\"756\" height=\"426\" title=\"Jamie Mackenzie gelingt in Bonn ein gro\u00dfer Karrieremeilenstein.\"\/><\/p>\n<p>\u00a9 Breakpoint Images\/Bonn Open<\/p>\n<p>Jamie Mackenzie gelingt in Bonn ein gro\u00dfer Karrieremeilenstein.<\/p>\n<p>Am Nachmittag er\u00f6ffnete der deutsche Wildcardteilnehmer Jamie Mackenzie das Hauptfeld. Der 17-J\u00e4hrige traf auf den Brasilianer Matheus Pucinelli de Almeida, aktuell platziert auf Rang 279 im ATP-Ranking. Vor gro\u00dfer Kulisse wusste das DTB-Nachwuchstalent zu \u00fcberzeugen. Bereits nach 19 Minuten stand die Satzf\u00fchrung f\u00fcr Mackenzie auf dem Scoreboard, der seinem Kontrahenten bis dahin lediglich vier Punkte \u00fcberlie\u00df.<\/p>\n<p>Im zweiten Satz musste der Jungprofi dann nochmal kr\u00e4ftig zittern. Nach der souver\u00e4nen 5:1-F\u00fchrung kam Pucinelli de Almeida nochmal auf 5:4 heran. Doch Jamie Mackenzie bewies Nervenst\u00e4rke und servierte mit der Unterst\u00fctzung des Publikums zum Matchgewinn aus.<\/p>\n<p>Im Match des Tages verpasste Benjamin Hassan den Einzug in die zweite Runde auf der Anlage des TC Blau-Gelb Bonn-Beuel. Gegen Filip Jianu aus Rum\u00e4nien drehte der f\u00fcr den Libanon startende Saarl\u00e4nder die Partie. Nach der Satzf\u00fchrung f\u00fcr den Rum\u00e4nen setzte Hassan zwischenzeitlich zur Aufholjagd an, wurde von seinem Kontrahenten im dritten Satz jedoch gestoppt.<\/p>\n<p>Rosenkranz verpasst das Hauptfeld<\/p>\n<p>Mats Rosenkranz verpasste zuvor den Einzug in das Hauptfeld nach einem engen Schlagabtausch gegen Peter Fajta. Der geb\u00fcrtige Essener und sein Kontrahent aus Ungarn gaben im gesamten Match kein Aufschlagspiel ab. In den beiden Tiebreaks hatte jedoch Fajta stets die Nase vorn. Eine dramatische Entwicklung nahm die Partie vor allem zum Ende des zweiten Durchgangs. Rosenkranz wehrte insgesamt f\u00fcnf Matchb\u00e4lle ab, musste sich letztlich jedoch knapp 6:7(4), 6:7(10) geschlagen geben.<\/p>\n<p>Der Dienstag steht ganz im Zeichen der gro\u00dfen Namen bei den diesj\u00e4hrigen Bonn Open. Der nach der Absage von Botic van de Zandschulp topgesetzte Raphael Collignon wird ebenso auf dem Center Court aufschlagen, wie der geb\u00fcrtige Koblenzer Jan Choinski. Angesetzt sind auch die Partien des deutschen Junioren French-Open-Siegers Niels McDonald, der in der vergangenen Woche in Hagen seinen erster Sieg in einem Challenger-Hauptfeld feiern konnte, und im Match des Tages mit Diego Dedura eine weitere deutsche Nachwuchshoffnung.<\/p>\n","protected":false},"excerpt":{"rendered":"Am zweiten Tag der Bonn Open 2025 nutzte Jamie Mackenzie die gro\u00dfe B\u00fchne des Center Courts und feierte&hellip;\n","protected":false},"author":2,"featured_media":319688,"comment_status":"","ping_status":"","sticky":false,"template":"","format":"standard","meta":{"footnotes":""},"categories":[1842],"tags":[1741,3364,29,30,1209],"class_list":{"0":"post-319687","1":"post","2":"type-post","3":"status-publish","4":"format-standard","5":"has-post-thumbnail","7":"category-bonn","8":"tag-bonn","9":"tag-de","10":"tag-deutschland","11":"tag-germany","12":"tag-nordrhein-westfalen"},"share_on_mastodon":{"url":"https:\/\/pubeurope.com\/@de\/114973464557280771","error":""},"_links":{"self":[{"href":"https:\/\/www.europesays.com\/de\/wp-json\/wp\/v2\/posts\/319687","targetHints":{"allow":["GET"]}}],"collection":[{"href":"https:\/\/www.europesays.com\/de\/wp-json\/wp\/v2\/posts"}],"about":[{"href":"https:\/\/www.europesays.com\/de\/wp-json\/wp\/v2\/types\/post"}],"author":[{"embeddable":true,"href":"https:\/\/www.europesays.com\/de\/wp-json\/wp\/v2\/users\/2"}],"replies":[{"embeddable":true,"href":"https:\/\/www.europesays.com\/de\/wp-json\/wp\/v2\/comments?post=319687"}],"version-history":[{"count":0,"href":"https:\/\/www.europesays.com\/de\/wp-json\/wp\/v2\/posts\/319687\/revisions"}],"wp:featuredmedia":[{"embeddable":true,"href":"https:\/\/www.europesays.com\/de\/wp-json\/wp\/v2\/media\/319688"}],"wp:attachment":[{"href":"https:\/\/www.europesays.com\/de\/wp-json\/wp\/v2\/media?parent=319687"}],"wp:term":[{"taxonomy":"category","embeddable":true,"href":"https:\/\/www.europesays.com\/de\/wp-json\/wp\/v2\/categories?post=319687"},{"taxonomy":"post_tag","embeddable":true,"href":"https:\/\/www.europesays.com\/de\/wp-json\/wp\/v2\/tags?post=319687"}],"curies":[{"name":"wp","href":"https:\/\/api.w.org\/{rel}","templated":true}]}}