{"id":319721,"date":"2025-08-05T01:21:36","date_gmt":"2025-08-05T01:21:36","guid":{"rendered":"https:\/\/www.europesays.com\/de\/319721\/"},"modified":"2025-08-05T01:21:36","modified_gmt":"2025-08-05T01:21:36","slug":"arbeiten-an-bruecken-gehen-voran-jetzt-oberkasseler-bruecke","status":"publish","type":"post","link":"https:\/\/www.europesays.com\/de\/319721\/","title":{"rendered":"Arbeiten an Br\u00fccken gehen voran \u2013 jetzt Oberkasseler Br\u00fccke"},"content":{"rendered":"<p class=\"text_ohne_einzug richtext text-em-55 !leading-serif mx-6 desktop:mx-0\">Seit Montag ist die Oberkasseler Br\u00fccke dran: Das fast 50 Jahre alte Gel\u00e4nder erh\u00e4lt auf 1450 Metern einen Aufsatz. Damit wird die Br\u00fcstung auf 1,30 Meter erh\u00f6ht. Es ist eine von mehr als 100 Br\u00fccken in D\u00fcsseldorf, die die Stadt ert\u00fcchtigen muss, um die Wege f\u00fcr Radfahrer sicherer zu machen. Seit mehreren Jahren wandern die Arbeiten von Bauwerk zu Bauwerk \u2013 mittlerweile mit gro\u00dfen Fortschritten.<\/p>\n","protected":false},"excerpt":{"rendered":"Seit Montag ist die Oberkasseler Br\u00fccke dran: Das fast 50 Jahre alte Gel\u00e4nder erh\u00e4lt auf 1450 Metern einen&hellip;\n","protected":false},"author":2,"featured_media":319722,"comment_status":"","ping_status":"","sticky":false,"template":"","format":"standard","meta":{"footnotes":""},"categories":[1831],"tags":[3535,91113,600,7385,91117,77416,91118,3364,29,61997,3405,57423,91120,5715,91119,18858,91111,91114,91116,91115,30,27897,1209,40718,13518,91112,35918],"class_list":{"0":"post-319721","1":"post","2":"type-post","3":"status-publish","4":"format-standard","5":"has-post-thumbnail","7":"category-duesseldorf","8":"tag-bauwerk","9":"tag-bestandsgelaender","10":"tag-bruecke","11":"tag-bruecken","12":"tag-brueckenfamilie","13":"tag-brueckengelaender","14":"tag-brueckenseite","15":"tag-de","16":"tag-deutschland","17":"tag-dran","18":"tag-duesseldorf","19":"tag-erhoeht","20":"tag-ertuechtigung","21":"tag-fussgaenger","22":"tag-fussgaengerbruecken","23":"tag-gelaender","24":"tag-gelaendererhoehungen","25":"tag-gelaenderertuechtigung","26":"tag-gelaenderertuechtigungen","27":"tag-gelaenderoptimierungen","28":"tag-germany","29":"tag-heuss","30":"tag-nordrhein-westfalen","31":"tag-oberkasseler","32":"tag-radverkehr","33":"tag-radverkehrsanlagen","34":"tag-rheinkniebruecke"},"share_on_mastodon":{"url":"https:\/\/pubeurope.com\/@de\/114973539268129186","error":""},"_links":{"self":[{"href":"https:\/\/www.europesays.com\/de\/wp-json\/wp\/v2\/posts\/319721","targetHints":{"allow":["GET"]}}],"collection":[{"href":"https:\/\/www.europesays.com\/de\/wp-json\/wp\/v2\/posts"}],"about":[{"href":"https:\/\/www.europesays.com\/de\/wp-json\/wp\/v2\/types\/post"}],"author":[{"embeddable":true,"href":"https:\/\/www.europesays.com\/de\/wp-json\/wp\/v2\/users\/2"}],"replies":[{"embeddable":true,"href":"https:\/\/www.europesays.com\/de\/wp-json\/wp\/v2\/comments?post=319721"}],"version-history":[{"count":0,"href":"https:\/\/www.europesays.com\/de\/wp-json\/wp\/v2\/posts\/319721\/revisions"}],"wp:featuredmedia":[{"embeddable":true,"href":"https:\/\/www.europesays.com\/de\/wp-json\/wp\/v2\/media\/319722"}],"wp:attachment":[{"href":"https:\/\/www.europesays.com\/de\/wp-json\/wp\/v2\/media?parent=319721"}],"wp:term":[{"taxonomy":"category","embeddable":true,"href":"https:\/\/www.europesays.com\/de\/wp-json\/wp\/v2\/categories?post=319721"},{"taxonomy":"post_tag","embeddable":true,"href":"https:\/\/www.europesays.com\/de\/wp-json\/wp\/v2\/tags?post=319721"}],"curies":[{"name":"wp","href":"https:\/\/api.w.org\/{rel}","templated":true}]}}