{"id":319766,"date":"2025-08-05T01:48:14","date_gmt":"2025-08-05T01:48:14","guid":{"rendered":"https:\/\/www.europesays.com\/de\/319766\/"},"modified":"2025-08-05T01:48:14","modified_gmt":"2025-08-05T01:48:14","slug":"junkyard-saenger-david-roach-ist-tot","status":"publish","type":"post","link":"https:\/\/www.europesays.com\/de\/319766\/","title":{"rendered":"Junkyard-S\u00e4nger David Roach ist tot"},"content":{"rendered":"<p>Trauer um Junkyard-Star <\/p>\n<p>S\u00e4nger David Roach stirbt zwei Wochen nach seiner Hochzeit<\/p>\n<p>04.08.2025 &#8211; 23:55 UhrLesedauer: 2 Min.<\/p>\n<p><a href=\"#focus-0\" class=\"transition-colors duration-200 focus-within:text-magenta block text-current relative\" data-sctrack=\"FocusGalleryImage.Reference\"><img fetchpriority=\"high\" data-testid=\"Opener.Image\" style=\"--lqipURL:url('https:\/\/images.t-online.de\/2025\/08\/b2G7a6-xUH9T\/139x26:501x282\/fit-in\/150x0\/filters:blur(25)\/david-roach-der-junkyard-saenger-ist-tot.jpg')\"   loading=\"eager\" src=\"https:\/\/www.europesays.com\/de\/wp-content\/uploads\/2025\/08\/david-roach-der-junkyard-saenger-ist-tot.jpg\" alt=\"David Roach: Der Junkyard-S\u00e4nger ist tot.\" title=\"David Roach: Der Junkyard-S\u00e4nger ist tot.\" width=\"501\" height=\"282\" class=\"bg-[url:var(--lqipURL)] bg-cover bg-center flex h-full w-full max-w-full\" decoding=\"async\"\/><img style=\"--width:32;--height:32\" loading=\"lazy\" src=\"https:\/\/www.t-online.de\/s\/paper\/_next\/static\/media\/zoom-in.f7dae02f.svg\" alt=\"Vergr\u00f6\u00dfern des Bildes\" title=\"Vergr\u00f6\u00dfern des Bildes\" class=\"block h-[calc(var(--height)_\/_16_*_1rem)] w-[calc(var(--width)_\/_16_*_1rem)] max-w-none absolute bottom-8 right-8 rounded-4 bg-snow p-8\" decoding=\"async\"\/><\/a><\/p>\n<p>David Roach: Der Junkyard-S\u00e4nger ist tot. (Quelle: facebook.com\/junkyardhollywood)<\/p>\n<p class=\"font-bold text-18 leading-17\">Im Juni hatte der Frontmann der Band Junkyard seine Krebsdiagnose publik gemacht. Nun ist David Roach im Alter von 59 Jahren gestorben.<\/p>\n<p class=\"text-18 leading-17\">In den Achtzigern wurde David\u202fRoach als Mitbegr\u00fcnder und Frontmann der kalifornischen Hardrock-Band Junkyard mit Songs wie &#8222;Simple Man&#8220; und &#8222;Hollywood&#8220; bekannt. Am Wochenende musste die Gruppe ihren Fans traurige Nachrichten mitteilen: Der S\u00e4nger ist tot.<\/p>\n<p class=\"text-18 leading-17\">&#8222;Nach einem mutigen Kampf gegen den Krebs ist David letzte Nacht friedlich zu Hause im Kreise seiner Familie gestorben&#8220;, schreiben die Musiker aus <a class=\"transition-colors duration-200 cursor-pointer text-inherit no-underline text-salemsfur md:hover:text-magenta md:hover:border-magenta md:focus:text-magenta border-current border-b border-solid break-words\" href=\"https:\/\/www.t-online.de\/themen\/los-angeles\/\" data-sctrack=\"BodyAnchor\" target=\"_blank\" rel=\"noopener\">Los Angeles<\/a> bei Instagram. Der 59-J\u00e4hrige sei ein begnadeter K\u00fcnstler, Performer, Songwriter und S\u00e4nger gewesen \u2013 &#8222;aber vor allem ein hingebungsvoller Vater, Ehemann und Bruder&#8220;.<\/p>\n<p class=\"text-18 leading-17\">Erst vor zwei Wochen hatte David\u202fRoach seine Partnerin Jennifer geheiratet. In dem Post sieht man ein Foto der Trauung, die am 20. Juli stattfand, neben einem des S\u00e4ngers in Schwarz-Wei\u00df.<\/p>\n<p class=\"text-18 leading-17\">Im Juni hatte das Paar die Diagnose publik gemacht, die Roach einige Monate zuvor erhalten hatte. Bei dem Rocker war ein Plattenepithelkarzinom, eine aggressive Form von Hautkrebs, im Bereich des Kopfes, Nackens und Halses entdeckt worden.<\/p>\n<p class=\"text-18 leading-17\">Die Nachricht habe ihre &#8222;Welt v\u00f6llig ersch\u00fcttert&#8220;, schrieben die beiden damals bei Instagram. Die Diagnose sei verheerend und lebensver\u00e4ndernd, &#8222;doch David zeigt eine unglaubliche St\u00e4rke und Widerstandsf\u00e4higkeit, und selbst inmitten dieser Dunkelheit gelingt es ihm, seinen Sinn f\u00fcr Humor zu bewahren&#8220;.<\/p>\n<p class=\"text-18 leading-17\">Das Paar gab sich in dem Beitrag hoffnungsvoll und in einem Update Ende Juli &#8222;optimistisch, dass wir in den n\u00e4chsten Tagen aus dem Krankenhaus nach Hause kommen k\u00f6nnen&#8220;. Mit der Hochzeit, an der auch die anderen Bandmitglieder teilnahmen, wollten sie ihren neuen Lebensabschnitt einleiten. Doch zwei Wochen sp\u00e4ter starb David Roach.<\/p>\n","protected":false},"excerpt":{"rendered":"Trauer um Junkyard-Star S\u00e4nger David Roach stirbt zwei Wochen nach seiner Hochzeit 04.08.2025 &#8211; 23:55 UhrLesedauer: 2 Min.&hellip;\n","protected":false},"author":2,"featured_media":319767,"comment_status":"","ping_status":"","sticky":false,"template":"","format":"standard","meta":{"footnotes":""},"categories":[155],"tags":[91125,29,214,30,683,152,21377,7893,215],"class_list":{"0":"post-319766","1":"post","2":"type-post","3":"status-publish","4":"format-standard","5":"has-post-thumbnail","7":"category-unterhaltung","8":"tag-david-roach","9":"tag-deutschland","10":"tag-entertainment","11":"tag-germany","12":"tag-hollywood","13":"tag-instagram","14":"tag-krebsdiagnose","15":"tag-los-angeles","16":"tag-unterhaltung"},"share_on_mastodon":{"url":"https:\/\/pubeurope.com\/@de\/114973645446138720","error":""},"_links":{"self":[{"href":"https:\/\/www.europesays.com\/de\/wp-json\/wp\/v2\/posts\/319766","targetHints":{"allow":["GET"]}}],"collection":[{"href":"https:\/\/www.europesays.com\/de\/wp-json\/wp\/v2\/posts"}],"about":[{"href":"https:\/\/www.europesays.com\/de\/wp-json\/wp\/v2\/types\/post"}],"author":[{"embeddable":true,"href":"https:\/\/www.europesays.com\/de\/wp-json\/wp\/v2\/users\/2"}],"replies":[{"embeddable":true,"href":"https:\/\/www.europesays.com\/de\/wp-json\/wp\/v2\/comments?post=319766"}],"version-history":[{"count":0,"href":"https:\/\/www.europesays.com\/de\/wp-json\/wp\/v2\/posts\/319766\/revisions"}],"wp:featuredmedia":[{"embeddable":true,"href":"https:\/\/www.europesays.com\/de\/wp-json\/wp\/v2\/media\/319767"}],"wp:attachment":[{"href":"https:\/\/www.europesays.com\/de\/wp-json\/wp\/v2\/media?parent=319766"}],"wp:term":[{"taxonomy":"category","embeddable":true,"href":"https:\/\/www.europesays.com\/de\/wp-json\/wp\/v2\/categories?post=319766"},{"taxonomy":"post_tag","embeddable":true,"href":"https:\/\/www.europesays.com\/de\/wp-json\/wp\/v2\/tags?post=319766"}],"curies":[{"name":"wp","href":"https:\/\/api.w.org\/{rel}","templated":true}]}}