{"id":319788,"date":"2025-08-05T02:00:27","date_gmt":"2025-08-05T02:00:27","guid":{"rendered":"https:\/\/www.europesays.com\/de\/319788\/"},"modified":"2025-08-05T02:00:27","modified_gmt":"2025-08-05T02:00:27","slug":"nrw-talentzentrum-zeichnet-gelsenkirchener-stadtraetin-aus","status":"publish","type":"post","link":"https:\/\/www.europesays.com\/de\/319788\/","title":{"rendered":"NRW-Talentzentrum zeichnet Gelsenkirchener Stadtr\u00e4tin aus"},"content":{"rendered":"<p class=\"font-sans font-medium\">Gelsenkirchen. Anne Heselhaus wurde f\u00fcr ihr Engagement f\u00fcr Chancengleichheit und Bildungsinnovation mit dem Award \u201eTalentscout ehrenhalber\u201c ausgezeichnet.<\/p>\n<p class=\"\">Die Gelsenkirchener Stadtr\u00e4tin Anne Heselhaus ist vom NRW-Zentrum f\u00fcr Talentf\u00f6rderung der Westf\u00e4lischen Hochschule mit dem Ehrenpreis \u201eNRW-Talentscout ehrenhalber\u201c ausgezeichnet worden. Gew\u00fcrdigt wurde ihr langj\u00e4hriges Engagement f\u00fcr Chancengerechtigkeit und Bildungsinnovationen. Heselhaus verantwortet als Stadtr\u00e4tin die Bereiche Kultur, Bildung, Jugend, Sport und Integration. <\/p>\n<p> Auszeichnung f\u00fcr Gelsenkirchener Stadtr\u00e4tin <\/p>\n<p class=\"\">In verschiedenen Leitungsfunktionen habe sie ma\u00dfgeblich dazu beigetragen, innovative Formen der Talentf\u00f6rderung mit bestehenden Bildungs- und Ausbildungsstrukturen zu verkn\u00fcpfen und neue Wege der Zusammenarbeit zu schaffen, hei\u00dft es vom\u00a0NRW-Zentrum f\u00fcr Talentf\u00f6rderung. Als fr\u00fchere Polizeipr\u00e4sidentin in <a href=\"https:\/\/www.waz.de\/lokales\/gelsenkirchen\/\" target=\"_blank\" rel=\"nofollow noopener\">Gelsenkirchen<\/a> initiierte sie das bundesweit erste polizeiliche Talentscouting. Ziel war es, jungen Menschen unabh\u00e4ngig von ihrer sozialen Herkunft Informationen \u00fcber Ausbildungsm\u00f6glichkeiten und Zugangsvoraussetzungen bei der Polizei bereitzustellen und sie f\u00fcr den Beruf zu begeistern. In ihrer aktuellen Funktion unterst\u00fctzte sie zudem ma\u00dfgeblich den Aufbau des TalentKolleg Ruhr in Gelsenkirchen.<\/p>\n<p>    Mehr Nachrichten aus Gelsenkirchen<\/p>\n<p class=\"\"><a href=\"https:\/\/www.waz.de\/lokales\/article403822853\/gelsenkirchen-talente-entdecken-die-die-armut-verdeckt.html\" data-category-full-path=\"https:\/\/www.waz.de\/lokales\/\" data-paid-status=\"default\" data-article-publish-date=\"1672663835\" rel=\"nofollow noopener\" target=\"_blank\">Marcus Kottmann<\/a>, Leiter des NRW-Zentrums f\u00fcr Talentf\u00f6rderung, betonte in seiner Laudatio die Bedeutung von Innovation im Bildungsbereich: \u201eDie Etablierung innovativer Formate der Talentf\u00f6rderung ist gerade im Ruhrgebiet zwar gleicherma\u00dfen notwendig wie zukunftsweisend, gleichzeitig aber weder selbstverst\u00e4ndlich noch ein Selbstl\u00e4ufer. Anne Heselhaus setzt sich \u00fcber einen langen Zeitraum mit hoher Verbindlichkeit aktiv f\u00fcr neue Formen der Zusammenarbeit im Bildungs- und Ausbildungssystem abseits eingetretener Pfade ein und macht mit ihrem herausragenden Einsatz Innovationen vielfach erst m\u00f6glich.\u201c<\/p>\n<p> \u201eGute Bildung ist Fundament f\u00fcr gelingende Zukunft\u201c <\/p>\n<p class=\"\">Anne Heselhaus sagt: \u201eEine gute Bildung ist das Fundament f\u00fcr eine gelingende Zukunft \u2013 auch und gerade hier in Gelsenkirchen. Entscheidend ist nicht, woher jemand kommt, sondern wohin er geht, und ihn auf diesem Weg fr\u00fchzeitig bestm\u00f6glich zu unterst\u00fctzen. Das gelingt durch die Formate der Talentf\u00f6rderung mit ihrem innovativen Ansatz in ganz besonderem Ma\u00dfe. Deshalb werde ich mich auch weiterhin f\u00fcr ihre Umsetzung einsetzen, um Bedingungen zu schaffen, dass sich pers\u00f6nliche Potenziale entfalten k\u00f6nnen \u2013 unabh\u00e4ngig von den jeweiligen sozialen Voraussetzungen und dem Geldbeutel.\u201c<\/p>\n<p class=\"\"><strong>Sie wollen keine Nachricht aus Gelsenkirchen verpassen? <a href=\"https:\/\/www.waz.de\/staedte\/gelsenkirchen\/article229659256\/Gelsenkirchen-So-abonnieren-Sie-unseren-WAZ-Newsletter.html\" data-category-full-path=\"\/staedte\/gelsenkirchen\/\" data-paid-status=\"free\" data-article-publish-date=\"1596115466\" rel=\"nofollow noopener\" target=\"_blank\">Abonnieren Sie hier unseren t\u00e4glichen Newsletter<\/a>. Mehr aus unserer Lokalredaktion gibt es auf unseren <a href=\"https:\/\/www.facebook.com\/WAZGelsenkirchen\/?locale=de_DE\" target=\"_blank\" rel=\"nofollow noopener\">Facebook<\/a>&#8211; und <a href=\"https:\/\/www.instagram.com\/waz_gelsenkirchen\/\" target=\"_blank\" rel=\"nofollow noopener\">Instagram-Kan\u00e4len.<\/a> Abonnieren Sie auch unser t\u00e4gliches, kostenloses News-Update auf <a href=\"https:\/\/www.waz.de\/staedte\/gelsenkirchen\/article241929358\/Neu-bei-WhatsApp-Jetzt-die-WAZ-Gelsenkirchen-abonnieren.html\" data-category-full-path=\"\/staedte\/gelsenkirchen\/\" data-paid-status=\"default\" data-article-publish-date=\"1711449600\" rel=\"nofollow noopener\" target=\"_blank\">WhatsApp<\/a>. Oder besuchen Sie die WAZ Gelsenkirchen jetzt auf <a href=\"https:\/\/www.tiktok.com\/@waz_gelsenkirchen?lang=de-DE\" target=\"_blank\" rel=\"nofollow noopener\">TikTok<\/a>. <\/strong><\/p>\n<p>   Gelsenkirchen-Newsletter: Jetzt anmelden!<\/p>\n<p class=\"text-body2 mt-2\">Nachrichten, Service, Reportagen: Jeden Tag wissen, was in unserer Stadt los ist.<\/p>\n<p class=\"text-caption text-copy-secondary\">\n          Mit meiner Anmeldung zum Newsletter stimme ich der<br \/>\n          <a href=\"https:\/\/www.waz.de\/services\/newsletter-adconsent\" class=\"text-overline text-copy-accent-negative dark:underline\" rel=\"nofollow noopener\" target=\"_blank\">Werbevereinbarung<\/a><br \/>\n          zu.\n        <\/p>\n<p class=\"\">Das <a href=\"https:\/\/www.waz.de\/lokales\/gelsenkirchen\/article409073474\/zehn-jahre-talentfoerderung-wie-gelsenkirchen-vorbild-wurde.html\" data-category-full-path=\"https:\/\/www.waz.de\/lokales\/gelsenkirchen\/\" data-paid-status=\"free\" data-article-publish-date=\"1747828729\" rel=\"nofollow noopener\" target=\"_blank\">Talentscouting-Programm<\/a> richtet sich an Jugendliche und junge Erwachsene \u2013 unabh\u00e4ngig von Herkunft oder famili\u00e4rem Bildungshintergrund \u2013 und soll ihnen den Weg in Ausbildung und Studium ebnen. Mit dem Ehrenpreis werden Pers\u00f6nlichkeiten ausgezeichnet, die sich in besonderer Weise f\u00fcr die Ziele des Programms einsetzen.<\/p>\n<p>  <script async src=\"\/\/www.instagram.com\/embed.js\"><\/script><script async src=\"\/\/www.tiktok.com\/embed.js\"><\/script><\/p>\n","protected":false},"excerpt":{"rendered":"Gelsenkirchen. Anne Heselhaus wurde f\u00fcr ihr Engagement f\u00fcr Chancengleichheit und Bildungsinnovation mit dem Award \u201eTalentscout ehrenhalber\u201c ausgezeichnet. Die&hellip;\n","protected":false},"author":2,"featured_media":319789,"comment_status":"","ping_status":"","sticky":false,"template":"","format":"standard","meta":{"footnotes":""},"categories":[1848],"tags":[3364,29,548,663,3934,3658,30,13,14,15,1209,12],"class_list":{"0":"post-319788","1":"post","2":"type-post","3":"status-publish","4":"format-standard","5":"has-post-thumbnail","7":"category-gelsenkirchen","8":"tag-de","9":"tag-deutschland","10":"tag-eu","11":"tag-europa","12":"tag-europe","13":"tag-gelsenkirchen","14":"tag-germany","15":"tag-headlines","16":"tag-nachrichten","17":"tag-news","18":"tag-nordrhein-westfalen","19":"tag-schlagzeilen"},"share_on_mastodon":{"url":"https:\/\/pubeurope.com\/@de\/114973692589741382","error":""},"_links":{"self":[{"href":"https:\/\/www.europesays.com\/de\/wp-json\/wp\/v2\/posts\/319788","targetHints":{"allow":["GET"]}}],"collection":[{"href":"https:\/\/www.europesays.com\/de\/wp-json\/wp\/v2\/posts"}],"about":[{"href":"https:\/\/www.europesays.com\/de\/wp-json\/wp\/v2\/types\/post"}],"author":[{"embeddable":true,"href":"https:\/\/www.europesays.com\/de\/wp-json\/wp\/v2\/users\/2"}],"replies":[{"embeddable":true,"href":"https:\/\/www.europesays.com\/de\/wp-json\/wp\/v2\/comments?post=319788"}],"version-history":[{"count":0,"href":"https:\/\/www.europesays.com\/de\/wp-json\/wp\/v2\/posts\/319788\/revisions"}],"wp:featuredmedia":[{"embeddable":true,"href":"https:\/\/www.europesays.com\/de\/wp-json\/wp\/v2\/media\/319789"}],"wp:attachment":[{"href":"https:\/\/www.europesays.com\/de\/wp-json\/wp\/v2\/media?parent=319788"}],"wp:term":[{"taxonomy":"category","embeddable":true,"href":"https:\/\/www.europesays.com\/de\/wp-json\/wp\/v2\/categories?post=319788"},{"taxonomy":"post_tag","embeddable":true,"href":"https:\/\/www.europesays.com\/de\/wp-json\/wp\/v2\/tags?post=319788"}],"curies":[{"name":"wp","href":"https:\/\/api.w.org\/{rel}","templated":true}]}}