{"id":319943,"date":"2025-08-05T03:23:15","date_gmt":"2025-08-05T03:23:15","guid":{"rendered":"https:\/\/www.europesays.com\/de\/319943\/"},"modified":"2025-08-05T03:23:15","modified_gmt":"2025-08-05T03:23:15","slug":"mannheim-restaurant-lindbergh-am-city-airport-ist-insolvent-mannheim-und-metropolregion-rhein-neckar-nachrichten-und-aktuelles","status":"publish","type":"post","link":"https:\/\/www.europesays.com\/de\/319943\/","title":{"rendered":"Mannheim: Restaurant Lindbergh am City Airport ist insolvent &#8211; Mannheim und Metropolregion Rhein-Neckar &#8211; Nachrichten und Aktuelles"},"content":{"rendered":"<p>Der Betrieb l\u00e4uft weiter.\u00a0Die L\u00f6hne und Geh\u00e4lter der 50 Mitarbeiter sind gesichert.<\/p>\n<p>Mannheim. (RNZ) Die Gesch\u00e4ftsleitung des Restaurants Lindberghs am Flughafen in Neuostheim hat am 25. Juli beim zust\u00e4ndigen Amtsgericht Mannheim einen Antrag auf Er\u00f6ffnung des Insolvenzverfahrens gestellt. Das Insolvenzgericht bestellte den Mannheimer Rechtsanwalt Tobias Wahl von der Kanzlei Anchor Rechtsanw\u00e4lte zum vorl\u00e4ufigen Insolvenzverwalter. <\/p>\n<p>Der Gesch\u00e4ftsbetrieb laufe<\/p>\n<p>                    Weiterlesen mit <img loading=\"lazy\" decoding=\"async\" src=\"https:\/\/www.rnz.de\/pu_rnz_2021\/assets\/img\/rnz-plus.svg\" alt=\"Plus\" class=\"ms-1\" width=\"52\" height=\"20\"\/><\/p>\n<ul class=\"nfy-custom-list list-unstyled nfy-check-list\">\n<li class=\"lh-lg\">\n                                 Alle Artikel lesen mit RNZ+\n                            <\/li>\n<li class=\"lh-lg\">\n                                 Exklusives Trauerportal mit RNZ+\n                            <\/li>\n<li class=\"lh-lg\">\n                                 Weniger Werbung mit RNZ+\n                            <\/li>\n<\/ul>\n<p>Dieser Artikel wurde geschrieben von:<\/p>\n<p><a href=\"https:\/\/www.rnz.de\/autoren\/olivia-kaiser-40\" title=\"Mannheim-Redakteurin  Olivia Kaiser\" rel=\"nofollow noopener\" target=\"_blank\"><img decoding=\"async\" src=\"https:\/\/www.europesays.com\/de\/wp-content\/uploads\/2025\/08\/450599_2_authorpicture_ok.jpg\" class=\"img-fluid rounded-circle\" width=\"100\" height=\"100\" loading=\"lazy\"\/><\/a><\/p>\n","protected":false},"excerpt":{"rendered":"Der Betrieb l\u00e4uft weiter.\u00a0Die L\u00f6hne und Geh\u00e4lter der 50 Mitarbeiter sind gesichert. Mannheim. (RNZ) Die Gesch\u00e4ftsleitung des Restaurants&hellip;\n","protected":false},"author":2,"featured_media":319944,"comment_status":"","ping_status":"","sticky":false,"template":"","format":"standard","meta":{"footnotes":""},"categories":[1845],"tags":[1634,3364,29,548,663,3934,30,13,2096,17870,14,15,12],"class_list":{"0":"post-319943","1":"post","2":"type-post","3":"status-publish","4":"format-standard","5":"has-post-thumbnail","7":"category-mannheim","8":"tag-baden-wuerttemberg","9":"tag-de","10":"tag-deutschland","11":"tag-eu","12":"tag-europa","13":"tag-europe","14":"tag-germany","15":"tag-headlines","16":"tag-mannheim","17":"tag-mannheim-metropolregion-nordbaden-rhein-neckart-rhein-neckar-pfalz-vorderpfalz","18":"tag-nachrichten","19":"tag-news","20":"tag-schlagzeilen"},"share_on_mastodon":{"url":"https:\/\/pubeurope.com\/@de\/114974019177512323","error":""},"_links":{"self":[{"href":"https:\/\/www.europesays.com\/de\/wp-json\/wp\/v2\/posts\/319943","targetHints":{"allow":["GET"]}}],"collection":[{"href":"https:\/\/www.europesays.com\/de\/wp-json\/wp\/v2\/posts"}],"about":[{"href":"https:\/\/www.europesays.com\/de\/wp-json\/wp\/v2\/types\/post"}],"author":[{"embeddable":true,"href":"https:\/\/www.europesays.com\/de\/wp-json\/wp\/v2\/users\/2"}],"replies":[{"embeddable":true,"href":"https:\/\/www.europesays.com\/de\/wp-json\/wp\/v2\/comments?post=319943"}],"version-history":[{"count":0,"href":"https:\/\/www.europesays.com\/de\/wp-json\/wp\/v2\/posts\/319943\/revisions"}],"wp:featuredmedia":[{"embeddable":true,"href":"https:\/\/www.europesays.com\/de\/wp-json\/wp\/v2\/media\/319944"}],"wp:attachment":[{"href":"https:\/\/www.europesays.com\/de\/wp-json\/wp\/v2\/media?parent=319943"}],"wp:term":[{"taxonomy":"category","embeddable":true,"href":"https:\/\/www.europesays.com\/de\/wp-json\/wp\/v2\/categories?post=319943"},{"taxonomy":"post_tag","embeddable":true,"href":"https:\/\/www.europesays.com\/de\/wp-json\/wp\/v2\/tags?post=319943"}],"curies":[{"name":"wp","href":"https:\/\/api.w.org\/{rel}","templated":true}]}}