{"id":320414,"date":"2025-08-05T07:48:23","date_gmt":"2025-08-05T07:48:23","guid":{"rendered":"https:\/\/www.europesays.com\/de\/320414\/"},"modified":"2025-08-05T07:48:23","modified_gmt":"2025-08-05T07:48:23","slug":"2025-2026-deine-jahre-voller-chancen-netzwerke-erlebnisse-mit-lw-group","status":"publish","type":"post","link":"https:\/\/www.europesays.com\/de\/320414\/","title":{"rendered":"2025\/2026 &#8211; Deine Jahre voller Chancen, Netzwerke &#038; Erlebnisse mit L&#038;W Group"},"content":{"rendered":"<p class=\"date\">05.08.2025 \u2013 08:00<\/p>\n<p class=\"customer\">\n                        <a class=\"story-customer\" title=\"weiter zum newsroom von L&amp;W CONSOLIDATION GmbH\" href=\"https:\/\/www.presseportal.de\/nr\/180029\" target=\"_blank\" rel=\"noopener\">L&amp;W CONSOLIDATION GmbH<\/a>\n                    <\/p>\n<p><a class=\"glightbox event-trigger\" href=\"https:\/\/cache.pressmailing.net\/thumbnail\/story_hires\/e29a9c53-31ca-44fe-b14b-3b136f39512a\/L&amp;W%20Header.jpg.jpg\" data-description=\"Header mit Team und Slogan&#010;\u00a9 2025 L&amp;W CONSOLIDATION GmbH - v.l.n.r.: Florian Wey (CEO), Robin M\u00fchleib (Prokurist), Oliver Kirch (Prokurist), Carmen Lindgens (CEO). \/ Weiterer Text \u00fcber ots und www.presseportal.de\/nr\/180029 \/ Die Verwendung dieses Bildes f\u00fcr redaktionelle Zwecke ist unter Beachtung aller mitgeteilten Nutzungsbedingungen zul\u00e4ssig und dann auch honorarfrei. Ver\u00f6ffentlichung ausschlie\u00dflich mit Bildrechte-Hinweis.\" data-category=\"medialightbox\" data-action=\"click\" data-label=\"single\" data-value=\"6890a926270000fd2c1fca36\" target=\"_blank\" rel=\"noopener\"><img decoding=\"async\" height=\"540\" with=\"720\" src=\"https:\/\/www.europesays.com\/de\/wp-content\/uploads\/2025\/08\/2025-2026-deine-jahre-voller-chancen-netzwerke-erlebnisse-mit-l-w-group.jpeg\"   alt=\"2025\/2026 - Deine Jahre voller Chancen, Netzwerke &amp; Erlebnisse mit L&amp;W Group\" class=\"single\"\/><\/a><\/p>\n<p><a data-category=\"citylink-story-view\" data-action=\"click\" data-label=\"Citylink in Meldungsansicht\" class=\"story-city event-trigger\" href=\"https:\/\/www.presseportal.de\/regional\/Duisburg\" title=\"News aus Duisburg \" target=\"_blank\" rel=\"noopener\">Duisburg<\/a> (ots)<\/p>\n<p> 2025 und 2026 werden gro\u00df. <\/p>\n<p> Nicht nur, weil wir als  <a target=\"_blank\" class=\"uri-ext outbound\" rel=\"noopener\" href=\"https:\/\/lwconsolid.de\/\">L&amp;W CONSOLIDATION GmbH<\/a>,  <a target=\"_blank\" class=\"uri-ext outbound\" rel=\"noopener\" href=\"https:\/\/avivar.de\/\">avivar experts GmbH<\/a>, <a target=\"_blank\" class=\"uri-ext outbound\" rel=\"noopener\" href=\"https:\/\/lwconsolid.de\/akademie\/\">L&amp;W Akademie<\/a> und  <a target=\"_blank\" class=\"uri-ext outbound\" rel=\"noopener\" href=\"https:\/\/www.youtube.com\/@florianwey\">Florian Wey<\/a> die Weichen f\u00fcr die Zukunft stellen, sondern weil wir dir jede Menge M\u00f6glichkeiten geben, dich zu vernetzen, zu wachsen und Gutes zu tun. <\/p>\n<p> Ob spannende Seminare, Karrieretage, exklusive Netzwerktreffen, die wir neu ins Leben rufen, oder die Charity-Events der Lions Concordia &#8211; dieses Jahr steckt voller Highlights. <\/p>\n<p><b>Sei dabei und mach 2025 &amp; 2026 zu deinen Jahren!<\/b><\/p>\n<p><b>Triff uns 2025 live &#8211; quer durch Deutschland!<\/b><\/p>\n<p> Wir bringen Expertise, Impulse und Herz dorthin, wo Menschen sich begegnen. <\/p>\n<p> Ob Karrieretag in Berlin, CSR-Konferenz in K\u00f6nigstein, Speaker-Events in Frankfurt oder Resilienztraining in Duisburg &#8211; wir sind \u00fcberall dort, wo Zukunft gestaltet wird. <\/p>\n<p><b>Triff uns live<\/b> in Wuppertal, Essen, D\u00fcsseldorf, Bremen, Berlin, Kiel, Hamburg, M\u00fcnchen, N\u00fcrnberg, Dresden u. v. m. &#8211; mit einem L\u00e4cheln, einem offenen Ohr und jeder Menge Expertise! <\/p>\n<p> <a target=\"_blank\" class=\"uri-ext outbound\" rel=\"noopener\" href=\"https:\/\/lwconsolid.de\/akademie\/\"><b>Alle Termine auf einen Blick &#8211; save the dates!<\/b><\/a><\/p>\n<p><b>Event-Highlights 2025\/2026<\/b><\/p>\n<p><b>Karrieretage &#8211; wir sind deutschlandweit f\u00fcr dich da<\/b><\/p>\n<p> Ob als Gast, Coach oder Speaker &#8211; bei den Karrieretagen sind wir live vor Ort, um Menschen mit Chancen zu verbinden. <\/p>\n<p><b>Save the Dates (alle 10:30 &#8211; 16:00 Uhr):<\/b><\/p>\n<p><b>Sep:<\/b>  <a target=\"_blank\" class=\"uri-ext outbound\" rel=\"noopener\" href=\"https:\/\/www.karrieretag.org\/wuppertal\/\">Wuppertal<\/a> &#8211;  <a target=\"_blank\" class=\"uri-ext outbound\" rel=\"noopener\" href=\"https:\/\/www.karrieretag.org\/essen\/\">Essen<\/a> &#8211;  <a target=\"_blank\" class=\"uri-ext outbound\" rel=\"noopener\" href=\"https:\/\/www.karrieretag.org\/duesseldorf\/\">D\u00fcsseldorf <\/a>&#8211;  <a target=\"_blank\" class=\"uri-ext outbound\" rel=\"noopener\" href=\"https:\/\/www.karrieretag.org\/bremen\/\">Bremen<\/a> (CEO Flo: Speech &#8222;Happy End gibt&#8217;s nur in Hollywood&#8220;) &#8211;  <a target=\"_blank\" class=\"uri-ext outbound\" rel=\"noopener\" href=\"https:\/\/www.karrieretag.org\/stuttgart\/\">Stuttgart<\/a><\/p>\n<p><b>Okt:<\/b> <a target=\"_blank\" class=\"uri-ext outbound\" rel=\"noopener\" href=\"https:\/\/www.karrieretag.org\/berlin\/\">Berlin<\/a> &#8211;  <a target=\"_blank\" class=\"uri-ext outbound\" rel=\"noopener\" href=\"https:\/\/www.karrieretag.org\/kiel\/\">Kiel<\/a> (Vortrag &amp; Coaching) &#8211;  <a target=\"_blank\" class=\"uri-ext outbound\" rel=\"noopener\" href=\"https:\/\/www.karrieretag.org\/bonn\/\">Bonn<\/a> &#8211;  <a target=\"_blank\" class=\"uri-ext outbound\" rel=\"noopener\" href=\"https:\/\/www.karrieretag.org\/hamburg\/\">Hamburg <\/a>&#8211;  <a target=\"_blank\" class=\"uri-ext outbound\" rel=\"noopener\" href=\"https:\/\/www.karrieretag.org\/karlsruhe\/\">Karlsruhe<\/a> &#8211;  <a target=\"_blank\" class=\"uri-ext outbound\" rel=\"noopener\" href=\"https:\/\/www.karrieretag.org\/nuernberg\/\">N\u00fcrnberg<\/a><\/p>\n<p><b>Nov:<\/b>  <a target=\"_blank\" class=\"uri-ext outbound\" rel=\"noopener\" href=\"https:\/\/www.karrieretag.org\/hannover\/\">Hannover<\/a> &#8211;  <a target=\"_blank\" class=\"uri-ext outbound\" rel=\"noopener\" href=\"https:\/\/www.karrieretag.org\/frankfurt\/\">Frankfurt<\/a> &#8211;  <a target=\"_blank\" class=\"uri-ext outbound\" rel=\"noopener\" href=\"https:\/\/www.karrieretag.org\/koblenz\/\">Koblenz<\/a> &#8211;  <a target=\"_blank\" class=\"uri-ext outbound\" rel=\"noopener\" href=\"https:\/\/www.karrieretag.org\/dresden\/\">Dresden<\/a> (Vortrag &amp; Coaching) &#8211;  <a target=\"_blank\" class=\"uri-ext outbound\" rel=\"noopener\" href=\"https:\/\/www.karrieretag.org\/muenchen\/\">M\u00fcnchen <\/a>&#8211;  <a target=\"_blank\" class=\"uri-ext outbound\" rel=\"noopener\" href=\"https:\/\/www.karrieretag.org\/aachen\/\">Aachen<\/a><\/p>\n<p><b>Dez:<\/b>  <a target=\"_blank\" class=\"uri-ext outbound\" rel=\"noopener\" href=\"https:\/\/www.karrieretag.org\/dortmund\/\">Dortmund<\/a><\/p>\n<p> <a target=\"_blank\" class=\"uri-ext outbound\" rel=\"noopener\" href=\"https:\/\/www.karrieretag.org\/\"><b>Hier mehr erfahren &amp; anmelden<\/b><\/a><\/p>\n<p><b>Keynotes &amp; Speaker-Events &#8211; Impulse, die bewegen<\/b><\/p>\n<p> Hier steht Florian Wey auf der B\u00fchne &#8211; mit Themen, die begeistern und bewegen. <\/p>\n<p> Wenn du Inspiration suchst, bist du hier richtig: <\/p>\n<p> &#8211; 13. Sep, K\u00f6nigstein &#8211;  <a target=\"_blank\" class=\"uri-ext outbound\" rel=\"noopener\" href=\"https:\/\/www.google.com\/url?q=https%3A%2F%2Fgood-people-conference.com%2F&amp;sa=D&amp;ust=1754735580000000&amp;usg=AOvVaw2r97uDMn8blEXPJOLPdCFi\">Good People Conference 2025:<\/a> CSR &amp; Unternehmenskultur der Zukunft <\/p>\n<p> &#8211; 24. Sep, Kassel &#8211;  <a target=\"_blank\" class=\"uri-ext outbound\" rel=\"noopener\" href=\"https:\/\/www.eventbrite.de\/e\/nacht-der-redner-live-in-kassel-tickets-1367720933129\">Nacht der Redner<\/a><\/p>\n<p> &#8211; 5. Okt, Frankfurt &#8211; Mach keinen Fisch zum Vogel &#8211; <a target=\"_blank\" class=\"uri-ext outbound\" rel=\"noopener\" href=\"https:\/\/annabellwhitney.de\/termine\/\">Speakers on Stage<\/a><\/p>\n<p> &#8211; 4. Nov, Kassel &#8211;  <a target=\"_blank\" class=\"uri-ext outbound\" rel=\"noopener\" href=\"https:\/\/www.google.com\/url?q=https%3A%2F%2Fwww.eventbrite.de%2Fe%2Fnacht-der-redner-live-in-kassel-tickets-1537635843199&amp;sa=D&amp;ust=1754735580000000&amp;usg=AOvVaw1a-vveJ3INwmmDGl1uQbLg\">Nacht der Redner<\/a><\/p>\n<p> &#8211; 12. Dez, D\u00fcsseldorf &#8211;  <a target=\"_blank\" class=\"uri-ext outbound\" rel=\"noopener\" href=\"https:\/\/lwconsolid.de\/mindoverbullshit\/\">Speaker-Event Mind over Bullshit<\/a><\/p>\n<p><b>Seminare &amp; Workshops &#8211; Wissen, das wirkt<\/b><\/p>\n<p> Exklusiv mit Flo Wey &#8211; praxisnah, inspirierend, nachhaltig: <\/p>\n<p><b>&#8222;What is your Wey becomes the Wey&#8220;<\/b> &#8211; Marcus Aurelius <\/p>\n<p> Hier lernst du, wie Vertrieb, Kommunikation &amp; Resilienz wirklich funktionieren. <\/p>\n<p> &#8211; 15.-16. Aug, D\u00fcsseldorf &#8211; Vertrieb &amp; Verhandlung kann so einfach sein <\/p>\n<p> &#8211; 26.-27. Sep, D\u00fcsseldorf &#8211; Umgang mit Menschen &#8211; Easy mit Rapport &amp; Profiling <\/p>\n<p> &#8211; 31. Okt-1. Nov, Duisburg &#8211; NLP &amp; Kommunikation kann so easy sein <\/p>\n<p> &#8211; 21.-23. Nov, Nettersheim &#8211; Resilienz, Ziele &amp; Priming <\/p>\n<p><b>Fr\u00fchbucher-Liste f\u00fcr neue Termine sichern<\/b><\/p>\n<p><b>VHS-Kurse Resilienztraining &#8211; der richtige Umgang mit Stress<\/b><\/p>\n<p> Auch hier steht Flo pers\u00f6nlich f\u00fcr dich bereit: <\/p>\n<p><b>Termine in Duisburg:<\/b> 12. Sep &#8211; 5. Nov &#8211; 7. Nov <\/p>\n<p> <a target=\"_blank\" class=\"uri-ext outbound\" rel=\"noopener\" href=\"https:\/\/lwconsolid.de\/akademie\/#terminkalender\"><b>Zur Anmeldung<\/b><\/a><\/p>\n<p><b>Lions Charity &#8211; Netzwerken, Feiern &amp; Helfen<\/b><\/p>\n<p> Business trifft Herz: Mit den Lions Concordia unterst\u00fctzen wir soziale Projekte f\u00fcr Kinder und Jugendliche. <\/p>\n<p> Jedes Event macht einen Unterschied. <\/p>\n<p> Lions Concordia bedeutet f\u00fcr uns: Netzwerken mit Herz. <\/p>\n<p> Alle Einnahmen flie\u00dfen in soziale Projekte f\u00fcr Kinder und Jugendliche. <\/p>\n<p><b>Sei dabei, wenn Business und Charity zusammenkommen!<\/b><\/p>\n<p> &#8211; 9. Aug &#8211;  <a target=\"_blank\" class=\"uri-ext outbound\" rel=\"noopener\" href=\"https:\/\/www.google.com\/url?q=https%3A%2F%2Fwww.facebook.com%2F100066309109552%2Fposts%2F1033841345502826%2F%3Frdid%3DgajknyKO4AiviAiL&amp;sa=D&amp;ust=1754735820000000&amp;usg=AOvVaw2yJEUE-s9Cy1VphXUaGEPh\">Charity Golf Cup<\/a> (Duisburg) <\/p>\n<p> &#8211; 20. Sep &#8211; Sommerfest (Duisburg) <\/p>\n<p> &#8211; 8. Nov &#8211; Charity for Kids (Duisburg) <\/p>\n<p> <a target=\"_blank\" class=\"uri-ext outbound\" rel=\"noopener\" href=\"https:\/\/lcc-du.de\/\"><b>Infos zu Lions Concordia<\/b><\/a><\/p>\n<p><b>NEU ab 2025: Exklusive L&amp;W Networking-Events<\/b><\/p>\n<p> Wir starten etwas Neues: Monatliche Networking-Events &#8211; jeden Monat an wechselnden Orten. <\/p>\n<p> Hier treffen sich Unternehmer, HR-Profis, Bewerber und Vision\u00e4re, die bewegen wollen. <\/p>\n<p><b>Themen?<\/b> Inspirierend. <\/p>\n<p><b>Teilnehmer?<\/b> Pers\u00f6nlichkeiten. <\/p>\n<p><b>Nutzen?<\/b> Unbezahlbar. <\/p>\n<p><b>Termine folgen &#8211; trage dich jetzt schon unverbindlich auf die Warteliste ein!<\/b><\/p>\n<p> <a target=\"_blank\" class=\"uri-ext outbound\" rel=\"noopener\" href=\"https:\/\/lwconsolid.de\/\"><b>Jetzt vormerken<\/b><\/a><\/p>\n<p><b>Freebies &#8211; Geschenke, die dich weiterbringen<\/b><\/p>\n<p> Wir lieben es, Wissen &amp; Mehrwert zu teilen. <\/p>\n<p> Deshalb gibt es unsere Freebies &#8211; in vier Kategorien: <\/p>\n<p> <a target=\"_blank\" class=\"uri-ext outbound\" rel=\"noopener\" href=\"https:\/\/lwconsolid.de\/\"><b>L&amp;W<\/b><\/a>&#8211; Bewerbungs-Checklisten &#8211; HR-Insider-Guides &#8211; Zugang zu exklusiven Webinaren <\/p>\n<p> <a target=\"_blank\" class=\"uri-ext outbound\" rel=\"noopener\" href=\"https:\/\/lwconsolid.de\/akademie\/\"><b>Hier sichern<\/b><\/a><\/p>\n<p> <a target=\"_blank\" class=\"uri-ext outbound\" rel=\"noopener\" href=\"https:\/\/lwconsolid.de\/akademie\/\"><b>L&amp;W Akademie<\/b><\/a> &#8211; Lern-Module f\u00fcr pers\u00f6nliche Entwicklung &#8211; Trainings f\u00fcr Leadership &amp; Kommunikation <\/p>\n<p> <a target=\"_blank\" class=\"uri-ext outbound\" rel=\"noopener\" href=\"https:\/\/lwconsolid.de\/akademie\/\"><b>Kostenlos anmelden<\/b><\/a><\/p>\n<p> <a target=\"_blank\" class=\"uri-ext outbound\" rel=\"noopener\" href=\"https:\/\/avivar.de\/\"><b>avivar<\/b><\/a>&#8211; Mindset-Tools f\u00fcr Resilienz &amp; Stressmanagement &#8211; Audio-Sessions f\u00fcr mehr Energie im Alltag <\/p>\n<p> <a target=\"_blank\" class=\"uri-ext outbound\" rel=\"noopener\" href=\"https:\/\/avivar.de\/uber\/\"><b>Jetzt downloaden<\/b><\/a><\/p>\n<p> <a target=\"_blank\" class=\"uri-ext outbound\" rel=\"noopener\" href=\"https:\/\/lwconsolid.de\/florianwey\/\"><b>Florian Wey<\/b><\/a> &#8211; Speaker-Insights &#8211; Erfolgsstrategien direkt vom CEO <\/p>\n<p> <a target=\"_blank\" class=\"uri-ext outbound\" rel=\"noopener\" href=\"https:\/\/lwconsolid.de\/florianwey\/\"><b>Exklusiv hier erhalten<\/b><\/a><\/p>\n<p><b>Warum du 2025\/2026 dabei sein solltest<\/b><\/p>\n<p> &#8211; Weil wir Menschen mit Menschen verbinden <\/p>\n<p> &#8211; Weil du Wissen, Inspiration &amp; echte Kontakte bekommst <\/p>\n<p> &#8211; Weil du gleichzeitig Gutes tust <\/p>\n<p><b>Dein n\u00e4chster Schritt: Sei Teil davon!<\/b><\/p>\n<ul class=\"naxml-ul\">\n<li> Melde dich zu Events an <\/li>\n<li> Hol dir dein Freebie <\/li>\n<li> Netzwerke mit uns &#8211; denn 2025\/2026 schreiben wir gemeinsam Erfolgsgeschichten! <\/li>\n<\/ul>\n<p><b>Warum?<\/b> Weil der Mensch bei uns im Mittelpunkt steht! <\/p>\n<p><b>Verpasse keine Neuigkeiten mehr!<\/b><\/p>\n<p> <a target=\"_blank\" class=\"uri-ext outbound\" rel=\"noopener\" href=\"https:\/\/lwconsolid.de\/group\/\"><b>Hier geht&#8217;s zum Newsletter<\/b><\/a>&#8211; damit du immer als Erster von neuen Events, Freebies und Specials erf\u00e4hrst. <\/p>\n<p class=\"contact-headline\">Pressekontakt:<\/p>\n<p class=\"contact-text\">Oliver Kirch<br \/>Prokurist<br \/>L&amp;W CONSOLIDATION GmbH<br \/>Auf dem Hahn 1<br \/>47228 Duisburg<\/p>\n<p>Telefon: 0203 &#8211; 51889227<br \/>Mobil: 0178 &#8211; 5493848<br \/>E-Mail: <a href=\"https:\/\/www.presseportal.de\/pm\/180029\/mailto: oliver.kirch@lwconsolid.de\" class=\"uri-mailto\" target=\"_blank\" rel=\"noopener\"> oliver.kirch@lwconsolid.de<\/a><br \/>Homepage: <a target=\"_blank\" class=\"uri-ext outbound\" rel=\"noopener\" href=\"https:\/\/www.lwconsolid.de\">www.lwconsolid.de<\/a><\/p>\n<p class=\"originator\">Original-Content von: L&amp;W CONSOLIDATION GmbH, \u00fcbermittelt durch news aktuell<\/p>\n","protected":false},"excerpt":{"rendered":"05.08.2025 \u2013 08:00 L&amp;W CONSOLIDATION GmbH Duisburg (ots) 2025 und 2026 werden gro\u00df. Nicht nur, weil wir als&hellip;\n","protected":false},"author":2,"featured_media":320415,"comment_status":"","ping_status":"","sticky":false,"template":"","format":"standard","meta":{"footnotes":""},"categories":[1838],"tags":[1140,3477,752,3364,29,3715,30,1710,4785,1209,178,180,179,181,18867,3699],"class_list":{"0":"post-320414","1":"post","2":"type-post","3":"status-publish","4":"format-standard","5":"has-post-thumbnail","7":"category-duisburg","8":"tag-arbeit","9":"tag-bild","10":"tag-bildung","11":"tag-de","12":"tag-deutschland","13":"tag-duisburg","14":"tag-germany","15":"tag-karriere","16":"tag-netzwerk","17":"tag-nordrhein-westfalen","18":"tag-presse","19":"tag-pressemeldung","20":"tag-pressemitteilung","21":"tag-pressemitteilungen","22":"tag-terminvorschau","23":"tag-veranstaltung"},"share_on_mastodon":{"url":"https:\/\/pubeurope.com\/@de\/114975060982147701","error":""},"_links":{"self":[{"href":"https:\/\/www.europesays.com\/de\/wp-json\/wp\/v2\/posts\/320414","targetHints":{"allow":["GET"]}}],"collection":[{"href":"https:\/\/www.europesays.com\/de\/wp-json\/wp\/v2\/posts"}],"about":[{"href":"https:\/\/www.europesays.com\/de\/wp-json\/wp\/v2\/types\/post"}],"author":[{"embeddable":true,"href":"https:\/\/www.europesays.com\/de\/wp-json\/wp\/v2\/users\/2"}],"replies":[{"embeddable":true,"href":"https:\/\/www.europesays.com\/de\/wp-json\/wp\/v2\/comments?post=320414"}],"version-history":[{"count":0,"href":"https:\/\/www.europesays.com\/de\/wp-json\/wp\/v2\/posts\/320414\/revisions"}],"wp:featuredmedia":[{"embeddable":true,"href":"https:\/\/www.europesays.com\/de\/wp-json\/wp\/v2\/media\/320415"}],"wp:attachment":[{"href":"https:\/\/www.europesays.com\/de\/wp-json\/wp\/v2\/media?parent=320414"}],"wp:term":[{"taxonomy":"category","embeddable":true,"href":"https:\/\/www.europesays.com\/de\/wp-json\/wp\/v2\/categories?post=320414"},{"taxonomy":"post_tag","embeddable":true,"href":"https:\/\/www.europesays.com\/de\/wp-json\/wp\/v2\/tags?post=320414"}],"curies":[{"name":"wp","href":"https:\/\/api.w.org\/{rel}","templated":true}]}}