{"id":320639,"date":"2025-08-05T09:54:17","date_gmt":"2025-08-05T09:54:17","guid":{"rendered":"https:\/\/www.europesays.com\/de\/320639\/"},"modified":"2025-08-05T09:54:17","modified_gmt":"2025-08-05T09:54:17","slug":"fritzboxen-co-avm-gibt-seinen-namen-auf","status":"publish","type":"post","link":"https:\/\/www.europesays.com\/de\/320639\/","title":{"rendered":"Fritzboxen &#038; Co.: AVM gibt seinen Namen auf"},"content":{"rendered":"<p>    close notice<\/p>\n<p class=\"notice-banner__text a-u-mb-0\">\n      This article is also available in<br \/>\n        <a href=\"https:\/\/www.heise.de\/en\/news\/AVM-gives-up-its-name-10509780.html\" class=\"notice-banner__link a-u-inline-link\" rel=\"nofollow noopener\" target=\"_blank\">English<\/a>.<\/p>\n<p>      It was translated with technical assistance and editorially reviewed before publication.\n    <\/p>\n<p class=\"notice-banner__link a-u-mb-0\">\n    Don\u2019t show this again.\n<\/p>\n<p>Fritzboxen, Fritz-Repeater, Fritz-Telefone und andere Produkte firmieren k\u00fcnftig nicht mehr unter dem Firmennamen AVM. Der Hersteller benennt sich 39 Jahre nach der Gr\u00fcndung von AVM GmbH in die FRITZ! GmbH um. Mit dem Wechsel will die Firma ihre Fritz-Marke in den Vordergrund stellen. Alle Produktmarken wie Fritzbox bleiben erhalten.<\/p>\n<p>In einer <a href=\"https:\/\/fritz.com\/unternehmen\/presse\/presseinformationen\/2025\/08\/fokus-auf-fritz-produkte-und-unternehmen-unter-einer-starken-marke-vereint\/\" rel=\"external noopener nofollow\" target=\"_blank\">Mitteilung betont jetzt Fritz<\/a>: &#8222;Die Namens\u00e4nderung betrifft ausschlie\u00dflich die Firmenbezeichnung \u2013 f\u00fcr Partner und Kunden \u00e4ndert sich nichts.&#8220; Schon seit M\u00e4rz leitet die fr\u00fcher genutzte Domain avm.de zu <a href=\"https:\/\/fritz.com\/\" rel=\"external noopener nofollow\" target=\"_blank\">fritz.com<\/a> um. Ebenso \u00e4nderte sich das Logo zu einem &#8222;F!&#8220; beziehungsweise &#8222;FRITZ!&#8220; in der bislang typischen Schriftart auf allen AVM-Produkten.<\/p>\n<p>Die Namens\u00e4nderung kommt unter einem neuen Inhaber. Der luxemburgische <a href=\"https:\/\/www.heise.de\/news\/Einer-der-weltweit-groessten-Investoren-uebernimmt-AVM-9796123.html\" rel=\"nofollow noopener\" target=\"_blank\">Investor Imker Capital Partners hat im Sommer 2024 AVM \u00fcbernommen<\/a>. Bis dahin war der deutsche Netzwerkspezialist noch ein Familienunternehmen.<\/p>\n<p>Internationalisierung<\/p>\n<p>Fritzbox-Router und Fritz-Repeater sind bislang prim\u00e4r im deutschsprachigen Raum verbreitet. Ein Versuch, die Marke international bekannter zu machen, \u00fcberrascht nicht. Eine .com-Internetpr\u00e4senz ist da der erste logische Schritt.<\/p>\n<p>Im Handel d\u00fcrfte der Wandel schleichend stattfinden. Die meisten Shops f\u00fchren die Produkte noch unter dem Firmennamen AVM. Produktverpackungen d\u00fcrften mindestens \u00fcber die n\u00e4chsten Monate mit beiden Firmennamen auftauchen.<\/p>\n<p>(<a class=\"redakteurskuerzel__link\" href=\"https:\/\/www.heise.de\/news\/mailto:mma@heise.de\" title=\"Mark Mantel\" rel=\"nofollow noopener\" target=\"_blank\">mma<\/a>)<\/p>\n<p>\n      Dieser Link ist leider nicht mehr g\u00fcltig.\n    <\/p>\n<p>Links zu verschenkten Artikeln werden ung\u00fcltig,<br \/>\n      wenn diese \u00e4lter als 7\u00a0Tage sind oder zu oft aufgerufen wurden.\n    <\/p>\n<p><strong>Sie ben\u00f6tigen ein heise+ Paket, um diesen Artikel zu lesen. Jetzt eine Woche unverbindlich testen \u2013 ohne Verpflichtung!<\/strong><\/p>\n","protected":false},"excerpt":{"rendered":"close notice This article is also available in English. It was translated with technical assistance and editorially reviewed&hellip;\n","protected":false},"author":2,"featured_media":320640,"comment_status":"","ping_status":"","sticky":false,"template":"","format":"standard","meta":{"footnotes":""},"categories":[134],"tags":[34245,175,170,169,29,6435,34247,30,171,174,24737,173,172,55],"class_list":{"0":"post-320639","1":"post","2":"type-post","3":"status-publish","4":"format-standard","5":"has-post-thumbnail","7":"category-unternehmen-maerkte","8":"tag-avm","9":"tag-business","10":"tag-companies","11":"tag-companies-markets","12":"tag-deutschland","13":"tag-fritz","14":"tag-fritzbox","15":"tag-germany","16":"tag-markets","17":"tag-maerkte","18":"tag-router","19":"tag-unternehmen","20":"tag-unternehmen-maerkte","21":"tag-wirtschaft"},"share_on_mastodon":{"url":"https:\/\/pubeurope.com\/@de\/114975556619685477","error":""},"_links":{"self":[{"href":"https:\/\/www.europesays.com\/de\/wp-json\/wp\/v2\/posts\/320639","targetHints":{"allow":["GET"]}}],"collection":[{"href":"https:\/\/www.europesays.com\/de\/wp-json\/wp\/v2\/posts"}],"about":[{"href":"https:\/\/www.europesays.com\/de\/wp-json\/wp\/v2\/types\/post"}],"author":[{"embeddable":true,"href":"https:\/\/www.europesays.com\/de\/wp-json\/wp\/v2\/users\/2"}],"replies":[{"embeddable":true,"href":"https:\/\/www.europesays.com\/de\/wp-json\/wp\/v2\/comments?post=320639"}],"version-history":[{"count":0,"href":"https:\/\/www.europesays.com\/de\/wp-json\/wp\/v2\/posts\/320639\/revisions"}],"wp:featuredmedia":[{"embeddable":true,"href":"https:\/\/www.europesays.com\/de\/wp-json\/wp\/v2\/media\/320640"}],"wp:attachment":[{"href":"https:\/\/www.europesays.com\/de\/wp-json\/wp\/v2\/media?parent=320639"}],"wp:term":[{"taxonomy":"category","embeddable":true,"href":"https:\/\/www.europesays.com\/de\/wp-json\/wp\/v2\/categories?post=320639"},{"taxonomy":"post_tag","embeddable":true,"href":"https:\/\/www.europesays.com\/de\/wp-json\/wp\/v2\/tags?post=320639"}],"curies":[{"name":"wp","href":"https:\/\/api.w.org\/{rel}","templated":true}]}}