{"id":320872,"date":"2025-08-05T12:03:10","date_gmt":"2025-08-05T12:03:10","guid":{"rendered":"https:\/\/www.europesays.com\/de\/320872\/"},"modified":"2025-08-05T12:03:10","modified_gmt":"2025-08-05T12:03:10","slug":"dortmunder-begang-suizid-mutter-trauert","status":"publish","type":"post","link":"https:\/\/www.europesays.com\/de\/320872\/","title":{"rendered":"Dortmunder begang Suizid: Mutter trauert"},"content":{"rendered":"<p>\t\tAnke Schenks Sohn brachte sich um<br \/>\n\t\t\t\t\t\u201eEs war ein tiefer Schmerz, den man noch nie zuvor hatte\u201c<\/p>\n<p>\t\t\t\t<a class=\"article-author__name\" href=\"https:\/\/www.ruhrnachrichten.de\/author\/paula-weber\/\" rel=\"author noopener\" target=\"_blank\">Paula Weber<\/a><br \/>\n\t\tFreie Mitabeiterin<\/p>\n<p>    <a href=\"https:\/\/www.ruhrnachrichten.de\/wp-content\/uploads\/2024\/09\/17\/12\/630_0900_4103119_image00001-1648x824.jpg\" target=\"_blank\" rel=\"noopener\"><\/p>\n<p>            <img decoding=\"async\" fetchpriority=\"high\" src=\"https:\/\/www.europesays.com\/de\/wp-content\/uploads\/2025\/08\/630_0900_4103118_image00001-640x428.jpg\" width=\"640\" height=\"428\"  alt=\"Anke Schenk hat sich nach dem Suizid ihres Sohnes Maximilian ganz alleine gef\u00fchlt. Jetzt wei\u00df sie, dass sie mit ihren Gef\u00fchlen nicht alleine ist.\"\/><\/p>\n<p>    <\/a><br \/>\n    Anke Schenk hat sich nach dem Suizid ihres Sohnes Maximilian ganz alleine gef\u00fchlt. Jetzt wei\u00df sie, dass sie mit ihren Gef\u00fchlen nicht alleine ist. \u00a9 Paula Weber<\/p>\n<p class=\"article__teaser-text\">10.000 Menschen nehmen sich j\u00e4hrlich in Deutschland das Leben. Einer von ihnen ist Maximilian. Seine Mutter Anke Schenk spricht \u00fcber ihre Trauer.<\/p>\n<p>5 Min Lesezeit<\/p>\n<p>Psychologe mit Depressionen\u201eIch war wie gel\u00e4hmt\u201cNotizbuch ihres SohnesZeichen von Maximilian<\/p>\n","protected":false},"excerpt":{"rendered":"Anke Schenks Sohn brachte sich um \u201eEs war ein tiefer Schmerz, den man noch nie zuvor hatte\u201c Paula&hellip;\n","protected":false},"author":2,"featured_media":320873,"comment_status":"","ping_status":"","sticky":false,"template":"","format":"standard","meta":{"footnotes":""},"categories":[1833],"tags":[3364,29,217,7754,30,1209,91403],"class_list":{"0":"post-320872","1":"post","2":"type-post","3":"status-publish","4":"format-standard","5":"has-post-thumbnail","7":"category-dortmund","8":"tag-de","9":"tag-deutschland","10":"tag-dortmund","11":"tag-familie-kinder","12":"tag-germany","13":"tag-nordrhein-westfalen","14":"tag-trauerbewaeltigung"},"share_on_mastodon":{"url":"https:\/\/pubeurope.com\/@de\/114976063880152700","error":""},"_links":{"self":[{"href":"https:\/\/www.europesays.com\/de\/wp-json\/wp\/v2\/posts\/320872","targetHints":{"allow":["GET"]}}],"collection":[{"href":"https:\/\/www.europesays.com\/de\/wp-json\/wp\/v2\/posts"}],"about":[{"href":"https:\/\/www.europesays.com\/de\/wp-json\/wp\/v2\/types\/post"}],"author":[{"embeddable":true,"href":"https:\/\/www.europesays.com\/de\/wp-json\/wp\/v2\/users\/2"}],"replies":[{"embeddable":true,"href":"https:\/\/www.europesays.com\/de\/wp-json\/wp\/v2\/comments?post=320872"}],"version-history":[{"count":0,"href":"https:\/\/www.europesays.com\/de\/wp-json\/wp\/v2\/posts\/320872\/revisions"}],"wp:featuredmedia":[{"embeddable":true,"href":"https:\/\/www.europesays.com\/de\/wp-json\/wp\/v2\/media\/320873"}],"wp:attachment":[{"href":"https:\/\/www.europesays.com\/de\/wp-json\/wp\/v2\/media?parent=320872"}],"wp:term":[{"taxonomy":"category","embeddable":true,"href":"https:\/\/www.europesays.com\/de\/wp-json\/wp\/v2\/categories?post=320872"},{"taxonomy":"post_tag","embeddable":true,"href":"https:\/\/www.europesays.com\/de\/wp-json\/wp\/v2\/tags?post=320872"}],"curies":[{"name":"wp","href":"https:\/\/api.w.org\/{rel}","templated":true}]}}