{"id":320961,"date":"2025-08-05T12:49:12","date_gmt":"2025-08-05T12:49:12","guid":{"rendered":"https:\/\/www.europesays.com\/de\/320961\/"},"modified":"2025-08-05T12:49:12","modified_gmt":"2025-08-05T12:49:12","slug":"19-jaehriger-fluechtet-in-karlsruhe-vor-polizei-nach-tempoverstoss-alkohol-im-spiel","status":"publish","type":"post","link":"https:\/\/www.europesays.com\/de\/320961\/","title":{"rendered":"19-J\u00e4hriger fl\u00fcchtet in Karlsruhe vor Polizei nach Tempoversto\u00df \u2013 Alkohol im Spiel"},"content":{"rendered":"<p class=\"intro\">\n  Mit \u00fcber 100 km\/h durch Karlsruhe: Ein 19-J\u00e4hriger flieht nachts vor der Polizei. Die Beamten finden ihn sp\u00e4ter zu Hause \u2013 mit 0,6 Promille Alkohol im Atem.\n<\/p>\n<p>    <img fetchpriority=\"high\" decoding=\"async\" class=\"\" alt=\"Der Mann starb laut Polizei noch am Unfallort. (Symbolbild)\" src=\"https:\/\/bnn.de\/img\/15584599\/v2YwUNzq8zvztJbZ4tQkqQ\/urn-newsml-dpacom-20090101-250804-935-751685?size=1920&amp;format=jpeg&amp;variant=LANDSCAPE_16x9\" width=\"1920\" height=\"1080\" loading=\"eager\" data-upscaled=\"\"\/><\/p>\n<p>                Die Polizei verfolgte in Karlsruhe einen 19-j\u00e4hrigen Raser. (Symbolbild)<\/p>\n<p>            Foto: Daniel Vogl\/dpa<\/p>\n<p>            vor 1 Stunde<\/p>\n<p>        1 Minute<\/p>\n<p>            vor 1 Stunde<\/p>\n<p>Ein 19-j\u00e4hriger Autofahrer hat in der Nacht auf Dienstag in der S\u00fcdweststadt Karlsruhe eine station\u00e4re Geschwindigkeitskontrolle mit massiv \u00fcberh\u00f6hter Geschwindigkeit passiert und sich anschlie\u00dfend einer Polizeikontrolle entzogen. Das teilte das Polizeipr\u00e4sidium Karlsruhe mit.<\/p>\n<p>Nach bisherigen Erkenntnissen fuhr der junge Mann gegen 2.15 Uhr mit quietschenden Reifen, aufheulendem Motor und deutlich zu schnell aus dem Kreuzungsbereich Ettlinger Allee\/Ettlinger Stra\u00dfe auf die Schwarzwaldstra\u00dfe. Eine sofort durchgef\u00fchrte Lasermessung ergab \u00fcber 100 km\/h bei erlaubten 30 km\/h. Als die Streifenbesatzung ihn stoppen wollte, beschleunigte der Fahrer weiter und fl\u00fcchtete. Die folgende Verfolgungsfahrt blieb ohne Erfolg.<\/p>\n<p>Polizei stellt Fahrer noch in der Nacht<\/p>\n<p>Dank des abgelesenen Kennzeichens ermittelte die Polizei kurze Zeit sp\u00e4ter den Halter des wei\u00dfen Pkw. Die Beamten trafen den 19-j\u00e4hrigen mutma\u00dflichen Fahrer an seiner Wohnanschrift an und stellten bei ihm Alkoholgeruch fest. Ein Atemalkoholtest ergab etwa 0,6 Promille.<\/p>\n<p>Die Polizei stellte den Autoschl\u00fcssel sicher, das Fahrzeug selbst blieb bislang unauffindbar. Den jungen Mann erwarten nun Verfahren unter anderem wegen massiver Geschwindigkeits\u00fcberschreitung und Fahrens unter Alkoholeinfluss. Die Verkehrspolizei Karlsruhe hat die weiteren Ermittlungen \u00fcbernommen.<\/p>\n<p>          <a href=\"https:\/\/bnn.link\/55g\" target=\"_blank\" class=\"link-acquire\" rel=\"nofollow noopener\">Rechte am Artikel erwerben<\/a><\/p>\n<p>    <a class=\"button--full button--home button button--primary\" href=\"https:\/\/bnn.de\/\" _keys=\"class href\" rel=\"nofollow noopener\" target=\"_blank\">Zur \u00dcbersicht<\/a><\/p>\n","protected":false},"excerpt":{"rendered":"Mit \u00fcber 100 km\/h durch Karlsruhe: Ein 19-J\u00e4hriger flieht nachts vor der Polizei. Die Beamten finden ihn sp\u00e4ter&hellip;\n","protected":false},"author":2,"featured_media":320962,"comment_status":"","ping_status":"","sticky":false,"template":"","format":"standard","meta":{"footnotes":""},"categories":[1844],"tags":[1634,3364,29,30,8903],"class_list":{"0":"post-320961","1":"post","2":"type-post","3":"status-publish","4":"format-standard","5":"has-post-thumbnail","7":"category-karlsruhe","8":"tag-baden-wuerttemberg","9":"tag-de","10":"tag-deutschland","11":"tag-germany","12":"tag-karlsruhe"},"share_on_mastodon":{"url":"https:\/\/pubeurope.com\/@de\/114976244747176773","error":""},"_links":{"self":[{"href":"https:\/\/www.europesays.com\/de\/wp-json\/wp\/v2\/posts\/320961","targetHints":{"allow":["GET"]}}],"collection":[{"href":"https:\/\/www.europesays.com\/de\/wp-json\/wp\/v2\/posts"}],"about":[{"href":"https:\/\/www.europesays.com\/de\/wp-json\/wp\/v2\/types\/post"}],"author":[{"embeddable":true,"href":"https:\/\/www.europesays.com\/de\/wp-json\/wp\/v2\/users\/2"}],"replies":[{"embeddable":true,"href":"https:\/\/www.europesays.com\/de\/wp-json\/wp\/v2\/comments?post=320961"}],"version-history":[{"count":0,"href":"https:\/\/www.europesays.com\/de\/wp-json\/wp\/v2\/posts\/320961\/revisions"}],"wp:featuredmedia":[{"embeddable":true,"href":"https:\/\/www.europesays.com\/de\/wp-json\/wp\/v2\/media\/320962"}],"wp:attachment":[{"href":"https:\/\/www.europesays.com\/de\/wp-json\/wp\/v2\/media?parent=320961"}],"wp:term":[{"taxonomy":"category","embeddable":true,"href":"https:\/\/www.europesays.com\/de\/wp-json\/wp\/v2\/categories?post=320961"},{"taxonomy":"post_tag","embeddable":true,"href":"https:\/\/www.europesays.com\/de\/wp-json\/wp\/v2\/tags?post=320961"}],"curies":[{"name":"wp","href":"https:\/\/api.w.org\/{rel}","templated":true}]}}