{"id":321169,"date":"2025-08-05T14:40:11","date_gmt":"2025-08-05T14:40:11","guid":{"rendered":"https:\/\/www.europesays.com\/de\/321169\/"},"modified":"2025-08-05T14:40:11","modified_gmt":"2025-08-05T14:40:11","slug":"reisefuehrer-mal-anders-erleben-sie-einen-schlimmen-tag","status":"publish","type":"post","link":"https:\/\/www.europesays.com\/de\/321169\/","title":{"rendered":"Reisef\u00fchrer mal anders \u2013 erleben Sie einen schlimmen Tag"},"content":{"rendered":"<p class=\"text-18 leading-17\">Bevor es weiter durch Bremen geht, ist es Zeit f\u00fcr eine Toilettenpause. Die McDonald&#8217;s-Filiale an der Domsheide liegt auf dem Weg. Dort finden Sie laut Google-Bewertungen Toiletten, die eine &#8222;absolute Katastrophe&#8220; sind.<\/p>\n<p class=\"text-18 leading-17\">Erleichtert geht es weiter in die Obernstra\u00dfe, quasi das Shopping-Herz von Bremen. Der Kaufrausch l\u00e4sst allerdings auf sich warten, denn vor Ort erblicken Sie lediglich eine lange Stra\u00dfe des Leerstands und die deprimierende Fassade des <a class=\"transition-colors duration-200 cursor-pointer text-inherit no-underline text-salemsfur md:hover:text-magenta md:hover:border-magenta md:focus:text-magenta border-current border-b border-solid break-words\" href=\"https:\/\/www.t-online.de\/region\/bremen\/id_100182108\/galeria-karstadt-kaufhof-bremen-ist-gerettet-doch-die-freude-ist-verhalten.html\" data-sctrack=\"BodyAnchor\" rel=\"nofollow noopener\" target=\"_blank\">Galeria-Karstadt-Geb\u00e4udes mit Insolvenz-Vergangenheit.<\/a><\/p>\n<p class=\"text-18 leading-17\">Puh, erst mal frische Luft schnappen. Bevor Sie sich auf den Weg zur\u00fcck zum Hauptbahnhof (Hilfe!) machen, wollen sie noch Bremens Szeneviertel erkunden, welches einfach das &#8222;Viertel&#8220; genannt wird. Vor Ort haben Sie das Gef\u00fchl, als h\u00e4tte man Sie in einem Wimmelbild ausgesetzt. Es ist voll. Es ist laut. Inmitten von Autoposern, Pyrotechnik, Polizeisirenen, <a class=\"transition-colors duration-200 cursor-pointer text-inherit no-underline text-salemsfur md:hover:text-magenta md:hover:border-magenta md:focus:text-magenta border-current border-b border-solid break-words\" href=\"https:\/\/www.t-online.de\/region\/bremen\/id_100487442\/stern-tv-bremen-als-brennpunkt-geschaeftsleute-aus-dem-viertel-zu-gast.html\" data-sctrack=\"BodyAnchor\" rel=\"nofollow noopener\" target=\"_blank\">fl\u00fcchtenden Drogendealern<\/a>, besoffenen Studenten und angebissenem D\u00f6ner-Ersatzprodukt Rollo auf der Stra\u00dfe wissen Sie nicht mehr so genau, ob Sie f\u00fcr diese &#8222;Szene&#8220; noch gemacht sind.<\/p>\n<p class=\"text-18 leading-17\">Es geht also nach Hause. Sie \u00e4rgern sich nun doch, kein Foto mit den Stadtmusikanten gemacht zu haben, also kaufen Sie einen \u00fcberteuerten K\u00fchlschrank-Magneten mit den Tierchen in einem Souvenirshop. Eine Erinnerung an diesen &#8222;traumhaften&#8220; Tag muss sein.<\/p>\n<p class=\"text-18 leading-17\">Am Hauptbahnhof stellen Sie fest, dass Ihr Zug Versp\u00e4tung hat und Sie l\u00e4nger als geplant um Ihr Leben f\u00fcrchten m\u00fcssen. Da bietet es sich an, die Zeit mit einem Bierchen in der Bahnhofskneipe totzuschlagen. Dort lernen Sie Manni kennen, der 24\/7 am Tresen sitzt und schon alles gesehen hat. Na ja. Nach Ihrem Bierchen macht sich pl\u00f6tzlich die Kneipentaufe bemerkbar. Oha. Gleich blo\u00df nicht im Zug einschlafen, denken Sie. Nicht, dass Sie noch in <a class=\"transition-colors duration-200 cursor-pointer text-inherit no-underline text-salemsfur md:hover:text-magenta md:hover:border-magenta md:focus:text-magenta border-current border-b border-solid break-words\" href=\"https:\/\/www.t-online.de\/region\/hannover\/\" data-sctrack=\"BodyAnchor\" rel=\"nofollow noopener\" target=\"_blank\">Hannover<\/a> aufwachen.<\/p>\n","protected":false},"excerpt":{"rendered":"Bevor es weiter durch Bremen geht, ist es Zeit f\u00fcr eine Toilettenpause. Die McDonald&#8217;s-Filiale an der Domsheide liegt&hellip;\n","protected":false},"author":2,"featured_media":321170,"comment_status":"","ping_status":"","sticky":false,"template":"","format":"standard","meta":{"footnotes":""},"categories":[1824],"tags":[2420,3364,29,30,13550,26579,10279,56049,91469],"class_list":{"0":"post-321169","1":"post","2":"type-post","3":"status-publish","4":"format-standard","5":"has-post-thumbnail","7":"category-bremen","8":"tag-bremen","9":"tag-de","10":"tag-deutschland","11":"tag-germany","12":"tag-reisetipp","13":"tag-reiseziel","14":"tag-sehenswuerdigkeit","15":"tag-touristenattraktion","16":"tag-touristenziel"},"share_on_mastodon":{"url":"https:\/\/pubeurope.com\/@de\/114976681225257000","error":""},"_links":{"self":[{"href":"https:\/\/www.europesays.com\/de\/wp-json\/wp\/v2\/posts\/321169","targetHints":{"allow":["GET"]}}],"collection":[{"href":"https:\/\/www.europesays.com\/de\/wp-json\/wp\/v2\/posts"}],"about":[{"href":"https:\/\/www.europesays.com\/de\/wp-json\/wp\/v2\/types\/post"}],"author":[{"embeddable":true,"href":"https:\/\/www.europesays.com\/de\/wp-json\/wp\/v2\/users\/2"}],"replies":[{"embeddable":true,"href":"https:\/\/www.europesays.com\/de\/wp-json\/wp\/v2\/comments?post=321169"}],"version-history":[{"count":0,"href":"https:\/\/www.europesays.com\/de\/wp-json\/wp\/v2\/posts\/321169\/revisions"}],"wp:featuredmedia":[{"embeddable":true,"href":"https:\/\/www.europesays.com\/de\/wp-json\/wp\/v2\/media\/321170"}],"wp:attachment":[{"href":"https:\/\/www.europesays.com\/de\/wp-json\/wp\/v2\/media?parent=321169"}],"wp:term":[{"taxonomy":"category","embeddable":true,"href":"https:\/\/www.europesays.com\/de\/wp-json\/wp\/v2\/categories?post=321169"},{"taxonomy":"post_tag","embeddable":true,"href":"https:\/\/www.europesays.com\/de\/wp-json\/wp\/v2\/tags?post=321169"}],"curies":[{"name":"wp","href":"https:\/\/api.w.org\/{rel}","templated":true}]}}