{"id":321201,"date":"2025-08-05T14:57:17","date_gmt":"2025-08-05T14:57:17","guid":{"rendered":"https:\/\/www.europesays.com\/de\/321201\/"},"modified":"2025-08-05T14:57:17","modified_gmt":"2025-08-05T14:57:17","slug":"fw-hh-feuerwehr-verhindert-vollbrand-im-dachgeschoss","status":"publish","type":"post","link":"https:\/\/www.europesays.com\/de\/321201\/","title":{"rendered":"FW-HH: Feuerwehr verhindert Vollbrand im Dachgeschoss"},"content":{"rendered":"<p class=\"date\">05.08.2025 \u2013 16:26<\/p>\n<p class=\"customer\">\n                        <a class=\"story-customer\" title=\"weiter zum newsroom von Feuerwehr Hamburg\" href=\"https:\/\/www.presseportal.de\/blaulicht\/nr\/82522\" target=\"_blank\" rel=\"noopener\">Feuerwehr Hamburg<\/a>\n                    <\/p>\n<p><a data-category=\"citylink-story-view\" data-action=\"click\" data-label=\"Citylink in Meldungsansicht\" class=\"story-city event-trigger\" href=\"https:\/\/www.presseportal.de\/regional\/Hamburg\" title=\"News aus Hamburg \" target=\"_blank\" rel=\"noopener\">Hamburg<\/a> (ots)<\/p>\n<p>Hamburg-Alsterdorf, Alsterdorfer Stra\u00dfe, Feuer mit zwei L\u00f6schz\u00fcgen, 05.08.2025, 13:11 Uhr<\/p>\n<p>Die Feuerwehr Hamburg wurde am Dienstagnachmittag zu einer Feuermeldung in die Alsterdorfer Stra\u00dfe alarmiert. Die zuerst eintreffenden Einsatzkr\u00e4fte der Feuer- und Rettungswache Alsterdorf stellten eine massive Rauchentwicklung sowie Flammen aus einem Fenster im Dachgeschoss eines viergeschossigen Wohngeb\u00e4udes fest. Daraufhin wurde die Alarmstufe auf ein Feuer mit zwei L\u00f6schz\u00fcgen erh\u00f6ht und weitere Einsatzkr\u00e4fte zur Einsatzstelle entsandt.<br \/>\nDas Feuer in einer Wohnung im Dachgeschoss konnte durch ein L\u00f6schrohr \u00fcber den Treppenraum sowie zwei L\u00f6schrohre \u00fcber Drehleitern schnell gel\u00f6scht und eine Ausbreitung auf das gesamte Dachgeschoss verhindert werden.<\/p>\n<p>F\u00fcr die umfangreichen Nachl\u00f6scharbeiten im Dachbereich wurde das Teleskopmastfahrzeug 70 der Technik- und Umweltschutzwache sowie die Spezialeinsatzgruppe-H\u00f6henrettung der Feuer- und Rettungswache Barmbek hinzugezogen, kamen letztlich aber nicht zum Einsatz. Die letzten Glutnester im Bereich des Daches konnten durch entfernen von  Dachziegeln \u00fcber Drehleitern abgel\u00f6scht werden.<\/p>\n<p>Durch den Brand wurden keine Personen verletzt. Zwei Anwohner:innen wurden aufgrund medizinischer Beschwerden vor Ort durch Kr\u00e4fte des Rettungsdienstes betreut, verblieben aber an der Einsatzstelle. Das direkt angrenzende Gel\u00e4nde der evangelischen Stiftung Alsterdorf war durch den Brand nicht betroffen.<\/p>\n<p>Die Feuerwehr Hamburg war mit rund 60 Einsatzkr\u00e4ften von Berufs- und Freiwillige Feuerwehr rund drei Stunden im Einsatz f\u00fcr Hamburg.<\/p>\n<p class=\"contact-headline\">R\u00fcckfragen bitte an:<\/p>\n<p class=\"contact-text\">Feuerwehr Hamburg<br \/>Pressedienst<br \/>Johannes Blust <br \/>Telefon: 040\/42851 51 51<br \/>E-Mail: <a href=\"https:\/\/www.presseportal.de\/blaulicht\/pm\/82522\/mailto: presse@feuerwehr.hamburg.de\" class=\"uri-mailto\" target=\"_blank\" rel=\"noopener\"> presse@feuerwehr.hamburg.de<\/a><br \/><a target=\"_blank\" class=\"uri-ext outbound\" rel=\"noopener\" href=\"http:\/\/www.feuerwehr.hamburg.de\">http:\/\/www.feuerwehr.hamburg.de<\/a><\/p>\n<p class=\"originator\">Original-Content von: Feuerwehr Hamburg, \u00fcbermittelt durch news aktuell<\/p>\n","protected":false},"excerpt":{"rendered":"05.08.2025 \u2013 16:26 Feuerwehr Hamburg Hamburg (ots) Hamburg-Alsterdorf, Alsterdorfer Stra\u00dfe, Feuer mit zwei L\u00f6schz\u00fcgen, 05.08.2025, 13:11 Uhr Die&hellip;\n","protected":false},"author":2,"featured_media":320445,"comment_status":"","ping_status":"","sticky":false,"template":"","format":"standard","meta":{"footnotes":""},"categories":[1826],"tags":[2919,29,5393,985,30,692,691,3908,178,180,179,181],"class_list":{"0":"post-321201","1":"post","2":"type-post","3":"status-publish","4":"format-standard","5":"has-post-thumbnail","7":"category-hamburg","8":"tag-brand","9":"tag-deutschland","10":"tag-ehrenamt","11":"tag-feuerwehr","12":"tag-germany","13":"tag-hamburg","14":"tag-hh","15":"tag-notfallrettung","16":"tag-presse","17":"tag-pressemeldung","18":"tag-pressemitteilung","19":"tag-pressemitteilungen"},"share_on_mastodon":{"url":"https:\/\/pubeurope.com\/@de\/114976747904520161","error":""},"_links":{"self":[{"href":"https:\/\/www.europesays.com\/de\/wp-json\/wp\/v2\/posts\/321201","targetHints":{"allow":["GET"]}}],"collection":[{"href":"https:\/\/www.europesays.com\/de\/wp-json\/wp\/v2\/posts"}],"about":[{"href":"https:\/\/www.europesays.com\/de\/wp-json\/wp\/v2\/types\/post"}],"author":[{"embeddable":true,"href":"https:\/\/www.europesays.com\/de\/wp-json\/wp\/v2\/users\/2"}],"replies":[{"embeddable":true,"href":"https:\/\/www.europesays.com\/de\/wp-json\/wp\/v2\/comments?post=321201"}],"version-history":[{"count":0,"href":"https:\/\/www.europesays.com\/de\/wp-json\/wp\/v2\/posts\/321201\/revisions"}],"wp:featuredmedia":[{"embeddable":true,"href":"https:\/\/www.europesays.com\/de\/wp-json\/wp\/v2\/media\/320445"}],"wp:attachment":[{"href":"https:\/\/www.europesays.com\/de\/wp-json\/wp\/v2\/media?parent=321201"}],"wp:term":[{"taxonomy":"category","embeddable":true,"href":"https:\/\/www.europesays.com\/de\/wp-json\/wp\/v2\/categories?post=321201"},{"taxonomy":"post_tag","embeddable":true,"href":"https:\/\/www.europesays.com\/de\/wp-json\/wp\/v2\/tags?post=321201"}],"curies":[{"name":"wp","href":"https:\/\/api.w.org\/{rel}","templated":true}]}}