{"id":321202,"date":"2025-08-05T14:58:11","date_gmt":"2025-08-05T14:58:11","guid":{"rendered":"https:\/\/www.europesays.com\/de\/321202\/"},"modified":"2025-08-05T14:58:11","modified_gmt":"2025-08-05T14:58:11","slug":"hamburg-feuer-in-alsterdorfer-strasse-schnell-geloescht-regional","status":"publish","type":"post","link":"https:\/\/www.europesays.com\/de\/321202\/","title":{"rendered":"Hamburg: Feuer in Alsterdorfer Stra\u00dfe schnell gel\u00f6scht | Regional"},"content":{"rendered":"<p>Hamburg \u2013 <b>Ein Feuer hat am 05.08.2025 in der Alsterdorfer Stra\u00dfe f\u00fcr Aufregung gesorgt.<\/b><\/p>\n<p>Die Feuerwehr Hamburg r\u00fcckte um 13.11 Uhr mit zwei L\u00f6schz\u00fcgen aus, nachdem aus einem Dachgeschossfenster eines vierst\u00f6ckigen Wohnhauses Flammen und dichter Rauch drangen.<\/p>\n<p>Auch interessant<\/p>\n<p>Anzeige<\/p>\n<p>Auch interessant<\/p>\n<p>Anzeige<\/p>\n<p>Dank des schnellen Einsatzes der Feuerwehr konnte das Feuer in der Dachgeschosswohnung mit einem L\u00f6schrohr \u00fcber den Treppenraum und zwei weiteren \u00fcber Drehleitern z\u00fcgig unter Kontrolle gebracht werden. Eine Ausbreitung auf das gesamte Dachgeschoss wurde verhindert.<\/p>\n<p>F\u00fcr die Nachl\u00f6scharbeiten im Dachbereich wurde das Teleskopmastfahrzeug 70 sowie die H\u00f6henrettungseinheit der Feuer- und Rettungswache Barmbek angefordert, letztlich jedoch nicht eingesetzt. Die letzten Glutnester wurden durch das Entfernen von Dachziegeln gel\u00f6scht.<\/p>\n<p>Gl\u00fccklicherweise gab es keine Verletzten. Zwei Anwohner wurden vor Ort medizinisch betreut, konnten jedoch an der Einsatzstelle verbleiben. Das angrenzende Gel\u00e4nde der evangelischen Stiftung Alsterdorf blieb unbeschadet.<\/p>\n<p>Insgesamt waren etwa 60 Einsatzkr\u00e4fte der Berufs- und Freiwilligen Feuerwehr f\u00fcr rund drei Stunden im Einsatz.<\/p>\n<p>Dieser Text basiert auf einer offiziellen Beh\u00f6rden-Information und wurde mit Hilfe von KI erstellt.<\/p>\n","protected":false},"excerpt":{"rendered":"Hamburg \u2013 Ein Feuer hat am 05.08.2025 in der Alsterdorfer Stra\u00dfe f\u00fcr Aufregung gesorgt. Die Feuerwehr Hamburg r\u00fcckte&hellip;\n","protected":false},"author":2,"featured_media":321203,"comment_status":"","ping_status":"","sticky":false,"template":"","format":"standard","meta":{"footnotes":""},"categories":[1826],"tags":[29,985,30,692,2509,45],"class_list":{"0":"post-321202","1":"post","2":"type-post","3":"status-publish","4":"format-standard","5":"has-post-thumbnail","7":"category-hamburg","8":"tag-deutschland","9":"tag-feuerwehr","10":"tag-germany","11":"tag-hamburg","12":"tag-ki-ots","13":"tag-texttospeech"},"share_on_mastodon":{"url":"https:\/\/pubeurope.com\/@de\/114976751860307636","error":""},"_links":{"self":[{"href":"https:\/\/www.europesays.com\/de\/wp-json\/wp\/v2\/posts\/321202","targetHints":{"allow":["GET"]}}],"collection":[{"href":"https:\/\/www.europesays.com\/de\/wp-json\/wp\/v2\/posts"}],"about":[{"href":"https:\/\/www.europesays.com\/de\/wp-json\/wp\/v2\/types\/post"}],"author":[{"embeddable":true,"href":"https:\/\/www.europesays.com\/de\/wp-json\/wp\/v2\/users\/2"}],"replies":[{"embeddable":true,"href":"https:\/\/www.europesays.com\/de\/wp-json\/wp\/v2\/comments?post=321202"}],"version-history":[{"count":0,"href":"https:\/\/www.europesays.com\/de\/wp-json\/wp\/v2\/posts\/321202\/revisions"}],"wp:featuredmedia":[{"embeddable":true,"href":"https:\/\/www.europesays.com\/de\/wp-json\/wp\/v2\/media\/321203"}],"wp:attachment":[{"href":"https:\/\/www.europesays.com\/de\/wp-json\/wp\/v2\/media?parent=321202"}],"wp:term":[{"taxonomy":"category","embeddable":true,"href":"https:\/\/www.europesays.com\/de\/wp-json\/wp\/v2\/categories?post=321202"},{"taxonomy":"post_tag","embeddable":true,"href":"https:\/\/www.europesays.com\/de\/wp-json\/wp\/v2\/tags?post=321202"}],"curies":[{"name":"wp","href":"https:\/\/api.w.org\/{rel}","templated":true}]}}