{"id":321204,"date":"2025-08-05T14:59:10","date_gmt":"2025-08-05T14:59:10","guid":{"rendered":"https:\/\/www.europesays.com\/de\/321204\/"},"modified":"2025-08-05T14:59:10","modified_gmt":"2025-08-05T14:59:10","slug":"berlin-brandenburg-linke-setzt-sich-fuer-aufnahme-von-kindern-aus-gaza-ein","status":"publish","type":"post","link":"https:\/\/www.europesays.com\/de\/321204\/","title":{"rendered":"Berlin &#038; Brandenburg: Linke setzt sich f\u00fcr Aufnahme von Kindern aus Gaza ein"},"content":{"rendered":"<p>                    Berlin &amp; Brandenburg<br \/>\n                Linke setzt sich f\u00fcr Aufnahme von Kindern aus Gaza ein<\/p>\n<p>\t\t\t\t              05.08.2025, 16:46 Uhr<\/p>\n<p><strong>Hannover, D\u00fcsseldorf und Bonn wollen Kinder aus dem Gazastreifen aufnehmen &#8211; und Brandenburg? Die Linke dringt darauf, dass sich mehr St\u00e4dte beteiligen.<\/strong><\/p>\n<p>Potsdam (dpa\/bb) &#8211; Auch brandenburgische St\u00e4dte sollen aus Sicht der Partei Die Linke Kinder aus dem Gazastreifen und Israel aufnehmen. Der Linken-Landesvorsitzende Sebastian Walter k\u00fcndigte Antr\u00e4ge daf\u00fcr in Kommunalparlamenten an.\u00a0<\/p>\n<p>Zuvor wurde bekannt, dass Hannover, D\u00fcsseldorf und Bonn hilfsbed\u00fcrftige Kinder aus Gaza und Israel aufnehmen wollen. &#8222;Ich bin \u00fcberzeugt, dass es auch in Brandenburg Kommunen gibt, die helfen wollen und bereit sind, besonders hilfsbed\u00fcrftige und traumatisierte Kinder aus der Region aufzunehmen&#8220;, sagte Walter laut einer Mitteilung.<\/p>\n<p>Bundesregierung und Potsdam reagieren zur\u00fcckhaltend<\/p>\n<p>Das Bundesinnenministerium hat zur\u00fcckhaltend auf die Ank\u00fcndigung der St\u00e4dte Hannover und D\u00fcsseldorf reagiert, Kinder aus dem Gazastreifen und Israel aufnehmen zu wollen.\u00a0<\/p>\n<p>Aus der brandenburgischen Landeshauptstadt Potsdam hie\u00df es am Nachmittag auf Anfrage, eine Initiative Potsdams dazu sei nicht bekannt. Der Kandidat der Linken f\u00fcr die Potsdamer Oberb\u00fcrgermeisterwahl im September, Dirk Harder, forderte aber, Potsdam solle sich dem Vorsto\u00df anderer St\u00e4dte z\u00fcgig anschlie\u00dfen. Die Stadt habe in der Vergangenheit bereits gezeigt, dass es ein &#8222;sicherer Hafen&#8220; f\u00fcr Menschen in Not sein k\u00f6nne.\u00a0<\/p>\n<p>Potsdam geh\u00f6rt zum bundesweiten B\u00fcndnis &#8222;St\u00e4dte Sicherer H\u00e4fen&#8220;. Die angeschlossenen Kommunen erkl\u00e4ren sich bereit, aus Seenot gerettete Migranten aufzunehmen.<\/p>\n","protected":false},"excerpt":{"rendered":"Berlin &amp; Brandenburg Linke setzt sich f\u00fcr Aufnahme von Kindern aus Gaza ein 05.08.2025, 16:46 Uhr Hannover, D\u00fcsseldorf&hellip;\n","protected":false},"author":2,"featured_media":321205,"comment_status":"","ping_status":"","sticky":false,"template":"","format":"standard","meta":{"footnotes":""},"categories":[1816],"tags":[1960,1958,1959,1957,4357,296,1956,1890,29,739,30,24552,2180],"class_list":{"0":"post-321204","1":"post","2":"type-post","3":"status-publish","4":"format-standard","5":"has-post-thumbnail","7":"category-brandenburg","8":"tag-aktuelle-nachrichten-aus-berlin-und-brandenburg","9":"tag-aktuelle-nachrichten-aus-brandenburg","10":"tag-aktuelle-news-aus-berlin-und-brandenburg","11":"tag-aktuelle-news-aus-brandenburg","12":"tag-aufnahme","13":"tag-berlin","14":"tag-berlin-und-brandenburg","15":"tag-brandenburg","16":"tag-deutschland","17":"tag-gaza","18":"tag-germany","19":"tag-kindern","20":"tag-linke"},"share_on_mastodon":{"url":"https:\/\/pubeurope.com\/@de\/114976755827145272","error":""},"_links":{"self":[{"href":"https:\/\/www.europesays.com\/de\/wp-json\/wp\/v2\/posts\/321204","targetHints":{"allow":["GET"]}}],"collection":[{"href":"https:\/\/www.europesays.com\/de\/wp-json\/wp\/v2\/posts"}],"about":[{"href":"https:\/\/www.europesays.com\/de\/wp-json\/wp\/v2\/types\/post"}],"author":[{"embeddable":true,"href":"https:\/\/www.europesays.com\/de\/wp-json\/wp\/v2\/users\/2"}],"replies":[{"embeddable":true,"href":"https:\/\/www.europesays.com\/de\/wp-json\/wp\/v2\/comments?post=321204"}],"version-history":[{"count":0,"href":"https:\/\/www.europesays.com\/de\/wp-json\/wp\/v2\/posts\/321204\/revisions"}],"wp:featuredmedia":[{"embeddable":true,"href":"https:\/\/www.europesays.com\/de\/wp-json\/wp\/v2\/media\/321205"}],"wp:attachment":[{"href":"https:\/\/www.europesays.com\/de\/wp-json\/wp\/v2\/media?parent=321204"}],"wp:term":[{"taxonomy":"category","embeddable":true,"href":"https:\/\/www.europesays.com\/de\/wp-json\/wp\/v2\/categories?post=321204"},{"taxonomy":"post_tag","embeddable":true,"href":"https:\/\/www.europesays.com\/de\/wp-json\/wp\/v2\/tags?post=321204"}],"curies":[{"name":"wp","href":"https:\/\/api.w.org\/{rel}","templated":true}]}}